{"id":4667,"date":"2025-12-07T03:34:48","date_gmt":"2025-12-07T03:34:48","guid":{"rendered":"https:\/\/deportodos.com.ar\/2023\/?p=4667"},"modified":"2025-12-07T03:34:49","modified_gmt":"2025-12-07T03:34:49","slug":"sofia-quintana-y-juan-carlos-luqui-se-quedaron-con-la-tradicional-carrera-de-fin-de-ano-en-la-paz","status":"publish","type":"post","link":"https:\/\/deportodos.com.ar\/2023\/sofia-quintana-y-juan-carlos-luqui-se-quedaron-con-la-tradicional-carrera-de-fin-de-ano-en-la-paz\/","title":{"rendered":"SOFIA QUINTANA Y JUAN CARLOS LUQUI SE QUEDARON CON LA TRADICIONAL CARRERA DE FIN DE A\u00d1O EN LA PAZ"},"content":{"rendered":"\n<p>La ciudad de La Paz volvi\u00f3 a vibrar este viernes 5 de diciembre con la tradicional carrera pedestre de fin de a\u00f1o, una competencia de 7 kil\u00f3metros que como es costumbre parte desde el arco de ingreso a la ciudad y concluye en el coraz\u00f3n de la Plaza 25 de Mayo.<\/p>\n\n\n\n<p>Desde temprano comenzaron a llegar atletas de distintos puntos de la regi\u00f3n, en una prueba que cada a\u00f1o suma m\u00e1s participantes, especialmente triatletas que ya afinan su preparaci\u00f3n para el hist\u00f3rico Triatl\u00f3n Internacional de La Paz, uno de los m\u00e1s importantes del pa\u00eds.<\/p>\n\n\n\n<p>La organizaci\u00f3n estuvo a cargo de la familia Quintana, colaboradores y el apoyo del municipio local. Incluso el intendente Walter Mart\u00edn particip\u00f3 corriendo los 7 km, acompa\u00f1ando una verdadera fiesta deportiva que reuni\u00f3 a gran cantidad de p\u00fablico en la plaza principal, un punto emblem\u00e1tico de la ciudad rodeado por la Parroquia Nuestra Se\u00f1ora de La Paz, la Jefatura de Polic\u00eda y el Palacio Municipal.<\/p>\n\n\n\n<p>La carrera cont\u00f3 con una inscripcion super econ\u00f3mica de 10 mil pesos, con premiacion en efectivo para los 5 primeros en la general, mas trofeos y trofeos para las categor\u00eda y medallas finisher y con una participaci\u00f3n de mas de 200 corredores y cada a\u00f1o crece mas esta carrera.<\/p>\n\n\n\n<p>Los triunfos<\/p>\n\n\n\n<p>En la clasificaci\u00f3n general masculina, el primero en cruzar la meta fue el triatleta santafesino Juan Carlos Luqui, quien repiti\u00f3 su victoria del a\u00f1o pasado, imponiendo una s\u00f3lida diferencia sobre el segundo, el triatleta radicado en Buenos Aires.<\/p>\n\n\n\n<p>El tercer puesto qued\u00f3 en manos del local Julio Pimentel, seguido por el campe\u00f3n del reciente Campeonato Pedestre pace\u00f1o, Sebasti\u00e1n M\u00fcller, y completando el top 5 Esteban Godoy, tambi\u00e9n de La Paz.<\/p>\n\n\n\n<p>En damas, el triunfo fue para la joven promesa entrerriana Sof\u00eda Quintana, de apenas 15 a\u00f1os, representante del Team Deportes Villa Adela. Con gran personalidad, logr\u00f3 superar a la ganadora de las \u00faltimas tres ediciones, Greta Victoria Rodr\u00edguez, quien hab\u00eda liderado los primeros kil\u00f3metros.<\/p>\n\n\n\n<p>El tercer puesto qued\u00f3 en manos del local Julio Pimentel, seguido por el campe\u00f3n del reciente Campeonato Pedestre pace\u00f1o, Sebasti\u00e1n M\u00fcller, y completando el top 5 Esteban Godoy, tambi\u00e9n de La Paz.<\/p>\n\n\n\n<p>En damas, el triunfo fue para la joven promesa entrerriana Sof\u00eda Quintana, de apenas 15 a\u00f1os, representante del Team Deportes Villa Adela. Con gran personalidad, logr\u00f3 superar a la ganadora de las \u00faltimas tres ediciones, Greta Victoria Rodr\u00edguez, quien hab\u00eda liderado los primeros kil\u00f3metros<\/p>\n\n\n\n<blockquote class=\"wp-block-quote is-layout-flow wp-block-quote-is-layout-flow\">\n<p>www.deportesvillaadela.blogspot.com<\/p>\n<\/blockquote>\n","protected":false},"excerpt":{"rendered":"<p>La ciudad de La Paz volvi\u00f3 a vibrar este viernes 5 de diciembre con la&#8230;<\/p>\n","protected":false},"author":2,"featured_media":4668,"comment_status":"open","ping_status":"open","sticky":false,"template":"","format":"standard","meta":{"footnotes":""},"categories":[5],"tags":[],"class_list":["post-4667","post","type-post","status-publish","format-standard","has-post-thumbnail","hentry","category-atletismo"],"featured_image_urls":{"full":["https:\/\/deportodos.com.ar\/2023\/wp-content\/uploads\/2025\/12\/DSC_4855-Copy.jpg",400,265,false],"thumbnail":["https:\/\/deportodos.com.ar\/2023\/wp-content\/uploads\/2025\/12\/DSC_4855-Copy-150x150.jpg",150,150,true],"medium":["https:\/\/deportodos.com.ar\/2023\/wp-content\/uploads\/2025\/12\/DSC_4855-Copy-300x199.jpg",300,199,true],"medium_large":["https:\/\/deportodos.com.ar\/2023\/wp-content\/uploads\/2025\/12\/DSC_4855-Copy.jpg",400,265,false],"large":["https:\/\/deportodos.com.ar\/2023\/wp-content\/uploads\/2025\/12\/DSC_4855-Copy.jpg",400,265,false],"1536x1536":["https:\/\/deportodos.com.ar\/2023\/wp-content\/uploads\/2025\/12\/DSC_4855-Copy.jpg",400,265,false],"2048x2048":["https:\/\/deportodos.com.ar\/2023\/wp-content\/uploads\/2025\/12\/DSC_4855-Copy.jpg",400,265,false],"covernews-featured":["https:\/\/deportodos.com.ar\/2023\/wp-content\/uploads\/2025\/12\/DSC_4855-Copy.jpg",400,265,false],"covernews-medium":["https:\/\/deportodos.com.ar\/2023\/wp-content\/uploads\/2025\/12\/DSC_4855-Copy.jpg",400,265,false]},"author_info":{"display_name":"c2530142","author_link":"https:\/\/deportodos.com.ar\/2023\/author\/c2530142\/"},"category_info":"<a href=\"https:\/\/deportodos.com.ar\/2023\/category\/atletismo\/\" rel=\"category tag\">Atletismo<\/a>","tag_info":"Atletismo","comment_count":"0","_links":{"self":[{"href":"https:\/\/deportodos.com.ar\/2023\/wp-json\/wp\/v2\/posts\/4667","targetHints":{"allow":["GET"]}}],"collection":[{"href":"https:\/\/deportodos.com.ar\/2023\/wp-json\/wp\/v2\/posts"}],"about":[{"href":"https:\/\/deportodos.com.ar\/2023\/wp-json\/wp\/v2\/types\/post"}],"author":[{"embeddable":true,"href":"https:\/\/deportodos.com.ar\/2023\/wp-json\/wp\/v2\/users\/2"}],"replies":[{"embeddable":true,"href":"https:\/\/deportodos.com.ar\/2023\/wp-json\/wp\/v2\/comments?post=4667"}],"version-history":[{"count":1,"href":"https:\/\/deportodos.com.ar\/2023\/wp-json\/wp\/v2\/posts\/4667\/revisions"}],"predecessor-version":[{"id":4669,"href":"https:\/\/deportodos.com.ar\/2023\/wp-json\/wp\/v2\/posts\/4667\/revisions\/4669"}],"wp:featuredmedia":[{"embeddable":true,"href":"https:\/\/deportodos.com.ar\/2023\/wp-json\/wp\/v2\/media\/4668"}],"wp:attachment":[{"href":"https:\/\/deportodos.com.ar\/2023\/wp-json\/wp\/v2\/media?parent=4667"}],"wp:term":[{"taxonomy":"category","embeddable":true,"href":"https:\/\/deportodos.com.ar\/2023\/wp-json\/wp\/v2\/categories?post=4667"},{"taxonomy":"post_tag","embeddable":true,"href":"https:\/\/deportodos.com.ar\/2023\/wp-json\/wp\/v2\/tags?post=4667"}],"curies":[{"name":"wp","href":"https:\/\/api.w.org\/{rel}","templated":true}]}}