{"id":4674,"date":"2025-12-08T23:32:57","date_gmt":"2025-12-08T23:32:57","guid":{"rendered":"https:\/\/deportodos.com.ar\/2023\/?p=4674"},"modified":"2025-12-08T23:32:59","modified_gmt":"2025-12-08T23:32:59","slug":"se-corrio-una-nueva-edicion-del-desafio-tatuti-uniendo-san-jaime-de-la-frontera-y-chajari","status":"publish","type":"post","link":"https:\/\/deportodos.com.ar\/2023\/se-corrio-una-nueva-edicion-del-desafio-tatuti-uniendo-san-jaime-de-la-frontera-y-chajari\/","title":{"rendered":"SE CORRI\u00d3 UNA NUEVA EDICI\u00d3N DEL DESAFIO TATUTI UNIENDO SAN JAIME DE LA FRONTERA Y CHAJAR\u00cd"},"content":{"rendered":"\n<p>Este domingo 7 de diciembre se realiz\u00f3 una nueva edici\u00f3n del Desaf\u00edo Tatut\u00ed, la tradicional prueba de ciclismo que desde 2017 une las localidades de San Jaime de la Frontera y Chajar\u00ed, convocando a\u00f1o tras a\u00f1o a ciclistas de toda la regi\u00f3n de Entre R\u00edos y del sur de Corrientes con la participaci\u00f3n de unos 11o competidores .<\/p>\n\n\n\n<p>Dos distancias y un circuito exigente<\/p>\n\n\n\n<p>La competencia volvi\u00f3 a presentar dos modalidades: 60 km largada desde el Polideportivo de San Jaime, programada para las 7:30 pero finalmente iniciada a las 8:00.<\/p>\n\n\n\n<p>30 km: largada puntual a las 7:30 desde el Puesto Policial Tatut\u00ed.<\/p>\n\n\n\n<p>Ambas distancias finalizaron en el acceso a Ruta N\u00ba 1 y Autov\u00eda 14, en la ciudad de Chajar\u00ed.<\/p>\n\n\n\n<p>El recorrido se desarroll\u00f3 sobre caminos de ripio con sectores de mucha arena, lo que demand\u00f3 un gran esfuerzo f\u00edsico de los bikers. A esto se sum\u00f3 una temperatura elevada durante el horario de llegada, convirtiendo la traves\u00eda en un verdadero desaf\u00edo.<\/p>\n\n\n\n<p>El circuito atraves\u00f3 caminos vecinales y se adentr\u00f3 en el Monte Nativo de las Cuchillas de Montiel, ofreciendo un marco natural caracter\u00edstico de la zona.<\/p>\n\n\n\n<p>Los participantes contaron con puestos de hidrataci\u00f3n y frutas, servicio de ambulancia, control policial permanente, y veh\u00edculos de la organizaci\u00f3n que acompa\u00f1aron el trayecto.<\/p>\n\n\n\n<p>Llegada y agasajo final<\/p>\n\n\n\n<p>Tras cruzar la meta en Ruta N\u00ba 1 y Autov\u00eda 14, los ciclistas recibieron su medalla finisher, hidrataci\u00f3n y frutas.<\/p>\n\n\n\n<p>Posteriormente, se trasladaron al Complejo Termal \u201cDaniel Tisocco\u201d de Chajar\u00ed, donde se realiz\u00f3 la premiaci\u00f3n y el tradicional tercer tiempo, cerrando una jornada deportiva a pura camarader\u00eda.<\/p>\n\n\n\n<p>Ganadores de la jornada<\/p>\n\n\n\n<p>En la distancia mayor, los 60 km, el ganador de la general fue el goyano Alfredo Ojeda, mientras que entre las mujeres se impuso Mercedes Combis , de Federaci\u00f3n.<\/p>\n\n\n\n<p>En los 30 km, las victorias generales fueron para Wanda Julieta de los Santos Feliciano en damas y Julio C\u00e9sar Osuna Chajar\u00ed en caballeros.<\/p>\n\n\n\n<p>Adem\u00e1s, El team Deportes Villa Adela acompa\u00f1\u00f3 a los bikers que lo representaron que compitieron, destac\u00e1ndose:<br>Rom\u00e1n Rodr\u00edguez, 2\u00b0 en la categor\u00eda 29\u201334 a\u00f1os en los 60 km.<\/p>\n\n\n\n<p>Andres Ragone , 3\u00b0 en la categor\u00eda 29\u201334 a\u00f1os en los 60 km.<\/p>\n\n\n\n<p>Nazareno Correa &#8211; 5\u00b0 en categor\u00eda de 4 a 44 ,a\u00f1os en los 60 km.<\/p>\n\n\n\n<p>Alejandro Mi\u00f1o , 7\u00b0 en categor\u00eda de 4 a 44 ,a\u00f1os en los 60 km.<\/p>\n\n\n\n<p>Greta Victoria Rodr\u00edguez, debutante y ganadora de la categor\u00eda 19\u201329 a\u00f1os en los 30 km.<\/p>\n\n\n\n<p>Resultados Generales<\/p>\n\n\n\n<p>Distancia 60 km \u2013<\/p>\n\n\n\n<p>Caballeros<\/p>\n\n\n\n<ol class=\"wp-block-list\">\n<li>Alfredo Ojeda \u2013 Goya \u2013 2:08:03<\/li>\n\n\n\n<li>Oscar Zambon \u2013 Chajar\u00ed \u2013 2:08:51<\/li>\n\n\n\n<li>Luis Horacio Gago \u2013 Paso de los Libres \u2013 2:09:54<\/li>\n\n\n\n<li>Jonatan Maydana \u2013 Concordia \u2013 2:09:55<\/li>\n\n\n\n<li>V\u00edctor Quintana \u2013 Paso de los Libres \u2013 2:09:56<\/li>\n<\/ol>\n\n\n\n<p>Distancia 60 km \u2013<\/p>\n\n\n\n<p>Damas<\/p>\n\n\n\n<ol class=\"wp-block-list\">\n<li>Mercedes Evelyn Combis \u2013 Federaci\u00f3n \u2013 2:32:29<\/li>\n\n\n\n<li>Claudia Ben\u00edtez \u2013 General Campos \u2013 2:38:07<\/li>\n\n\n\n<li>Johana Anabella Reynoso \u2013 General Campos \u2013 2:38:09<\/li>\n\n\n\n<li>Carmen Beatriz Mi\u00f1o \u2013 San Jaime de la Frontera \u2013 2:58:01<\/li>\n\n\n\n<li>Nancy Rigoni \u2013 Federaci\u00f3n \u2013 2:58:45<\/li>\n<\/ol>\n\n\n\n<p>Distancia 30 km \u2013<\/p>\n\n\n\n<p>Damas<\/p>\n\n\n\n<ol class=\"wp-block-list\">\n<li>Wanda Julieta de los Santos \u2013 Feliciano \u2013 1:00:36<\/li>\n\n\n\n<li>Alejandra Paola Canaglia \u2013 Chajar\u00ed \u2013 1:01:06<\/li>\n\n\n\n<li>Roxana Mi\u00f1o \u2013 Concordia \u2013 1:07:26<\/li>\n\n\n\n<li>Andrea Valeria Brarda \u2013 Chajar\u00ed \u2013 1:07:29<\/li>\n\n\n\n<li>Noelia Itat\u00ed Riquelme \u2013 Mocoret\u00e1 \u2013 1:09:10 Distancia 30 km \u2013<\/li>\n<\/ol>\n\n\n\n<p>Caballeros<\/p>\n\n\n\n<ol class=\"wp-block-list\">\n<li>Julio C\u00e9sar Ozuna \u2013 Chajar\u00ed \u2013 0:51:40<\/li>\n\n\n\n<li>Milton de los Santos \u2013 San Jos\u00e9 de Feliciano \u2013 0:51:41<\/li>\n\n\n\n<li>Julio C\u00e9sar Schattenhofer \u2013 Chajar\u00ed \u2013 0:53:41<\/li>\n\n\n\n<li>Agust\u00edn Sosa \u2013 Chajar\u00ed \u2013 0:54:39<\/li>\n\n\n\n<li>Francisco Godoy \u2013 Monte Caseros \u2013 0:54:41<\/li>\n<\/ol>\n","protected":false},"excerpt":{"rendered":"<p>Este domingo 7 de diciembre se realiz\u00f3 una nueva edici\u00f3n del Desaf\u00edo Tatut\u00ed, la tradicional&#8230;<\/p>\n","protected":false},"author":2,"featured_media":4675,"comment_status":"open","ping_status":"open","sticky":false,"template":"","format":"standard","meta":{"footnotes":""},"categories":[37],"tags":[],"class_list":["post-4674","post","type-post","status-publish","format-standard","has-post-thumbnail","hentry","category-mountain-bike"],"featured_image_urls":{"full":["https:\/\/deportodos.com.ar\/2023\/wp-content\/uploads\/2025\/12\/DSC_5060-Copy-Copy.jpg",400,265,false],"thumbnail":["https:\/\/deportodos.com.ar\/2023\/wp-content\/uploads\/2025\/12\/DSC_5060-Copy-Copy-150x150.jpg",150,150,true],"medium":["https:\/\/deportodos.com.ar\/2023\/wp-content\/uploads\/2025\/12\/DSC_5060-Copy-Copy-300x199.jpg",300,199,true],"medium_large":["https:\/\/deportodos.com.ar\/2023\/wp-content\/uploads\/2025\/12\/DSC_5060-Copy-Copy.jpg",400,265,false],"large":["https:\/\/deportodos.com.ar\/2023\/wp-content\/uploads\/2025\/12\/DSC_5060-Copy-Copy.jpg",400,265,false],"1536x1536":["https:\/\/deportodos.com.ar\/2023\/wp-content\/uploads\/2025\/12\/DSC_5060-Copy-Copy.jpg",400,265,false],"2048x2048":["https:\/\/deportodos.com.ar\/2023\/wp-content\/uploads\/2025\/12\/DSC_5060-Copy-Copy.jpg",400,265,false],"covernews-featured":["https:\/\/deportodos.com.ar\/2023\/wp-content\/uploads\/2025\/12\/DSC_5060-Copy-Copy.jpg",400,265,false],"covernews-medium":["https:\/\/deportodos.com.ar\/2023\/wp-content\/uploads\/2025\/12\/DSC_5060-Copy-Copy.jpg",400,265,false]},"author_info":{"display_name":"c2530142","author_link":"https:\/\/deportodos.com.ar\/2023\/author\/c2530142\/"},"category_info":"<a href=\"https:\/\/deportodos.com.ar\/2023\/category\/mountain-bike\/\" rel=\"category tag\">Mountain Bike<\/a>","tag_info":"Mountain Bike","comment_count":"0","_links":{"self":[{"href":"https:\/\/deportodos.com.ar\/2023\/wp-json\/wp\/v2\/posts\/4674","targetHints":{"allow":["GET"]}}],"collection":[{"href":"https:\/\/deportodos.com.ar\/2023\/wp-json\/wp\/v2\/posts"}],"about":[{"href":"https:\/\/deportodos.com.ar\/2023\/wp-json\/wp\/v2\/types\/post"}],"author":[{"embeddable":true,"href":"https:\/\/deportodos.com.ar\/2023\/wp-json\/wp\/v2\/users\/2"}],"replies":[{"embeddable":true,"href":"https:\/\/deportodos.com.ar\/2023\/wp-json\/wp\/v2\/comments?post=4674"}],"version-history":[{"count":1,"href":"https:\/\/deportodos.com.ar\/2023\/wp-json\/wp\/v2\/posts\/4674\/revisions"}],"predecessor-version":[{"id":4676,"href":"https:\/\/deportodos.com.ar\/2023\/wp-json\/wp\/v2\/posts\/4674\/revisions\/4676"}],"wp:featuredmedia":[{"embeddable":true,"href":"https:\/\/deportodos.com.ar\/2023\/wp-json\/wp\/v2\/media\/4675"}],"wp:attachment":[{"href":"https:\/\/deportodos.com.ar\/2023\/wp-json\/wp\/v2\/media?parent=4674"}],"wp:term":[{"taxonomy":"category","embeddable":true,"href":"https:\/\/deportodos.com.ar\/2023\/wp-json\/wp\/v2\/categories?post=4674"},{"taxonomy":"post_tag","embeddable":true,"href":"https:\/\/deportodos.com.ar\/2023\/wp-json\/wp\/v2\/tags?post=4674"}],"curies":[{"name":"wp","href":"https:\/\/api.w.org\/{rel}","templated":true}]}}