{"id":4682,"date":"2025-12-11T16:14:59","date_gmt":"2025-12-11T16:14:59","guid":{"rendered":"https:\/\/deportodos.com.ar\/2023\/?p=4682"},"modified":"2025-12-11T16:15:00","modified_gmt":"2025-12-11T16:15:00","slug":"la-primera-de-la-copa","status":"publish","type":"post","link":"https:\/\/deportodos.com.ar\/2023\/la-primera-de-la-copa\/","title":{"rendered":"LA PRIMERA DE LA COPA"},"content":{"rendered":"\n<p>Este fin de semana, se pondr\u00e1 en marcha la Copa Entre R\u00edos de f\u00fatbol masculino, el certamen de clubes m\u00e1s importante de la provincia.<\/p>\n\n\n\n<p>Con el desarrollo de diecinueve encuentros, treinta y ocho equipos pondr\u00e1n en marcha la ilusi\u00f3n de campeonar, con la novedad de que, durante esta temporada, tambi\u00e9n estar\u00e1 en juego la Copa Federaci\u00f3n.<\/p>\n\n\n\n<p>La actividad oficial tendr\u00e1 su primer cap\u00edtulo durante la jornada del viernes, cuando en Villa del Rosario haga su debut el campe\u00f3n vigente, Independiente, recibiendo a Am\u00e9rica de Federaci\u00f3n.<\/p>\n\n\n\n<p>El s\u00e1bado habr\u00e1 lugar para el desarrollo de otros cinco choques y el domingo se disputar\u00e1 el grueso de la fecha, cuando se lleven a cabo nueve duelos.<\/p>\n\n\n\n<p>El lunes ser\u00e1 el turno de uno m\u00e1s, en tanto que el mi\u00e9rcoles de la semana entrante culminar\u00e1 la programaci\u00f3n, con tres duelos.<\/p>\n\n\n\n<p>El duelo entre Malvinas de Federal y Urquiza de Santa Elena ha quedado pendiente de programaci\u00f3n, por lo que el mismo deber\u00e1 disputarse antes de la cuarta jornada de la fase regular.<\/p>\n\n\n\n<p>La programaci\u00f3n completa para este fin de semana es la siguiente:<\/p>\n\n\n\n<p>Zona 1:<\/p>\n\n\n\n<p><strong>Pe\u00f1arol (Paran\u00e1) \u2013 Uni\u00f3n (Crespo)<\/strong><\/p>\n\n\n\n<p>Domingo 14\/12 \u2013 18 hs. Cancha de Pe\u00f1arol<\/p>\n\n\n\n<p><strong>Arsenal (Viale) \u2013 Don Bosco (Paran\u00e1)<\/strong><\/p>\n\n\n\n<p>S\u00e1bado 13\/12 \u2013 18.30 hs. Cancha de Arsenal<\/p>\n\n\n\n<p>Zona 2:<\/p>\n\n\n\n<p><strong>Newell\u2019s (Victoria) \u2013 Pe\u00f1arol (Basavilbaso)<\/strong><\/p>\n\n\n\n<p>Mi\u00e9rcoles 17\/12 \u2013 20 hs. Cancha a confirmar<\/p>\n\n\n\n<p><strong>Sarmiento (Crespo) \u2013 Juventud y Ferrocarril Unidos (Carb\u00f3)<\/strong><\/p>\n\n\n\n<p>Domingo 14\/12 \u2013 19 hs. Cancha de Sarmiento<\/p>\n\n\n\n<p>Zona 3:<\/p>\n\n\n\n<p><strong>Cultural (Crespo) \u2013 Defensores del Oeste (Basavilbaso)<\/strong><\/p>\n\n\n\n<p>Domingo 14\/12 \u2013 19.30 hs. Cancha de Cultural<\/p>\n\n\n\n<p><strong>El Porvenir (Santa Anita) \u2013 La Academia (General Galarza)<\/strong><\/p>\n\n\n\n<p>S\u00e1bado 13\/12 \u2013 20 hs. Cancha de El Porvenir<\/p>\n\n\n\n<p>Zona 4:<\/p>\n\n\n\n<p><strong>Camba Cu\u00e1 (Santa Elena) \u2013 Caball\u00fa (La Paz)<\/strong><\/p>\n\n\n\n<p>Domingo 14\/12 \u2013 17.30 hs. Cancha de Camba Cu\u00e1<\/p>\n\n\n\n<p>Zona 5:<\/p>\n\n\n\n<p><strong>Deportivo Urdinarrain \u2013 Atl\u00e9tico Colonia El\u00eda<\/strong><\/p>\n\n\n\n<p>Domingo 14\/12 \u2013 20.30 hs. Cancha de Deportivo Urdinarrian<\/p>\n\n\n\n<p><strong>Engranaje (CdU) \u2013 Deportivo San Marcial<\/strong><\/p>\n\n\n\n<p>Domingo 14\/12 \u2013 17.30 hs. Cancha de Engranaje<\/p>\n\n\n\n<p>Zona 6:<\/p>\n\n\n\n<p><strong>Parque Sur (CdU) \u2013 Deportivo Ubajay<\/strong><\/p>\n\n\n\n<p>S\u00e1bado 13\/12 \u2013 19.30 hs. Cancha de Parque Sur<\/p>\n\n\n\n<p><strong>Mar\u00eda Auxiliadora (CdU) \u2013 Juventud Urdinarrain<\/strong><\/p>\n\n\n\n<p>Domingo 14\/12 \u2013 18.30 hs. Cancha de Mar\u00eda Auxiliadora<\/p>\n\n\n\n<p>Zona 7:<\/p>\n\n\n\n<p><strong>Almagro (CdU) \u2013 Libertad (Concordia)<\/strong><\/p>\n\n\n\n<p>S\u00e1bado 13\/12 \u2013 19 hs. Cancha de Mar\u00eda Auxiliadora<\/p>\n\n\n\n<p><strong>San Jos\u00e9 \u2013 Rivadavia (CdU)<\/strong><\/p>\n\n\n\n<p>Domingo 14\/12 \u2013 19 hs. Cancha de San Jos\u00e9<\/p>\n\n\n\n<p>Zona 8:<\/p>\n\n\n\n<p><strong>Atl\u00e9tico Liebig \u2013 Defensores de N\u00e9bel (Concordia)<\/strong><\/p>\n\n\n\n<p>Domingo 14\/12 \u2013 18 hs. Cancha de Atl\u00e9tico Liebig<\/p>\n\n\n\n<p><strong>Lan\u00fas (CdU) \u2013 Juventud Unida (Gualeguaych\u00fa)<\/strong><\/p>\n\n\n\n<p>Martes 16\/12 \u2013 21 hs. Cancha de Gimnasia<\/p>\n\n\n\n<p>Zona 9:<\/p>\n\n\n\n<p><strong>La Florida (Chajar\u00ed) \u2013 La Bianca (Concordia)<\/strong><\/p>\n\n\n\n<p>Mi\u00e9rcoles 17\/12 \u2013 21 hs. Cancha de La Florida<\/p>\n\n\n\n<p><strong>Cosmos (Federaci\u00f3n) \u2013 Colegiales (Concordia)<\/strong><\/p>\n\n\n\n<p>S\u00e1bado 13\/12 \u2013 18 hs. Cancha de Cosmos<\/p>\n\n\n\n<p>Zona 10:<\/p>\n\n\n\n<p><strong>1ro. de Mayo (Chajar\u00ed) \u2013 Uni\u00f3n (Concordia)<\/strong><\/p>\n\n\n\n<p>Lunes 15\/12 \u2013 20.45 hs. Cancha de 1ro. de Mayo<\/p>\n\n\n\n<p><strong>Independiente (VdR) \u2013 Am\u00e9rica (Federaci\u00f3n)<\/strong><\/p>\n\n\n\n<p>Viernes 12\/12 \u2013 21 hs. Cancha de Independiente<\/p>\n\n\n\n<blockquote class=\"wp-block-quote is-layout-flow wp-block-quote-is-layout-flow\">\n<p>www.federacionentrerrianadefutbol.org.ar<\/p>\n<\/blockquote>\n","protected":false},"excerpt":{"rendered":"<p>Este fin de semana, se pondr\u00e1 en marcha la Copa Entre R\u00edos de f\u00fatbol masculino,&#8230;<\/p>\n","protected":false},"author":2,"featured_media":4683,"comment_status":"open","ping_status":"open","sticky":false,"template":"","format":"standard","meta":{"footnotes":""},"categories":[36],"tags":[],"class_list":["post-4682","post","type-post","status-publish","format-standard","has-post-thumbnail","hentry","category-futbol"],"featured_image_urls":{"full":["https:\/\/deportodos.com.ar\/2023\/wp-content\/uploads\/2025\/12\/FEF-17.png",600,380,false],"thumbnail":["https:\/\/deportodos.com.ar\/2023\/wp-content\/uploads\/2025\/12\/FEF-17-150x150.png",150,150,true],"medium":["https:\/\/deportodos.com.ar\/2023\/wp-content\/uploads\/2025\/12\/FEF-17-300x190.png",300,190,true],"medium_large":["https:\/\/deportodos.com.ar\/2023\/wp-content\/uploads\/2025\/12\/FEF-17.png",600,380,false],"large":["https:\/\/deportodos.com.ar\/2023\/wp-content\/uploads\/2025\/12\/FEF-17.png",600,380,false],"1536x1536":["https:\/\/deportodos.com.ar\/2023\/wp-content\/uploads\/2025\/12\/FEF-17.png",600,380,false],"2048x2048":["https:\/\/deportodos.com.ar\/2023\/wp-content\/uploads\/2025\/12\/FEF-17.png",600,380,false],"covernews-featured":["https:\/\/deportodos.com.ar\/2023\/wp-content\/uploads\/2025\/12\/FEF-17.png",600,380,false],"covernews-medium":["https:\/\/deportodos.com.ar\/2023\/wp-content\/uploads\/2025\/12\/FEF-17-540x340.png",540,340,true]},"author_info":{"display_name":"c2530142","author_link":"https:\/\/deportodos.com.ar\/2023\/author\/c2530142\/"},"category_info":"<a href=\"https:\/\/deportodos.com.ar\/2023\/category\/futbol\/\" rel=\"category tag\">Futbol<\/a>","tag_info":"Futbol","comment_count":"0","_links":{"self":[{"href":"https:\/\/deportodos.com.ar\/2023\/wp-json\/wp\/v2\/posts\/4682","targetHints":{"allow":["GET"]}}],"collection":[{"href":"https:\/\/deportodos.com.ar\/2023\/wp-json\/wp\/v2\/posts"}],"about":[{"href":"https:\/\/deportodos.com.ar\/2023\/wp-json\/wp\/v2\/types\/post"}],"author":[{"embeddable":true,"href":"https:\/\/deportodos.com.ar\/2023\/wp-json\/wp\/v2\/users\/2"}],"replies":[{"embeddable":true,"href":"https:\/\/deportodos.com.ar\/2023\/wp-json\/wp\/v2\/comments?post=4682"}],"version-history":[{"count":1,"href":"https:\/\/deportodos.com.ar\/2023\/wp-json\/wp\/v2\/posts\/4682\/revisions"}],"predecessor-version":[{"id":4684,"href":"https:\/\/deportodos.com.ar\/2023\/wp-json\/wp\/v2\/posts\/4682\/revisions\/4684"}],"wp:featuredmedia":[{"embeddable":true,"href":"https:\/\/deportodos.com.ar\/2023\/wp-json\/wp\/v2\/media\/4683"}],"wp:attachment":[{"href":"https:\/\/deportodos.com.ar\/2023\/wp-json\/wp\/v2\/media?parent=4682"}],"wp:term":[{"taxonomy":"category","embeddable":true,"href":"https:\/\/deportodos.com.ar\/2023\/wp-json\/wp\/v2\/categories?post=4682"},{"taxonomy":"post_tag","embeddable":true,"href":"https:\/\/deportodos.com.ar\/2023\/wp-json\/wp\/v2\/tags?post=4682"}],"curies":[{"name":"wp","href":"https:\/\/api.w.org\/{rel}","templated":true}]}}