{"id":4685,"date":"2025-12-12T15:21:33","date_gmt":"2025-12-12T15:21:33","guid":{"rendered":"https:\/\/deportodos.com.ar\/2023\/?p=4685"},"modified":"2025-12-12T15:21:34","modified_gmt":"2025-12-12T15:21:34","slug":"la-asociacion-ciclista-celebrara-sus-88-anos-con-una-competencia-en-calle-macia","status":"publish","type":"post","link":"https:\/\/deportodos.com.ar\/2023\/la-asociacion-ciclista-celebrara-sus-88-anos-con-una-competencia-en-calle-macia\/","title":{"rendered":"LA ASOCIACI\u00d3N CICLISTA CELEBRAR\u00c1 SUS 88 A\u00d1OS CON UNA COMPETENCIA EN CALLE MACI\u00c1"},"content":{"rendered":"\n<p>La Asociaci\u00f3n Ciclista de Entre R\u00edos (ACER) anunci\u00f3 la realizaci\u00f3n de una competencia especial de ciclismo con motivo de sus 88 a\u00f1os de vida institucional. El evento se llevar\u00e1 a cabo el s\u00e1bado 13 de diciembre de 2025, en un circuito urbano montado sobre calle Maci\u00e1, frente al predio del ex Hip\u00f3dromo, y tendr\u00e1 formato de Gran Premio Nocturno. Durante la competencia, el tr\u00e1nsito sobre dicha arteria estar\u00e1 restringido.<\/p>\n\n\n\n<p>Seg\u00fan se inform\u00f3, la largada de la jornada deportiva est\u00e1 prevista para las 17.30 y contar\u00e1 con la participaci\u00f3n de ciclistas de diferentes edades y niveles competitivos. La propuesta fue presentada como un acontecimiento destacado para el ciclismo local y provincial, ya que hac\u00eda varios a\u00f1os que no se organizaban competencias de estas caracter\u00edsticas en la ciudad.<\/p>\n\n\n\n<p>Carlos Huck, referente de la Asociaci\u00f3n Ciclista de Entre R\u00edos, expres\u00f3 que \u201chac\u00eda much\u00edsimos a\u00f1os que no se hac\u00eda este tipo de competencias, y estamos felices de poder hacerla\u201d, y sostuvo que \u201cesperamos que sea un gran evento\u201d. En ese sentido, remarc\u00f3 la importancia de recuperar pruebas urbanas que acerquen el ciclismo al p\u00fablico en general.<\/p>\n\n\n\n<p>Foto ilustrativa<br>Regreso de las competencias a la ciudad<br>Desde la organizaci\u00f3n se\u00f1alaron que el ciclismo en la capital entrerriana mantuvo una actividad constante en escenarios como la Circunvalaci\u00f3n y el circuito del Complejo Pucheta, ubicado en cercan\u00edas del Parque Industrial. No obstante, indicaron que el objetivo fue trasladar una competencia de alto nivel al centro urbano para darle mayor visibilidad al deporte.<\/p>\n\n\n\n<p>\u201cEl ciclismo es un deporte exigente y demandante. Trabajar, organizar y hacer las carreras en el circuito Pucheta es importante, pero la idea era traer esta propuesta a la ciudad para que la gente conozca\u201d, explic\u00f3 Huck. Adem\u00e1s, destac\u00f3 el acompa\u00f1amiento del grupo de trabajo que impuls\u00f3 la iniciativa y el respaldo recibido para concretar el evento aniversario.<\/p>\n\n\n\n<p>\u201cApelamos a compartir, estamos con un grupo de trabajo que nos apoya. Hace un tiempo que estamos deseando esta propuesta\u201d, a\u00f1adi\u00f3 el dirigente, al referirse al esfuerzo organizativo que demand\u00f3 la competencia.<\/p>\n\n\n\n<p>Cronograma y categor\u00edas<br>Por su parte, otro de los referentes de la Asociaci\u00f3n, Carlos Nus, brind\u00f3 detalles sobre el desarrollo de la jornada. Indic\u00f3 que se habilit\u00f3 una preinscripci\u00f3n para los ciclistas debutantes y que las largadas se organizar\u00e1n de acuerdo a las categor\u00edas.<\/p>\n\n\n\n<p>Seg\u00fan precis\u00f3, a las 17.30 comenzar\u00e1 la actividad con las carreras infantiles. Luego ser\u00e1 el turno de la categor\u00eda aficionados, mientras que las dos \u00faltimas competencias estar\u00e1n reservadas para los ciclistas profesionales, primero los mayores y finalmente los m\u00e1s veloces.<\/p>\n\n\n\n<blockquote class=\"wp-block-quote is-layout-flow wp-block-quote-is-layout-flow\">\n<p>www.elonce.com<\/p>\n<\/blockquote>\n","protected":false},"excerpt":{"rendered":"<p>La Asociaci\u00f3n Ciclista de Entre R\u00edos (ACER) anunci\u00f3 la realizaci\u00f3n de una competencia especial de&#8230;<\/p>\n","protected":false},"author":2,"featured_media":4686,"comment_status":"open","ping_status":"open","sticky":false,"template":"","format":"standard","meta":{"footnotes":""},"categories":[16],"tags":[],"class_list":["post-4685","post","type-post","status-publish","format-standard","has-post-thumbnail","hentry","category-ciclismo"],"featured_image_urls":{"full":["https:\/\/deportodos.com.ar\/2023\/wp-content\/uploads\/2025\/12\/l_1765538783_167.webp",1200,800,false],"thumbnail":["https:\/\/deportodos.com.ar\/2023\/wp-content\/uploads\/2025\/12\/l_1765538783_167-150x150.webp",150,150,true],"medium":["https:\/\/deportodos.com.ar\/2023\/wp-content\/uploads\/2025\/12\/l_1765538783_167-300x200.webp",300,200,true],"medium_large":["https:\/\/deportodos.com.ar\/2023\/wp-content\/uploads\/2025\/12\/l_1765538783_167-768x512.webp",640,427,true],"large":["https:\/\/deportodos.com.ar\/2023\/wp-content\/uploads\/2025\/12\/l_1765538783_167-1024x683.webp",640,427,true],"1536x1536":["https:\/\/deportodos.com.ar\/2023\/wp-content\/uploads\/2025\/12\/l_1765538783_167.webp",1200,800,false],"2048x2048":["https:\/\/deportodos.com.ar\/2023\/wp-content\/uploads\/2025\/12\/l_1765538783_167.webp",1200,800,false],"covernews-featured":["https:\/\/deportodos.com.ar\/2023\/wp-content\/uploads\/2025\/12\/l_1765538783_167-1024x683.webp",1024,683,true],"covernews-medium":["https:\/\/deportodos.com.ar\/2023\/wp-content\/uploads\/2025\/12\/l_1765538783_167-540x340.webp",540,340,true]},"author_info":{"display_name":"c2530142","author_link":"https:\/\/deportodos.com.ar\/2023\/author\/c2530142\/"},"category_info":"<a href=\"https:\/\/deportodos.com.ar\/2023\/category\/ciclismo\/\" rel=\"category tag\">Ciclismo<\/a>","tag_info":"Ciclismo","comment_count":"0","_links":{"self":[{"href":"https:\/\/deportodos.com.ar\/2023\/wp-json\/wp\/v2\/posts\/4685","targetHints":{"allow":["GET"]}}],"collection":[{"href":"https:\/\/deportodos.com.ar\/2023\/wp-json\/wp\/v2\/posts"}],"about":[{"href":"https:\/\/deportodos.com.ar\/2023\/wp-json\/wp\/v2\/types\/post"}],"author":[{"embeddable":true,"href":"https:\/\/deportodos.com.ar\/2023\/wp-json\/wp\/v2\/users\/2"}],"replies":[{"embeddable":true,"href":"https:\/\/deportodos.com.ar\/2023\/wp-json\/wp\/v2\/comments?post=4685"}],"version-history":[{"count":1,"href":"https:\/\/deportodos.com.ar\/2023\/wp-json\/wp\/v2\/posts\/4685\/revisions"}],"predecessor-version":[{"id":4687,"href":"https:\/\/deportodos.com.ar\/2023\/wp-json\/wp\/v2\/posts\/4685\/revisions\/4687"}],"wp:featuredmedia":[{"embeddable":true,"href":"https:\/\/deportodos.com.ar\/2023\/wp-json\/wp\/v2\/media\/4686"}],"wp:attachment":[{"href":"https:\/\/deportodos.com.ar\/2023\/wp-json\/wp\/v2\/media?parent=4685"}],"wp:term":[{"taxonomy":"category","embeddable":true,"href":"https:\/\/deportodos.com.ar\/2023\/wp-json\/wp\/v2\/categories?post=4685"},{"taxonomy":"post_tag","embeddable":true,"href":"https:\/\/deportodos.com.ar\/2023\/wp-json\/wp\/v2\/tags?post=4685"}],"curies":[{"name":"wp","href":"https:\/\/api.w.org\/{rel}","templated":true}]}}