{"id":4697,"date":"2025-12-13T22:20:21","date_gmt":"2025-12-13T22:20:21","guid":{"rendered":"https:\/\/deportodos.com.ar\/2023\/?p=4697"},"modified":"2025-12-13T22:20:23","modified_gmt":"2025-12-13T22:20:23","slug":"lorenzo-rizzi-ganador-de-la-16a-maraton-acuatica-internacional-villa-urquiza-parana","status":"publish","type":"post","link":"https:\/\/deportodos.com.ar\/2023\/lorenzo-rizzi-ganador-de-la-16a-maraton-acuatica-internacional-villa-urquiza-parana\/","title":{"rendered":"LORENZO RIZZI GANADOR DE LA 16\u00aa MARATON ACU\u00c1TICA INTERNACIONAL VILLA URQUIZA &#8211; PARAN\u00c1"},"content":{"rendered":"\n<p>La 16\u00aa edici\u00f3n de la Marat\u00f3n Acu\u00e1tica Internacional Villa Urquiza \u2013 Paran\u00e1 tuvo un destacado protagonismo juvenil y un gran marco de p\u00fablico a lo largo de todo el recorrido. Con apenas 16 a\u00f1os, Lorenzo Rizzi, representante del Club Atl\u00e9tico Estudiantes de Paran\u00e1, se consagr\u00f3 ganador de la prueba, firmando una actuaci\u00f3n sobresaliente.<\/p>\n\n\n\n<p>Rizzi complet\u00f3 el exigente trazado en un tiempo de 2 horas, 7 minutos y 29 segundos, demostrando talento, preparaci\u00f3n y un notable car\u00e1cter en una competencia que reuni\u00f3 a casi un centenar de nadadores de diferentes puntos del pa\u00eds, Brasil, Per\u00fa y Puerto Rico.<\/p>\n\n\n\n<p>El podio de la general se complet\u00f3 con Marcos Petrucci, quien finaliz\u00f3 en la segunda posici\u00f3n, y Santiago Boviez, que ocup\u00f3 el tercer lugar, en una definici\u00f3n que confirm\u00f3 la jerarqu\u00eda de la prueba.<\/p>\n\n\n\n<p>En la rama femenina, volvi\u00f3 a imponerse Miranda Lescano (4ta de la general), repitiendo el triunfo obtenido en la edici\u00f3n 2024. Con solo 13 a\u00f1os, la joven nadadora realiz\u00f3 una brillante labor, dejando en evidencia su enorme proyecci\u00f3n y un futuro prometedor dentro de la disciplina.<\/p>\n\n\n\n<p>Al t\u00e9rmino de la jornada, Andr\u00e9s Solioz, organizador del evento y presidente de la Asociaci\u00f3n Barrancas del Paran\u00e1, expres\u00f3 su satisfacci\u00f3n por el desarrollo de la competencia y el altura deportiva exhibida por los participantes: \u201cVivimos una competencia de gran nivel. Estamos muy felices por haber tenido esta jornada extraordinaria, por el nivel de los nadadores y por el acompa\u00f1amiento de la gente, tanto en el agua como en la llegada\u201d.<\/p>\n\n\n\n<p>Adem\u00e1s, Solioz destac\u00f3 el trabajo de todos los que hicieron posible el evento, resaltando la labor de remeros, enfermeros, prensa y cada integrante de la organizaci\u00f3n, que contribuyeron al \u00e9xito de una jornada deportiva que volvi\u00f3 a posicionar a la marat\u00f3n como una de las m\u00e1s importantes del calendario regional.<\/p>\n","protected":false},"excerpt":{"rendered":"<p>La 16\u00aa edici\u00f3n de la Marat\u00f3n Acu\u00e1tica Internacional Villa Urquiza \u2013 Paran\u00e1 tuvo un destacado&#8230;<\/p>\n","protected":false},"author":2,"featured_media":4698,"comment_status":"open","ping_status":"open","sticky":false,"template":"","format":"standard","meta":{"footnotes":""},"categories":[54],"tags":[],"class_list":["post-4697","post","type-post","status-publish","format-standard","has-post-thumbnail","hentry","category-natacion"],"featured_image_urls":{"full":["https:\/\/deportodos.com.ar\/2023\/wp-content\/uploads\/2025\/12\/IMG-20251213-WA0086.jpg",960,1280,false],"thumbnail":["https:\/\/deportodos.com.ar\/2023\/wp-content\/uploads\/2025\/12\/IMG-20251213-WA0086-150x150.jpg",150,150,true],"medium":["https:\/\/deportodos.com.ar\/2023\/wp-content\/uploads\/2025\/12\/IMG-20251213-WA0086-225x300.jpg",225,300,true],"medium_large":["https:\/\/deportodos.com.ar\/2023\/wp-content\/uploads\/2025\/12\/IMG-20251213-WA0086-768x1024.jpg",640,853,true],"large":["https:\/\/deportodos.com.ar\/2023\/wp-content\/uploads\/2025\/12\/IMG-20251213-WA0086-768x1024.jpg",640,853,true],"1536x1536":["https:\/\/deportodos.com.ar\/2023\/wp-content\/uploads\/2025\/12\/IMG-20251213-WA0086.jpg",960,1280,false],"2048x2048":["https:\/\/deportodos.com.ar\/2023\/wp-content\/uploads\/2025\/12\/IMG-20251213-WA0086.jpg",960,1280,false],"covernews-featured":["https:\/\/deportodos.com.ar\/2023\/wp-content\/uploads\/2025\/12\/IMG-20251213-WA0086.jpg",960,1280,false],"covernews-medium":["https:\/\/deportodos.com.ar\/2023\/wp-content\/uploads\/2025\/12\/IMG-20251213-WA0086-540x340.jpg",540,340,true]},"author_info":{"display_name":"c2530142","author_link":"https:\/\/deportodos.com.ar\/2023\/author\/c2530142\/"},"category_info":"<a href=\"https:\/\/deportodos.com.ar\/2023\/category\/natacion\/\" rel=\"category tag\">Nataci\u00f3n<\/a>","tag_info":"Nataci\u00f3n","comment_count":"0","_links":{"self":[{"href":"https:\/\/deportodos.com.ar\/2023\/wp-json\/wp\/v2\/posts\/4697","targetHints":{"allow":["GET"]}}],"collection":[{"href":"https:\/\/deportodos.com.ar\/2023\/wp-json\/wp\/v2\/posts"}],"about":[{"href":"https:\/\/deportodos.com.ar\/2023\/wp-json\/wp\/v2\/types\/post"}],"author":[{"embeddable":true,"href":"https:\/\/deportodos.com.ar\/2023\/wp-json\/wp\/v2\/users\/2"}],"replies":[{"embeddable":true,"href":"https:\/\/deportodos.com.ar\/2023\/wp-json\/wp\/v2\/comments?post=4697"}],"version-history":[{"count":1,"href":"https:\/\/deportodos.com.ar\/2023\/wp-json\/wp\/v2\/posts\/4697\/revisions"}],"predecessor-version":[{"id":4699,"href":"https:\/\/deportodos.com.ar\/2023\/wp-json\/wp\/v2\/posts\/4697\/revisions\/4699"}],"wp:featuredmedia":[{"embeddable":true,"href":"https:\/\/deportodos.com.ar\/2023\/wp-json\/wp\/v2\/media\/4698"}],"wp:attachment":[{"href":"https:\/\/deportodos.com.ar\/2023\/wp-json\/wp\/v2\/media?parent=4697"}],"wp:term":[{"taxonomy":"category","embeddable":true,"href":"https:\/\/deportodos.com.ar\/2023\/wp-json\/wp\/v2\/categories?post=4697"},{"taxonomy":"post_tag","embeddable":true,"href":"https:\/\/deportodos.com.ar\/2023\/wp-json\/wp\/v2\/tags?post=4697"}],"curies":[{"name":"wp","href":"https:\/\/api.w.org\/{rel}","templated":true}]}}