{"id":4716,"date":"2025-12-16T10:26:42","date_gmt":"2025-12-16T10:26:42","guid":{"rendered":"https:\/\/deportodos.com.ar\/2023\/?p=4716"},"modified":"2025-12-16T10:26:43","modified_gmt":"2025-12-16T10:26:43","slug":"esta-semana-es-la-inscripcion-presencial-para-la-maraton-de-reyes","status":"publish","type":"post","link":"https:\/\/deportodos.com.ar\/2023\/esta-semana-es-la-inscripcion-presencial-para-la-maraton-de-reyes\/","title":{"rendered":"ESTA SEMANA ES LA INSCRIPCI\u00d3N PRESENCIAL PARA LA MARAT\u00d3N DE REYES"},"content":{"rendered":"\n<p>La Marat\u00f3n de Reyes empieza a transitar su cuenta regresiva con casi 2200 registros; esta semana ser\u00e1 la inscripci\u00f3n presencial, una instancia determinante para quienes a\u00fan no aseguraron su participaci\u00f3n en la prueba atl\u00e9tica m\u00e1s convocante del calendario deportivo.<\/p>\n\n\n\n<p>La inscripci\u00f3n se realizar\u00e1 miercoles, jueves y viernes de 17.00 a 22.00hs. en la Peatonal del Bicentenario, frente a la Municipalidad, y contempla un valor de 35.000 pesos en un solo pago o 40.000 pesos en dos pagos, ofreciendo as\u00ed distintas alternativas para facilitar el acceso de los corredores.<\/p>\n\n\n\n<p>Con miles de corredores ya confirmados y una convocatoria que crece d\u00eda a d\u00eda, la organizaci\u00f3n recuerda que la inscripci\u00f3n presencial representa una oportunidad para ser parte de una edici\u00f3n hist\u00f3rica, que volver\u00e1 a reunir a atletas de Concordia, la regi\u00f3n y distintos puntos del pa\u00eds. La Marat\u00f3n de Reyes no solo propone una competencia deportiva, sino una experiencia colectiva que moviliza a la ciudad y re\u00fane a atletas de distintos puntos del pa\u00eds.<\/p>\n\n\n\n<ul class=\"wp-block-list\">\n<li>Cronograma de inscripci\u00f3n y entrega de kits<\/li>\n<\/ul>\n\n\n\n<p>Diciembre 2025 \u2013 10K, 5.5K y Mini Reyes<\/p>\n\n\n\n<p>Mi\u00e9rcoles 17, Jueves 18 y Viernes 19<br>Peatonal del Bicentenario (frente a la Municipalidad)<br>De 19.00 a 22.00 horas<\/p>\n\n\n\n<p>Enero 2026 \u2013 10K, 5.5K y Mini Reyes<br>Martes 6, Mi\u00e9rcoles 7, Jueves 8 y Viernes 9<br>Peatonal del Bicentenario (frente a la Municipalidad)<br>De 19.00 a 22.00 horas<\/p>\n\n\n\n<p>\u00danicamente no residentes \u2013 10K y 5.5K<br>S\u00e1bado 10<br>Centro de Convenciones de Concordia<br>De 16.00 a 19.00 horas<\/p>\n","protected":false},"excerpt":{"rendered":"<p>La Marat\u00f3n de Reyes empieza a transitar su cuenta regresiva con casi 2200 registros; esta&#8230;<\/p>\n","protected":false},"author":2,"featured_media":4717,"comment_status":"open","ping_status":"open","sticky":false,"template":"","format":"standard","meta":{"footnotes":""},"categories":[5],"tags":[],"class_list":["post-4716","post","type-post","status-publish","format-standard","has-post-thumbnail","hentry","category-atletismo"],"featured_image_urls":{"full":["https:\/\/deportodos.com.ar\/2023\/wp-content\/uploads\/2025\/12\/IMG-20251216-WA0003.jpg",1060,1332,false],"thumbnail":["https:\/\/deportodos.com.ar\/2023\/wp-content\/uploads\/2025\/12\/IMG-20251216-WA0003-150x150.jpg",150,150,true],"medium":["https:\/\/deportodos.com.ar\/2023\/wp-content\/uploads\/2025\/12\/IMG-20251216-WA0003-239x300.jpg",239,300,true],"medium_large":["https:\/\/deportodos.com.ar\/2023\/wp-content\/uploads\/2025\/12\/IMG-20251216-WA0003-768x965.jpg",640,804,true],"large":["https:\/\/deportodos.com.ar\/2023\/wp-content\/uploads\/2025\/12\/IMG-20251216-WA0003-815x1024.jpg",640,804,true],"1536x1536":["https:\/\/deportodos.com.ar\/2023\/wp-content\/uploads\/2025\/12\/IMG-20251216-WA0003.jpg",1060,1332,false],"2048x2048":["https:\/\/deportodos.com.ar\/2023\/wp-content\/uploads\/2025\/12\/IMG-20251216-WA0003.jpg",1060,1332,false],"covernews-featured":["https:\/\/deportodos.com.ar\/2023\/wp-content\/uploads\/2025\/12\/IMG-20251216-WA0003-1024x1287.jpg",1024,1287,true],"covernews-medium":["https:\/\/deportodos.com.ar\/2023\/wp-content\/uploads\/2025\/12\/IMG-20251216-WA0003-540x340.jpg",540,340,true]},"author_info":{"display_name":"c2530142","author_link":"https:\/\/deportodos.com.ar\/2023\/author\/c2530142\/"},"category_info":"<a href=\"https:\/\/deportodos.com.ar\/2023\/category\/atletismo\/\" rel=\"category tag\">Atletismo<\/a>","tag_info":"Atletismo","comment_count":"0","_links":{"self":[{"href":"https:\/\/deportodos.com.ar\/2023\/wp-json\/wp\/v2\/posts\/4716","targetHints":{"allow":["GET"]}}],"collection":[{"href":"https:\/\/deportodos.com.ar\/2023\/wp-json\/wp\/v2\/posts"}],"about":[{"href":"https:\/\/deportodos.com.ar\/2023\/wp-json\/wp\/v2\/types\/post"}],"author":[{"embeddable":true,"href":"https:\/\/deportodos.com.ar\/2023\/wp-json\/wp\/v2\/users\/2"}],"replies":[{"embeddable":true,"href":"https:\/\/deportodos.com.ar\/2023\/wp-json\/wp\/v2\/comments?post=4716"}],"version-history":[{"count":1,"href":"https:\/\/deportodos.com.ar\/2023\/wp-json\/wp\/v2\/posts\/4716\/revisions"}],"predecessor-version":[{"id":4718,"href":"https:\/\/deportodos.com.ar\/2023\/wp-json\/wp\/v2\/posts\/4716\/revisions\/4718"}],"wp:featuredmedia":[{"embeddable":true,"href":"https:\/\/deportodos.com.ar\/2023\/wp-json\/wp\/v2\/media\/4717"}],"wp:attachment":[{"href":"https:\/\/deportodos.com.ar\/2023\/wp-json\/wp\/v2\/media?parent=4716"}],"wp:term":[{"taxonomy":"category","embeddable":true,"href":"https:\/\/deportodos.com.ar\/2023\/wp-json\/wp\/v2\/categories?post=4716"},{"taxonomy":"post_tag","embeddable":true,"href":"https:\/\/deportodos.com.ar\/2023\/wp-json\/wp\/v2\/tags?post=4716"}],"curies":[{"name":"wp","href":"https:\/\/api.w.org\/{rel}","templated":true}]}}