{"id":4720,"date":"2025-12-16T12:23:33","date_gmt":"2025-12-16T12:23:33","guid":{"rendered":"https:\/\/deportodos.com.ar\/2023\/?p=4720"},"modified":"2025-12-16T12:23:35","modified_gmt":"2025-12-16T12:23:35","slug":"aguas-abiertas-2","status":"publish","type":"post","link":"https:\/\/deportodos.com.ar\/2023\/aguas-abiertas-2\/","title":{"rendered":"AGUAS ABIERTAS"},"content":{"rendered":"\n<p>El pasado domingo se llev\u00f3 a cabo en la ciudad de Federaci\u00f3n la 2da. Fecha del CIRCUITO DE AGUAS ABIERTAS DEL RIO URUGUAY.<br>Con un lago en calma y jornada de mucho calor fueron 180 los nadadores que participaron en las dos distancias en competencia. 3k y 1,2k.<br>Los ganadores de la general en 3km fueron Melina Luciana FERNADEZ de Funes, pcia. de Santa Fe y Santiago BOVIEZ de la ciudad de Parana.<br>La distancia promocional fue ganada por los juveniles Ornella BELTRAME de Villaguay y Juan Agust\u00edn CARLAZARA de Chajar\u00ed.<br>IMPORTANTE AGENDA PARA EL A\u00d1O 2026<br>Desde la organizaci\u00f3n NATACION RIO URUGUAY se dio a conocer lo que ser\u00e1 l agenda de pruebas aguas abiertas para el 2026 que tienen a Concordia como epicentro.<br>-El 24 de enero se llevar\u00e1 a cabo la prueba CONCORDIA-ESTANCIA GRANDE sobre una distancia de 10km. Sumando de esta manera una prueba de media distancia al calendario.<br>En tanto el mes de marzo se presenta cargado de actividad.<br>El 14 de marzo ser\u00e1 la fecha para la tradicional SALTO-CONCORDIA. Prueba decana de la especialidad en la regi\u00f3n y para la cual ya se encuentra trabajando en conjunto Nataci\u00f3n Rio Uruguay y el Club Remeros de la ciudad de Salto.<br>En tanto el 28 de marzo ser\u00e1 la fecha para la realizaci\u00f3n de la del Campeonato Argentino de Aguas Abiertas para nadadores con licencia de federados. Confirmaci\u00f3n recibida desde Federaci\u00f3n Entrerriana de Nataci\u00f3n, ente rector de la nataci\u00f3n federada en la provincia, para integrar el calendario oficial de CADDA . Por lo que se espera la concurrencia de los mejores exponentes en las categor\u00edas Juveniles y Mayores del pa\u00eds. Que terminaran siendo los Campeones Argentino de la especialidad y seleccionados para representar al pa\u00eds en eventos internacionales.<br>En la misma fecha y escenario se llevar\u00e1 a cabo el Campeonato Entrerriano de Aguas Abiertas para todas las categor\u00edas desde Menores a Primera categor\u00eda y Masters.<\/p>\n\n\n\n<p>Por otro lado y como ya se ha hecho tradicional en el mes de julio se llevara a cabo la fecha NAF del campeonato argentino de aguas abiertas fr\u00edas.<br>Sin dudas que esta agenda posiciona a la ciudad de Concordia como un gran centro de generaci\u00f3n de eventos para la disciplina de nataci\u00f3n en aguas abiertas, que se ha venido consolidando en los \u00faltimos a\u00f1os con un trabajo serio y silencioso que excede lo meramente deportivo, dado que por la concurrencia de participantes de todo el pa\u00eds se genera tambi\u00e9n un impacto tur\u00edstico que permite difundir las bondades del entorno y la regi\u00f3n.<\/p>\n","protected":false},"excerpt":{"rendered":"<p>El pasado domingo se llev\u00f3 a cabo en la ciudad de Federaci\u00f3n la 2da. Fecha&#8230;<\/p>\n","protected":false},"author":2,"featured_media":4721,"comment_status":"open","ping_status":"open","sticky":false,"template":"","format":"standard","meta":{"footnotes":""},"categories":[49],"tags":[],"class_list":["post-4720","post","type-post","status-publish","format-standard","has-post-thumbnail","hentry","category-aguas-abiertas"],"featured_image_urls":{"full":["https:\/\/deportodos.com.ar\/2023\/wp-content\/uploads\/2025\/12\/IMG-20251216-WA0007.jpg",720,481,false],"thumbnail":["https:\/\/deportodos.com.ar\/2023\/wp-content\/uploads\/2025\/12\/IMG-20251216-WA0007-150x150.jpg",150,150,true],"medium":["https:\/\/deportodos.com.ar\/2023\/wp-content\/uploads\/2025\/12\/IMG-20251216-WA0007-300x200.jpg",300,200,true],"medium_large":["https:\/\/deportodos.com.ar\/2023\/wp-content\/uploads\/2025\/12\/IMG-20251216-WA0007.jpg",640,428,false],"large":["https:\/\/deportodos.com.ar\/2023\/wp-content\/uploads\/2025\/12\/IMG-20251216-WA0007.jpg",640,428,false],"1536x1536":["https:\/\/deportodos.com.ar\/2023\/wp-content\/uploads\/2025\/12\/IMG-20251216-WA0007.jpg",720,481,false],"2048x2048":["https:\/\/deportodos.com.ar\/2023\/wp-content\/uploads\/2025\/12\/IMG-20251216-WA0007.jpg",720,481,false],"covernews-featured":["https:\/\/deportodos.com.ar\/2023\/wp-content\/uploads\/2025\/12\/IMG-20251216-WA0007.jpg",720,481,false],"covernews-medium":["https:\/\/deportodos.com.ar\/2023\/wp-content\/uploads\/2025\/12\/IMG-20251216-WA0007-540x340.jpg",540,340,true]},"author_info":{"display_name":"c2530142","author_link":"https:\/\/deportodos.com.ar\/2023\/author\/c2530142\/"},"category_info":"<a href=\"https:\/\/deportodos.com.ar\/2023\/category\/aguas-abiertas\/\" rel=\"category tag\">Aguas abiertas<\/a>","tag_info":"Aguas abiertas","comment_count":"0","_links":{"self":[{"href":"https:\/\/deportodos.com.ar\/2023\/wp-json\/wp\/v2\/posts\/4720","targetHints":{"allow":["GET"]}}],"collection":[{"href":"https:\/\/deportodos.com.ar\/2023\/wp-json\/wp\/v2\/posts"}],"about":[{"href":"https:\/\/deportodos.com.ar\/2023\/wp-json\/wp\/v2\/types\/post"}],"author":[{"embeddable":true,"href":"https:\/\/deportodos.com.ar\/2023\/wp-json\/wp\/v2\/users\/2"}],"replies":[{"embeddable":true,"href":"https:\/\/deportodos.com.ar\/2023\/wp-json\/wp\/v2\/comments?post=4720"}],"version-history":[{"count":1,"href":"https:\/\/deportodos.com.ar\/2023\/wp-json\/wp\/v2\/posts\/4720\/revisions"}],"predecessor-version":[{"id":4722,"href":"https:\/\/deportodos.com.ar\/2023\/wp-json\/wp\/v2\/posts\/4720\/revisions\/4722"}],"wp:featuredmedia":[{"embeddable":true,"href":"https:\/\/deportodos.com.ar\/2023\/wp-json\/wp\/v2\/media\/4721"}],"wp:attachment":[{"href":"https:\/\/deportodos.com.ar\/2023\/wp-json\/wp\/v2\/media?parent=4720"}],"wp:term":[{"taxonomy":"category","embeddable":true,"href":"https:\/\/deportodos.com.ar\/2023\/wp-json\/wp\/v2\/categories?post=4720"},{"taxonomy":"post_tag","embeddable":true,"href":"https:\/\/deportodos.com.ar\/2023\/wp-json\/wp\/v2\/tags?post=4720"}],"curies":[{"name":"wp","href":"https:\/\/api.w.org\/{rel}","templated":true}]}}