{"id":4734,"date":"2025-12-18T20:09:37","date_gmt":"2025-12-18T20:09:37","guid":{"rendered":"https:\/\/deportodos.com.ar\/2023\/?p=4734"},"modified":"2025-12-18T20:09:39","modified_gmt":"2025-12-18T20:09:39","slug":"un-nuevo-capitulo","status":"publish","type":"post","link":"https:\/\/deportodos.com.ar\/2023\/un-nuevo-capitulo\/","title":{"rendered":"UN NUEVO CAPITULO"},"content":{"rendered":"\n<p>Entre viernes, s\u00e1bado y domingo, tendr\u00e1 continuidad el desarrollo de la fase de grupos, en la presente edici\u00f3n de la Copa Entre R\u00edos de f\u00fatbol masculino.<\/p>\n\n\n\n<p>Con veinte partidos programados, el certamen m\u00e1s importante de clubes de la provincia llevar\u00e1 a cabo su segunda jornada clasificatoria.<\/p>\n\n\n\n<p>En esta oportunidad, se producir\u00e1 el debut de Malvinas de Federal y Urquiza de Santa Elena, los dos \u00fanicos equipos participantes que no disputaron la fecha inicial.<\/p>\n\n\n\n<p>La fecha dar\u00e1 comienzo durante la noche del viernes, con dos encuentros, continuar\u00e1 el s\u00e1bado, cuando se lleven a cabo otros tres, y finalizar\u00e1 el domingo, con los quince restantes.<\/p>\n\n\n\n<p>De esta manera, y casi sin descanso, la pasi\u00f3n del f\u00fatbol provincial escribir\u00e1 un nuevo cap\u00edtulo en tres d\u00edas a pura actividad.<\/p>\n\n\n\n<p>La programaci\u00f3n completa para este fin de semana es la siguiente:<\/p>\n\n\n\n<p>Zona 1:<\/p>\n\n\n\n<p><strong>Arsenal (Viale) \u2013 Uni\u00f3n (Crespo)<\/strong><\/p>\n\n\n\n<p>S\u00e1bado 20\/12 \u2013 19 hs. Cancha de Arsenal<\/p>\n\n\n\n<p><strong>Don Bosco (Paran\u00e1) \u2013 Pe\u00f1arol (Paran\u00e1)<\/strong><\/p>\n\n\n\n<p>Domingo 21\/12 \u2013 17 hs. Cancha de Don Bosco<\/p>\n\n\n\n<p>Zona 2:<\/p>\n\n\n\n<p><strong>Sarmiento (Crespo) \u2013 Pe\u00f1arol (Basavilbaso)<\/strong><\/p>\n\n\n\n<p>Domingo 21\/12 \u2013 17 hs. Cancha de Sarmiento<\/p>\n\n\n\n<p><strong>Juventud y Ferrocarril Unidos (Carb\u00f3) \u2013 Newell\u2019 s (Victoria)<\/strong><\/p>\n\n\n\n<p>Domingo 21\/12 \u2013 17 hs. Cancha de Juventud y Ferrocarril Unidos<\/p>\n\n\n\n<p>Zona 3:<\/p>\n\n\n\n<p><strong>El Porvenir (Santa Anita) \u2013 Defensores del Oeste (Basavilbaso)<\/strong><\/p>\n\n\n\n<p>Viernes 19\/12 \u2013 21 hs. Cancha de El Porvenir<\/p>\n\n\n\n<p><strong>La Academia (General Galarza) \u2013 Cultural (Crespo)<\/strong><\/p>\n\n\n\n<p>Domingo 21\/12 \u2013 18.30 hs. Cancha de La Academia<\/p>\n\n\n\n<p>Zona 4:<\/p>\n\n\n\n<p><strong>Caball\u00fa (La Paz) \u2013 Malvinas (Federal)<\/strong><\/p>\n\n\n\n<p>Domingo 21\/12 \u2013 17.45 hs. Cancha de Caball\u00fa<\/p>\n\n\n\n<p><strong>Urquiza (Santa Elena) \u2013 Camba Cu\u00e1 (Santa Elena)<\/strong><\/p>\n\n\n\n<p>Domingo 21\/12 \u2013 17.30 hs. Cancha de Camba Cu\u00e1<\/p>\n\n\n\n<p>Zona 5:<\/p>\n\n\n\n<p><strong>Engranaje (CdU) \u2013 Atl\u00e9tico Colonia El\u00eda<\/strong><\/p>\n\n\n\n<p>Domingo 21\/12 \u2013 17.30 hs. Cancha de Engranaje<\/p>\n\n\n\n<p><strong>Deportivo San Marcial \u2013 &nbsp;Deportivo Urdinarrain<\/strong><\/p>\n\n\n\n<p>Domingo 21\/12 \u2013 17.30 hs. Cancha de San Marcial<\/p>\n\n\n\n<p>Zona 6:<\/p>\n\n\n\n<p><strong>Mar\u00eda Auxiliadora (CdU) \u2013 Deportivo Ubajay<\/strong><\/p>\n\n\n\n<p>Domingo 21\/12 \u2013 18.30 hs. Cancha de Mar\u00eda Auxiliadora<\/p>\n\n\n\n<p><strong>Juventud Urdinarrain \u2013 Parque Sur (CdU)<\/strong><\/p>\n\n\n\n<p>Domingo 21\/12 \u2013 19 hs. Cancha de Juventud Urdinarrain<\/p>\n\n\n\n<p>Zona 7:<\/p>\n\n\n\n<p><strong>San Jos\u00e9 \u2013 Libertad (Concordia)<\/strong><\/p>\n\n\n\n<p>Domingo 21\/12 \u2013 20 hs. Cancha de San Jos\u00e9<\/p>\n\n\n\n<p><strong>Rivadavia (CdU) \u2013 Almagro (CdU)<\/strong><\/p>\n\n\n\n<p>Viernes 19\/12 \u2013 21 hs. Cancha de Rivadavia<\/p>\n\n\n\n<p>Zona 8:<\/p>\n\n\n\n<p><strong>Lan\u00fas (CdU) \u2013 Defensores de N\u00e9bel (Concordia)<\/strong><\/p>\n\n\n\n<p>S\u00e1bado 20\/12 \u2013 20 hs. Cancha de Gimnasia<\/p>\n\n\n\n<p><strong>Juventud Unida (General Campos) \u2013 Atl\u00e9tico Liebig<\/strong><\/p>\n\n\n\n<p>Domingo 21\/12 \u2013 18 hs. Cancha de Juventud Unida<\/p>\n\n\n\n<p>Zona 9:<\/p>\n\n\n\n<p><strong>Cosmos (Federaci\u00f3n) \u2013 La Florida (Chajar\u00ed)<\/strong><\/p>\n\n\n\n<p>S\u00e1bado 20\/12 \u2013 20 hs. Cancha de Cosmos<\/p>\n\n\n\n<p><strong>Colegiales (Concordia) \u2013 La Bianca (Concordia)<\/strong><\/p>\n\n\n\n<p>Domingo 21\/12 \u2013 18 hs. Estadio Ciudad<\/p>\n\n\n\n<p>Zona 10:<\/p>\n\n\n\n<p><strong>Independiente (VdR) \u2013 Uni\u00f3n (Concordia)<\/strong><\/p>\n\n\n\n<p>Domingo 21\/12 \u2013 18 hs. Cancha de Independiente<\/p>\n\n\n\n<p><strong>Am\u00e9rica (Federaci\u00f3n) \u2013 &nbsp;1ro. de Mayo (Chajar\u00ed)<\/strong><\/p>\n\n\n\n<p>Domingo 21\/12 \u2013 18 hs. Cancha de Cosmos<\/p>\n\n\n\n<blockquote class=\"wp-block-quote is-layout-flow wp-block-quote-is-layout-flow\">\n<p>www.federacionentrerrianadefutbol.org.ar<\/p>\n<\/blockquote>\n","protected":false},"excerpt":{"rendered":"<p>Entre viernes, s\u00e1bado y domingo, tendr\u00e1 continuidad el desarrollo de la fase de grupos, en&#8230;<\/p>\n","protected":false},"author":2,"featured_media":4735,"comment_status":"open","ping_status":"open","sticky":false,"template":"","format":"standard","meta":{"footnotes":""},"categories":[36],"tags":[],"class_list":["post-4734","post","type-post","status-publish","format-standard","has-post-thumbnail","hentry","category-futbol"],"featured_image_urls":{"full":["https:\/\/deportodos.com.ar\/2023\/wp-content\/uploads\/2025\/12\/1.png",600,380,false],"thumbnail":["https:\/\/deportodos.com.ar\/2023\/wp-content\/uploads\/2025\/12\/1-150x150.png",150,150,true],"medium":["https:\/\/deportodos.com.ar\/2023\/wp-content\/uploads\/2025\/12\/1-300x190.png",300,190,true],"medium_large":["https:\/\/deportodos.com.ar\/2023\/wp-content\/uploads\/2025\/12\/1.png",600,380,false],"large":["https:\/\/deportodos.com.ar\/2023\/wp-content\/uploads\/2025\/12\/1.png",600,380,false],"1536x1536":["https:\/\/deportodos.com.ar\/2023\/wp-content\/uploads\/2025\/12\/1.png",600,380,false],"2048x2048":["https:\/\/deportodos.com.ar\/2023\/wp-content\/uploads\/2025\/12\/1.png",600,380,false],"covernews-featured":["https:\/\/deportodos.com.ar\/2023\/wp-content\/uploads\/2025\/12\/1.png",600,380,false],"covernews-medium":["https:\/\/deportodos.com.ar\/2023\/wp-content\/uploads\/2025\/12\/1-540x340.png",540,340,true]},"author_info":{"display_name":"c2530142","author_link":"https:\/\/deportodos.com.ar\/2023\/author\/c2530142\/"},"category_info":"<a href=\"https:\/\/deportodos.com.ar\/2023\/category\/futbol\/\" rel=\"category tag\">Futbol<\/a>","tag_info":"Futbol","comment_count":"0","_links":{"self":[{"href":"https:\/\/deportodos.com.ar\/2023\/wp-json\/wp\/v2\/posts\/4734","targetHints":{"allow":["GET"]}}],"collection":[{"href":"https:\/\/deportodos.com.ar\/2023\/wp-json\/wp\/v2\/posts"}],"about":[{"href":"https:\/\/deportodos.com.ar\/2023\/wp-json\/wp\/v2\/types\/post"}],"author":[{"embeddable":true,"href":"https:\/\/deportodos.com.ar\/2023\/wp-json\/wp\/v2\/users\/2"}],"replies":[{"embeddable":true,"href":"https:\/\/deportodos.com.ar\/2023\/wp-json\/wp\/v2\/comments?post=4734"}],"version-history":[{"count":1,"href":"https:\/\/deportodos.com.ar\/2023\/wp-json\/wp\/v2\/posts\/4734\/revisions"}],"predecessor-version":[{"id":4736,"href":"https:\/\/deportodos.com.ar\/2023\/wp-json\/wp\/v2\/posts\/4734\/revisions\/4736"}],"wp:featuredmedia":[{"embeddable":true,"href":"https:\/\/deportodos.com.ar\/2023\/wp-json\/wp\/v2\/media\/4735"}],"wp:attachment":[{"href":"https:\/\/deportodos.com.ar\/2023\/wp-json\/wp\/v2\/media?parent=4734"}],"wp:term":[{"taxonomy":"category","embeddable":true,"href":"https:\/\/deportodos.com.ar\/2023\/wp-json\/wp\/v2\/categories?post=4734"},{"taxonomy":"post_tag","embeddable":true,"href":"https:\/\/deportodos.com.ar\/2023\/wp-json\/wp\/v2\/tags?post=4734"}],"curies":[{"name":"wp","href":"https:\/\/api.w.org\/{rel}","templated":true}]}}