{"id":4741,"date":"2025-12-20T14:21:48","date_gmt":"2025-12-20T14:21:48","guid":{"rendered":"https:\/\/deportodos.com.ar\/2023\/?p=4741"},"modified":"2025-12-20T14:21:49","modified_gmt":"2025-12-20T14:21:49","slug":"ferro-de-san-salvador-campeon-de-la-liga-provincial-de-mayores-2025","status":"publish","type":"post","link":"https:\/\/deportodos.com.ar\/2023\/ferro-de-san-salvador-campeon-de-la-liga-provincial-de-mayores-2025\/","title":{"rendered":"FERRO DE SAN SALVADOR CAMPE\u00d3N DE LA LIGA PROVINCIAL DE MAYORES 2025"},"content":{"rendered":"\n<p>El&nbsp;<strong>Club Deportivo Ferrocarril de San Salvador&nbsp;<\/strong>se consagr\u00f3 campe\u00f3n de la&nbsp;<strong>Liga Provincial de Mayores 2025<\/strong>, certamen organizado por la Federaci\u00f3n de B\u00e1squet de Entre R\u00edos (FBER), al imponerse 61 a 59 como local frente a Urquiza de Santa Elena en el cuarto juego de la serie final, cerrando la definici\u00f3n con un 3-1.<\/p>\n\n\n\n<p>El encuentro decisivo fue sumamente parejo e intenso durante los 40 minutos, con un desarrollo cambiante, donde los detalles terminaron inclinando la balanza a favor del conjunto \u201cverde\u201d, que alcanz\u00f3 de esta manera su segunda estrella a nivel federativo, luego del t\u00edtulo obtenido en el Pre Federal 2023.<\/p>\n\n\n\n<p>La figura del partido fue&nbsp;<strong>Franco Gonz\u00e1lez<\/strong>, quien tuvo una actuaci\u00f3n determinante con 25 puntos y 10 rebotes, bien acompa\u00f1ado por&nbsp;<strong>Lucas Nieto<\/strong>, autor de 17 unidades (5\/5 en dobles y 7\/8 en libres) y 11 recobres, siendo ambos claves en el tramo final del juego. Para la visita, lo mejor pas\u00f3 por las manos de<strong>&nbsp;Ricardo Brite<\/strong>, con 17 tantos y 5 rebotes.<\/p>\n\n\n\n<p>En una noche inolvidable para el b\u00e1squet entrerriano, el partido se disput\u00f3 ante un estadio colmado, con un notable acompa\u00f1amiento de ambas hinchadas, que aportaron color, pasi\u00f3n y un&nbsp;<strong>clima de final&nbsp;<\/strong>acorde a la magnitud de la definici\u00f3n.<\/p>\n\n\n\n<p>La ceremonia de premiaci\u00f3n cont\u00f3 con la presencia del presidente de la Federaci\u00f3n de B\u00e1squet de Entre R\u00edos,&nbsp;<strong>Julio Gim\u00e9nez<\/strong>, quien realiz\u00f3 la entrega de medallas a ambos equipos y posteriormente hizo entrega de la copa de campe\u00f3n al capit\u00e1n de Ferro, Cristian Gerard.<\/p>\n\n\n\n<p>Menci\u00f3n especial para el entrenador<strong>&nbsp;Luciano Correa<\/strong>&nbsp;(44 a\u00f1os), quien logr\u00f3 su primer t\u00edtulo provincial en la categor\u00eda Mayores. Para el DT concordiense fue su octava temporada dirigiendo en la&nbsp;<strong>Liga Provincial de Mayores<\/strong>, tras sus pasos por Capuchinos (3) y Sarmiento de Villaguay (2).<\/p>\n\n\n\n<p>Asimismo, hay que destacar la gran campa\u00f1a de\u00a0<strong>Urquiza de Santa Elena<\/strong>, l\u00edder de la Fase Regular, equipo que permaneci\u00f3 20 partidos invicto en la competencia y fue protagonista de un torneo de alt\u00edsimo nivel, con un b\u00e1squet s\u00f3lido, intenso y aguerrido a lo largo de toda la temporada.<\/p>\n\n\n\n<blockquote class=\"wp-block-quote is-layout-flow wp-block-quote-is-layout-flow\">\n<p>www.basquetentrerios.com<\/p>\n<\/blockquote>\n","protected":false},"excerpt":{"rendered":"<p>El&nbsp;Club Deportivo Ferrocarril de San Salvador&nbsp;se consagr\u00f3 campe\u00f3n de la&nbsp;Liga Provincial de Mayores 2025, certamen&#8230;<\/p>\n","protected":false},"author":2,"featured_media":4742,"comment_status":"open","ping_status":"open","sticky":false,"template":"","format":"standard","meta":{"footnotes":""},"categories":[9],"tags":[],"class_list":["post-4741","post","type-post","status-publish","format-standard","has-post-thumbnail","hentry","category-basquet"],"featured_image_urls":{"full":["https:\/\/deportodos.com.ar\/2023\/wp-content\/uploads\/2025\/12\/IMG-20251220-WA0010.jpg",994,618,false],"thumbnail":["https:\/\/deportodos.com.ar\/2023\/wp-content\/uploads\/2025\/12\/IMG-20251220-WA0010-150x150.jpg",150,150,true],"medium":["https:\/\/deportodos.com.ar\/2023\/wp-content\/uploads\/2025\/12\/IMG-20251220-WA0010-300x187.jpg",300,187,true],"medium_large":["https:\/\/deportodos.com.ar\/2023\/wp-content\/uploads\/2025\/12\/IMG-20251220-WA0010-768x477.jpg",640,398,true],"large":["https:\/\/deportodos.com.ar\/2023\/wp-content\/uploads\/2025\/12\/IMG-20251220-WA0010.jpg",640,398,false],"1536x1536":["https:\/\/deportodos.com.ar\/2023\/wp-content\/uploads\/2025\/12\/IMG-20251220-WA0010.jpg",994,618,false],"2048x2048":["https:\/\/deportodos.com.ar\/2023\/wp-content\/uploads\/2025\/12\/IMG-20251220-WA0010.jpg",994,618,false],"covernews-featured":["https:\/\/deportodos.com.ar\/2023\/wp-content\/uploads\/2025\/12\/IMG-20251220-WA0010.jpg",994,618,false],"covernews-medium":["https:\/\/deportodos.com.ar\/2023\/wp-content\/uploads\/2025\/12\/IMG-20251220-WA0010-540x340.jpg",540,340,true]},"author_info":{"display_name":"c2530142","author_link":"https:\/\/deportodos.com.ar\/2023\/author\/c2530142\/"},"category_info":"<a href=\"https:\/\/deportodos.com.ar\/2023\/category\/basquet\/\" rel=\"category tag\">Basquet<\/a>","tag_info":"Basquet","comment_count":"0","_links":{"self":[{"href":"https:\/\/deportodos.com.ar\/2023\/wp-json\/wp\/v2\/posts\/4741","targetHints":{"allow":["GET"]}}],"collection":[{"href":"https:\/\/deportodos.com.ar\/2023\/wp-json\/wp\/v2\/posts"}],"about":[{"href":"https:\/\/deportodos.com.ar\/2023\/wp-json\/wp\/v2\/types\/post"}],"author":[{"embeddable":true,"href":"https:\/\/deportodos.com.ar\/2023\/wp-json\/wp\/v2\/users\/2"}],"replies":[{"embeddable":true,"href":"https:\/\/deportodos.com.ar\/2023\/wp-json\/wp\/v2\/comments?post=4741"}],"version-history":[{"count":1,"href":"https:\/\/deportodos.com.ar\/2023\/wp-json\/wp\/v2\/posts\/4741\/revisions"}],"predecessor-version":[{"id":4743,"href":"https:\/\/deportodos.com.ar\/2023\/wp-json\/wp\/v2\/posts\/4741\/revisions\/4743"}],"wp:featuredmedia":[{"embeddable":true,"href":"https:\/\/deportodos.com.ar\/2023\/wp-json\/wp\/v2\/media\/4742"}],"wp:attachment":[{"href":"https:\/\/deportodos.com.ar\/2023\/wp-json\/wp\/v2\/media?parent=4741"}],"wp:term":[{"taxonomy":"category","embeddable":true,"href":"https:\/\/deportodos.com.ar\/2023\/wp-json\/wp\/v2\/categories?post=4741"},{"taxonomy":"post_tag","embeddable":true,"href":"https:\/\/deportodos.com.ar\/2023\/wp-json\/wp\/v2\/tags?post=4741"}],"curies":[{"name":"wp","href":"https:\/\/api.w.org\/{rel}","templated":true}]}}