{"id":4768,"date":"2025-12-25T21:02:56","date_gmt":"2025-12-25T21:02:56","guid":{"rendered":"https:\/\/deportodos.com.ar\/2023\/?p=4768"},"modified":"2025-12-25T21:02:58","modified_gmt":"2025-12-25T21:02:58","slug":"gran-expectativa-por-la-ultima-carrera-del-ano-en-concordia","status":"publish","type":"post","link":"https:\/\/deportodos.com.ar\/2023\/gran-expectativa-por-la-ultima-carrera-del-ano-en-concordia\/","title":{"rendered":"GRAN EXPECTATIVA POR LA \u00daLTIMA CARRERA DEL A\u00d1O EN CONCORDIA"},"content":{"rendered":"\n<p>La competencia es organizada por la Asociaci\u00f3n Concordiense de Pruebas Combinadas (A.C.P.C.) y se pondr\u00e1 en marcha a las 18.30 horas, teniendo como punto de largada y llegada la calle de boxes del Aut\u00f3dromo de Concordia. El recorrido se desarrollar\u00e1 \u00edntegramente dentro del circuito: una vuelta completa para los 5K y dos vueltas para completar los 10 kil\u00f3metros.<\/p>\n\n\n\n<p>Se trata de una prueba \u00fanica en su tipo, que ofrecer\u00e1 a los corredores la posibilidad de competir en un entorno de m\u00e1xima seguridad, sin tr\u00e1nsito vehicular, con asfalto en excelentes condiciones, amplitud en todo el trazado, sanitarios adecuados, amplio estacionamiento y un entorno que la convierte en una experiencia especial para los atletas.<\/p>\n\n\n\n<p>Seg\u00fan se dijo a 7Paginas, la cifra de preinscriptos ronda los 300 competidores, lo que anticipa una gran convocatoria para esta \u00faltima cita deportiva del calendario. Habr\u00e1 categor\u00edas para ambos sexos y en ambas distancias, con premios hasta el tercer puesto en cada una de ellas, adem\u00e1s de una premiaci\u00f3n general hasta el tercer lugar para los 5K y los 10K (no acumulativa con las categor\u00edas).<\/p>\n\n\n\n<p>Desde la organizaci\u00f3n destacaron que el costo de inscripci\u00f3n es accesible, con un valor de 15 mil pesos, con el objetivo de que nadie quede afuera de este evento que corona un a\u00f1o cargado de \u00e9xitos para la A.C.P.C. Asimismo, se remarc\u00f3 la intenci\u00f3n de que esta competencia pueda quedar instaurada de manera definitiva en el calendario deportivo, realiz\u00e1ndose cada \u00faltimo s\u00e1bado del a\u00f1o.<\/p>\n\n\n\n<p>Cabe se\u00f1alar que este viernes, de 20 a 21 horas, se realizar\u00e1 la inscripci\u00f3n presencial y entrega de dorsal y chip en el local \u201cSwimming\u201d, ubicado en avenida San Lorenzo 316.<\/p>\n\n\n\n<p>La prueba contar\u00e1 con servicio de sonido, locuci\u00f3n, cobertura fotogr\u00e1fica, seguro, servicio de emergencia, adem\u00e1s de frutas y bebidas para los corredores en la llegada. La clasificaci\u00f3n oficial estar\u00e1 a cargo de la empresa \u201cTu Tiempo Sport\u201d.<\/p>\n\n\n\n<p>Toda la informaci\u00f3n y las inscripciones se encuentran disponibles en el sitio web: www.encarrera.com.ar\/10k<\/p>\n\n\n\n<blockquote class=\"wp-block-quote is-layout-flow wp-block-quote-is-layout-flow\">\n<p>www.7paginas.com.ar<\/p>\n<\/blockquote>\n","protected":false},"excerpt":{"rendered":"<p>La competencia es organizada por la Asociaci\u00f3n Concordiense de Pruebas Combinadas (A.C.P.C.) y se pondr\u00e1&#8230;<\/p>\n","protected":false},"author":2,"featured_media":4769,"comment_status":"open","ping_status":"open","sticky":false,"template":"","format":"standard","meta":{"footnotes":""},"categories":[5],"tags":[],"class_list":["post-4768","post","type-post","status-publish","format-standard","has-post-thumbnail","hentry","category-atletismo"],"featured_image_urls":{"full":["https:\/\/deportodos.com.ar\/2023\/wp-content\/uploads\/2025\/12\/1-270.jpg",960,1280,false],"thumbnail":["https:\/\/deportodos.com.ar\/2023\/wp-content\/uploads\/2025\/12\/1-270-150x150.jpg",150,150,true],"medium":["https:\/\/deportodos.com.ar\/2023\/wp-content\/uploads\/2025\/12\/1-270-225x300.jpg",225,300,true],"medium_large":["https:\/\/deportodos.com.ar\/2023\/wp-content\/uploads\/2025\/12\/1-270-768x1024.jpg",640,853,true],"large":["https:\/\/deportodos.com.ar\/2023\/wp-content\/uploads\/2025\/12\/1-270-768x1024.jpg",640,853,true],"1536x1536":["https:\/\/deportodos.com.ar\/2023\/wp-content\/uploads\/2025\/12\/1-270.jpg",960,1280,false],"2048x2048":["https:\/\/deportodos.com.ar\/2023\/wp-content\/uploads\/2025\/12\/1-270.jpg",960,1280,false],"covernews-featured":["https:\/\/deportodos.com.ar\/2023\/wp-content\/uploads\/2025\/12\/1-270.jpg",960,1280,false],"covernews-medium":["https:\/\/deportodos.com.ar\/2023\/wp-content\/uploads\/2025\/12\/1-270-540x340.jpg",540,340,true]},"author_info":{"display_name":"c2530142","author_link":"https:\/\/deportodos.com.ar\/2023\/author\/c2530142\/"},"category_info":"<a href=\"https:\/\/deportodos.com.ar\/2023\/category\/atletismo\/\" rel=\"category tag\">Atletismo<\/a>","tag_info":"Atletismo","comment_count":"0","_links":{"self":[{"href":"https:\/\/deportodos.com.ar\/2023\/wp-json\/wp\/v2\/posts\/4768","targetHints":{"allow":["GET"]}}],"collection":[{"href":"https:\/\/deportodos.com.ar\/2023\/wp-json\/wp\/v2\/posts"}],"about":[{"href":"https:\/\/deportodos.com.ar\/2023\/wp-json\/wp\/v2\/types\/post"}],"author":[{"embeddable":true,"href":"https:\/\/deportodos.com.ar\/2023\/wp-json\/wp\/v2\/users\/2"}],"replies":[{"embeddable":true,"href":"https:\/\/deportodos.com.ar\/2023\/wp-json\/wp\/v2\/comments?post=4768"}],"version-history":[{"count":1,"href":"https:\/\/deportodos.com.ar\/2023\/wp-json\/wp\/v2\/posts\/4768\/revisions"}],"predecessor-version":[{"id":4770,"href":"https:\/\/deportodos.com.ar\/2023\/wp-json\/wp\/v2\/posts\/4768\/revisions\/4770"}],"wp:featuredmedia":[{"embeddable":true,"href":"https:\/\/deportodos.com.ar\/2023\/wp-json\/wp\/v2\/media\/4769"}],"wp:attachment":[{"href":"https:\/\/deportodos.com.ar\/2023\/wp-json\/wp\/v2\/media?parent=4768"}],"wp:term":[{"taxonomy":"category","embeddable":true,"href":"https:\/\/deportodos.com.ar\/2023\/wp-json\/wp\/v2\/categories?post=4768"},{"taxonomy":"post_tag","embeddable":true,"href":"https:\/\/deportodos.com.ar\/2023\/wp-json\/wp\/v2\/tags?post=4768"}],"curies":[{"name":"wp","href":"https:\/\/api.w.org\/{rel}","templated":true}]}}