{"id":4774,"date":"2025-12-26T17:35:17","date_gmt":"2025-12-26T17:35:17","guid":{"rendered":"https:\/\/deportodos.com.ar\/2023\/?p=4774"},"modified":"2025-12-26T17:35:19","modified_gmt":"2025-12-26T17:35:19","slug":"se-juega-la-segunda","status":"publish","type":"post","link":"https:\/\/deportodos.com.ar\/2023\/se-juega-la-segunda\/","title":{"rendered":"SE JUEGA LA SEGUNDA"},"content":{"rendered":"\n<p>Hoy viernes tendr\u00e1 continuidad la Copa Entre R\u00edos de f\u00fatbol femenino, con la disputa de siete nuevos encuentros.<\/p>\n\n\n\n<p>En el marco de la segunda fecha de la fase de grupos, catorce de los diecisiete participantes tendr\u00e1n actividad.<\/p>\n\n\n\n<p>Algunos de ellos, disputar\u00e1n su segundo duelo de la temporada, en tanto que, para Pe\u00f1arol de Rosario del Tala y La Higuera y La China, ambos de Concepci\u00f3n del Uruguay, ser\u00e1 el debut en la competencia, ya que vienen de tener fecha libre el fin de semana pasado.<\/p>\n\n\n\n<p>La fecha comenzar\u00e1 a desarrollarse este viernes por la noche, con un duelo en la Hist\u00f3rica, continuar\u00e1 el s\u00e1bado, cuando se desarrolle el encuentro programado en Chajar\u00ed, tendr\u00e1 otros dos cap\u00edtulos el domingo en San Jos\u00e9 y Concepci\u00f3n del Uruguay, tendr\u00e1 continuidad el pr\u00f3ximo martes, con otro par de enfrentamientos en Paran\u00e1 y Federal, y finalizar\u00e1 el viernes venidero, en La Paz.<\/p>\n\n\n\n<p>Vale recordar que, durante la noche de este jueves, Barrio Sud de Villaguay y San Benito de Paran\u00e1 completar\u00e1n la primera fecha, cuando se enfrentes, desde las 20 hs, en el centro de la provincia.<\/p>\n\n\n\n<p>A continuaci\u00f3n, el detalle de cada uno de los encuentros a llevarse a cabo durante esta primera jornada:<\/p>\n\n\n\n<p>Zona 1:<\/p>\n\n\n\n<p><strong>Caball\u00fa (La Paz) \u2013 Barrio Sud (Villaguay)<\/strong><\/p>\n\n\n\n<p>Viernes 26\/12 \u2013 18 hs. Cancha de Patronato<\/p>\n\n\n\n<p><strong>San Benito (Paran\u00e1) \u2013 Malvinas (La Paz)<\/strong><\/p>\n\n\n\n<p>Martes 23\/12 \u2013 17 hs. Cancha de Ministerio<\/p>\n\n\n\n<p>Zona 2:<\/p>\n\n\n\n<p><strong>Santa Rosa (Chajar\u00ed) \u2013 Santa Mar\u00eda de Oro (Concordia)<\/strong><\/p>\n\n\n\n<p>S\u00e1bado 20\/12 \u2013 19 hs. Cancha de Santa Rosa<\/p>\n\n\n\n<p><strong>Atl\u00e9tico Nueva Vizcaya \u2013 Los Teros (Feliciano)<\/strong><\/p>\n\n\n\n<p>Martes 23\/12 \u2013 19 hs. Cancha de Escuela Dieguito<\/p>\n\n\n\n<p>Zona 3:<\/p>\n\n\n\n<p><strong>San Jos\u00e9 \u2013 Pe\u00f1arol (RdT)<\/strong><\/p>\n\n\n\n<p>Domingo 21\/12 \u2013 17 hs. Cancha de San Jos\u00e9<\/p>\n\n\n\n<p>Zona 4:<\/p>\n\n\n\n<p><strong>Gimnasia (CdU) \u2013 La Higuera (CdU)<\/strong><\/p>\n\n\n\n<p>Viernes 19\/12 \u2013 21 hs. Cancha de Gimnasia<\/p>\n\n\n\n<p>Zona 5:<\/p>\n\n\n\n<p><strong>Atl\u00e9tico Uruguay \u2013 La China (CdU)<\/strong><\/p>\n\n\n\n<p>Domingo 21\/12 \u2013 18 hs. Cancha de Atl\u00e9tico Uruguay<\/p>\n\n\n\n<blockquote class=\"wp-block-quote is-layout-flow wp-block-quote-is-layout-flow\">\n<p>www.federacionentrerrianadefutbol.org.ar<\/p>\n<\/blockquote>\n","protected":false},"excerpt":{"rendered":"<p>Hoy viernes tendr\u00e1 continuidad la Copa Entre R\u00edos de f\u00fatbol femenino, con la disputa de&#8230;<\/p>\n","protected":false},"author":2,"featured_media":4775,"comment_status":"open","ping_status":"open","sticky":false,"template":"","format":"standard","meta":{"footnotes":""},"categories":[36],"tags":[],"class_list":["post-4774","post","type-post","status-publish","format-standard","has-post-thumbnail","hentry","category-futbol"],"featured_image_urls":{"full":["https:\/\/deportodos.com.ar\/2023\/wp-content\/uploads\/2025\/12\/FEF-28.png",600,380,false],"thumbnail":["https:\/\/deportodos.com.ar\/2023\/wp-content\/uploads\/2025\/12\/FEF-28-150x150.png",150,150,true],"medium":["https:\/\/deportodos.com.ar\/2023\/wp-content\/uploads\/2025\/12\/FEF-28-300x190.png",300,190,true],"medium_large":["https:\/\/deportodos.com.ar\/2023\/wp-content\/uploads\/2025\/12\/FEF-28.png",600,380,false],"large":["https:\/\/deportodos.com.ar\/2023\/wp-content\/uploads\/2025\/12\/FEF-28.png",600,380,false],"1536x1536":["https:\/\/deportodos.com.ar\/2023\/wp-content\/uploads\/2025\/12\/FEF-28.png",600,380,false],"2048x2048":["https:\/\/deportodos.com.ar\/2023\/wp-content\/uploads\/2025\/12\/FEF-28.png",600,380,false],"covernews-featured":["https:\/\/deportodos.com.ar\/2023\/wp-content\/uploads\/2025\/12\/FEF-28.png",600,380,false],"covernews-medium":["https:\/\/deportodos.com.ar\/2023\/wp-content\/uploads\/2025\/12\/FEF-28-540x340.png",540,340,true]},"author_info":{"display_name":"c2530142","author_link":"https:\/\/deportodos.com.ar\/2023\/author\/c2530142\/"},"category_info":"<a href=\"https:\/\/deportodos.com.ar\/2023\/category\/futbol\/\" rel=\"category tag\">Futbol<\/a>","tag_info":"Futbol","comment_count":"0","_links":{"self":[{"href":"https:\/\/deportodos.com.ar\/2023\/wp-json\/wp\/v2\/posts\/4774","targetHints":{"allow":["GET"]}}],"collection":[{"href":"https:\/\/deportodos.com.ar\/2023\/wp-json\/wp\/v2\/posts"}],"about":[{"href":"https:\/\/deportodos.com.ar\/2023\/wp-json\/wp\/v2\/types\/post"}],"author":[{"embeddable":true,"href":"https:\/\/deportodos.com.ar\/2023\/wp-json\/wp\/v2\/users\/2"}],"replies":[{"embeddable":true,"href":"https:\/\/deportodos.com.ar\/2023\/wp-json\/wp\/v2\/comments?post=4774"}],"version-history":[{"count":1,"href":"https:\/\/deportodos.com.ar\/2023\/wp-json\/wp\/v2\/posts\/4774\/revisions"}],"predecessor-version":[{"id":4776,"href":"https:\/\/deportodos.com.ar\/2023\/wp-json\/wp\/v2\/posts\/4774\/revisions\/4776"}],"wp:featuredmedia":[{"embeddable":true,"href":"https:\/\/deportodos.com.ar\/2023\/wp-json\/wp\/v2\/media\/4775"}],"wp:attachment":[{"href":"https:\/\/deportodos.com.ar\/2023\/wp-json\/wp\/v2\/media?parent=4774"}],"wp:term":[{"taxonomy":"category","embeddable":true,"href":"https:\/\/deportodos.com.ar\/2023\/wp-json\/wp\/v2\/categories?post=4774"},{"taxonomy":"post_tag","embeddable":true,"href":"https:\/\/deportodos.com.ar\/2023\/wp-json\/wp\/v2\/tags?post=4774"}],"curies":[{"name":"wp","href":"https:\/\/api.w.org\/{rel}","templated":true}]}}