{"id":4783,"date":"2025-12-28T21:57:18","date_gmt":"2025-12-28T21:57:18","guid":{"rendered":"https:\/\/deportodos.com.ar\/2023\/?p=4783"},"modified":"2025-12-28T21:57:19","modified_gmt":"2025-12-28T21:57:19","slug":"gran-marco-de-publico-en-los-10k-y-5k-del-autodromo-de-concordia","status":"publish","type":"post","link":"https:\/\/deportodos.com.ar\/2023\/gran-marco-de-publico-en-los-10k-y-5k-del-autodromo-de-concordia\/","title":{"rendered":"GRAN MARCO DE P\u00daBLICO EN LOS 10K Y 5K DEL AUT\u00d3DROMO DE CONCORDIA"},"content":{"rendered":"\n<p>En una jornada marcada por una temperatura bastante elevada, este s\u00e1bado 2 de diciembre de 2025 se vivi\u00f3 una verdadera fiesta del atletismo en la zona de Villa Zorraqu\u00edn, con la realizaci\u00f3n de la segunda edici\u00f3n de los \u201c10K y 5K Aut\u00f3dromo de Concordia\u201d.<\/p>\n\n\n\n<p>El evento convoc\u00f3 a m\u00e1s de 200 corredores y a un importante n\u00famero de espectadores que acompa\u00f1aron la competencia. La largada se realiz\u00f3 a las 18:30 horas, iniciando primero la prueba de 5 kil\u00f3metros y posteriormente la de 10 kil\u00f3metros.<\/p>\n\n\n\n<p>En los 10K, no hubo grandes sorpresas en los resultados, ya que desde el mismo momento de la largada qued\u00f3 en evidencia el gran nivel del atleta uruguayo de Salto, Agust\u00edn Lima, quien se qued\u00f3 con el triunfo en caballeros. En damas, la victoria fue para Daniela Penoni, de Chajar\u00ed, quien atraviesa un excelente momento deportivo y corri\u00f3 en soledad, sacando m\u00e1s de ocho minutos de ventaja sobre sus perseguidoras.<\/p>\n\n\n\n<p>En los 5K, el triunfo fue para el atleta de Los Conquistadores, Ger\u00f3nimo Corujo, mientras que en damas la ganadora fue Ximena Simeone, de Puerto Yeru\u00e1.<\/p>\n\n\n\n<p>Podios destacados<\/p>\n\n\n\n<p>En los 10K caballeros, los escoltas de Lima fueron los concordienses Silvio Altamirano y Ignacio \u201cNacho\u201d Bracco.<br>En 10K damas, las concordienses D\u00e1maris Go\u00f1i y Daiana Roggero ocuparon el segundo y tercer lugar respectivamente.<\/p>\n\n\n\n<p>En los 5K caballeros, acompa\u00f1aron a Corujo en el podio el salte\u00f1o Luis Mendieta y el concordiense Juan Saboredo.<\/p>\n\n\n\n<p>En 5K damas, el segundo lugar fue para Greta Victoria Rodr\u00edguez, del Team Deportes Villa Adela, mientras que el tercer puesto qued\u00f3 en manos de Rosa Monz\u00f3n, de Feliciano.<\/p>\n\n\n\n<p>Una excelente carrera para tener en cuenta de cara a futuras ediciones, con un circuito casi plano, ideal para cerrar el a\u00f1o deportivo y evaluar el estado f\u00edsico de los atletas de cara a los compromisos que llegar\u00e1n al inicio de la pr\u00f3xima temporada.<\/p>\n\n\n\n<p>Resultados Generales<br>&#x1f539; 10 Kil\u00f3metros \u2013 Damas<br>1&#xfe0f;&#x20e3; Daniela Penoni (Chajar\u00ed) \u2013 00:38:52<br>2&#xfe0f;&#x20e3; D\u00e1maris Go\u00f1i (Concordia) \u2013 00:46:25<br>3&#xfe0f;&#x20e3; Daiana Roggero (Gualeguay) \u2013 00:47:32<\/p>\n\n\n\n<p>&#x1f539; 10 Kil\u00f3metros \u2013 Caballeros<br>1&#xfe0f;&#x20e3; Agust\u00edn Lima (Salto, Uruguay) \u2013 00:33:24<br>2&#xfe0f;&#x20e3; Silvio Altamirano (Concordia) \u2013 00:34:11<br>3&#xfe0f;&#x20e3; Ignacio Bracco (Concordia) \u2013 00:34:49<\/p>\n\n\n\n<p>&#x1f539; 5 Kil\u00f3metros \u2013 Damas<br>1&#xfe0f;&#x20e3; Ximena Anah\u00ed Simeone (Puerto Yeru\u00e1) \u2013 00:18:30<br>2&#xfe0f;&#x20e3; Greta Victoria Rodr\u00edguez (Villa Adela) \u2013 00:19:52<br>3&#xfe0f;&#x20e3; Rosa Monz\u00f3n (Feliciano) \u2013 00:20:26<\/p>\n\n\n\n<p>5 Kil\u00f3metros \u2013 Caballeros<br>1&#xfe0f;&#x20e3; Ger\u00f3nimo Corujo (Los Conquistadores) \u2013 00:15:45<br>2&#xfe0f;&#x20e3; Luis Mendieta (Salto, Uruguay) \u2013 00:16:08<br>3&#xfe0f;&#x20e3; Juan Saboredo (Concordia) \u2013 00:16:31<\/p>\n\n\n\n<blockquote class=\"wp-block-quote is-layout-flow wp-block-quote-is-layout-flow\">\n<p>www.deportesvillaadela.blogspot.com<\/p>\n<\/blockquote>\n","protected":false},"excerpt":{"rendered":"<p>En una jornada marcada por una temperatura bastante elevada, este s\u00e1bado 2 de diciembre de&#8230;<\/p>\n","protected":false},"author":2,"featured_media":4784,"comment_status":"open","ping_status":"open","sticky":false,"template":"","format":"standard","meta":{"footnotes":""},"categories":[5],"tags":[],"class_list":["post-4783","post","type-post","status-publish","format-standard","has-post-thumbnail","hentry","category-atletismo"],"featured_image_urls":{"full":["https:\/\/deportodos.com.ar\/2023\/wp-content\/uploads\/2025\/12\/DSC_5493-Copy.jpg",398,266,false],"thumbnail":["https:\/\/deportodos.com.ar\/2023\/wp-content\/uploads\/2025\/12\/DSC_5493-Copy-150x150.jpg",150,150,true],"medium":["https:\/\/deportodos.com.ar\/2023\/wp-content\/uploads\/2025\/12\/DSC_5493-Copy-300x201.jpg",300,201,true],"medium_large":["https:\/\/deportodos.com.ar\/2023\/wp-content\/uploads\/2025\/12\/DSC_5493-Copy.jpg",398,266,false],"large":["https:\/\/deportodos.com.ar\/2023\/wp-content\/uploads\/2025\/12\/DSC_5493-Copy.jpg",398,266,false],"1536x1536":["https:\/\/deportodos.com.ar\/2023\/wp-content\/uploads\/2025\/12\/DSC_5493-Copy.jpg",398,266,false],"2048x2048":["https:\/\/deportodos.com.ar\/2023\/wp-content\/uploads\/2025\/12\/DSC_5493-Copy.jpg",398,266,false],"covernews-featured":["https:\/\/deportodos.com.ar\/2023\/wp-content\/uploads\/2025\/12\/DSC_5493-Copy.jpg",398,266,false],"covernews-medium":["https:\/\/deportodos.com.ar\/2023\/wp-content\/uploads\/2025\/12\/DSC_5493-Copy.jpg",398,266,false]},"author_info":{"display_name":"c2530142","author_link":"https:\/\/deportodos.com.ar\/2023\/author\/c2530142\/"},"category_info":"<a href=\"https:\/\/deportodos.com.ar\/2023\/category\/atletismo\/\" rel=\"category tag\">Atletismo<\/a>","tag_info":"Atletismo","comment_count":"0","_links":{"self":[{"href":"https:\/\/deportodos.com.ar\/2023\/wp-json\/wp\/v2\/posts\/4783","targetHints":{"allow":["GET"]}}],"collection":[{"href":"https:\/\/deportodos.com.ar\/2023\/wp-json\/wp\/v2\/posts"}],"about":[{"href":"https:\/\/deportodos.com.ar\/2023\/wp-json\/wp\/v2\/types\/post"}],"author":[{"embeddable":true,"href":"https:\/\/deportodos.com.ar\/2023\/wp-json\/wp\/v2\/users\/2"}],"replies":[{"embeddable":true,"href":"https:\/\/deportodos.com.ar\/2023\/wp-json\/wp\/v2\/comments?post=4783"}],"version-history":[{"count":1,"href":"https:\/\/deportodos.com.ar\/2023\/wp-json\/wp\/v2\/posts\/4783\/revisions"}],"predecessor-version":[{"id":4785,"href":"https:\/\/deportodos.com.ar\/2023\/wp-json\/wp\/v2\/posts\/4783\/revisions\/4785"}],"wp:featuredmedia":[{"embeddable":true,"href":"https:\/\/deportodos.com.ar\/2023\/wp-json\/wp\/v2\/media\/4784"}],"wp:attachment":[{"href":"https:\/\/deportodos.com.ar\/2023\/wp-json\/wp\/v2\/media?parent=4783"}],"wp:term":[{"taxonomy":"category","embeddable":true,"href":"https:\/\/deportodos.com.ar\/2023\/wp-json\/wp\/v2\/categories?post=4783"},{"taxonomy":"post_tag","embeddable":true,"href":"https:\/\/deportodos.com.ar\/2023\/wp-json\/wp\/v2\/tags?post=4783"}],"curies":[{"name":"wp","href":"https:\/\/api.w.org\/{rel}","templated":true}]}}