{"id":4786,"date":"2025-12-29T01:43:35","date_gmt":"2025-12-29T01:43:35","guid":{"rendered":"https:\/\/deportodos.com.ar\/2023\/?p=4786"},"modified":"2025-12-29T01:43:36","modified_gmt":"2025-12-29T01:43:36","slug":"copa-entre-rios-femenina-samta-maria-de-oro-goleo-a-nueva-vizcaya","status":"publish","type":"post","link":"https:\/\/deportodos.com.ar\/2023\/copa-entre-rios-femenina-samta-maria-de-oro-goleo-a-nueva-vizcaya\/","title":{"rendered":"COPA ENTRE R\u00cdOS FEMENINA: SAMTA MAR\u00cdA DE ORO GOLE\u00d3 A NUEVA VIZCAYA"},"content":{"rendered":"\n<p>La acci\u00f3n de este domingo por la tercera fecha de la Copa Entre R\u00edos de f\u00fatbol femenino tuvo actividad parcial. Se jugaron tres de los cuatro partidos, ya que se posterg\u00f3 el encuentro entre Los Teros de Feliciano y Santa Rosa de Chajar\u00ed como consecuencia del mal tiempo. Ese partido se disputar\u00e1 el martes 30, desde las 21.<\/p>\n\n\n\n<p>Por esa misma Zona, la 2, hubo partido en concordia entre Santa Mar\u00eda de Oro y Atl\u00e9tico Nueva Vizcaya. Fue goleada de los concordienses por 13-0 en un duelo que no tuvo equivalencias.<\/p>\n\n\n\n<p>El duelo nocturno de la jornada fue el correspondiente a la Zona 3, que acab\u00f3 con victoria de Deportivo Urdinarrain por 2-0 en condici\u00f3n de visitante ante Sportivo Pe\u00f1arol de Tala.<\/p>\n\n\n\n<p>En cuanto a la Zona 4, el \u00fanico partido que se jug\u00f3 este domingo acab\u00f3 empatado 1-1 entre La Higuera de Concepci\u00f3n del Uruguay y Juventud Unida de Gualeguaych\u00fa.<\/p>\n\n\n\n<p>Este lunes se jugar\u00e1 uno de los dos partidos pendientes por la Zona 1, ya que Barrio Sud de Villaguay recibir\u00e1 a Malvinas de la Paz a partir de las 21. Por esa zona resta por definir el d\u00eda en que jugar\u00e1n San Benito Paran\u00e1 y Caball\u00fa de La Paz.<\/p>\n\n\n\n<p><strong>Fixture | Fecha 3 | Copa Entre R\u00edos<\/strong><br>-Zona 1:<br>Lunes 29\/12:<br>21: Barrio Sud (Villaguay) &#8211; Malvinas (La Paz).<br><br>A CONFIRMAR:<br>San Benito Paran\u00e1 &#8211; Caball\u00fa (La Paz).<br><br>-Zona 2:<br>Domingo 28\/12:<br>Santa Mar\u00eda de Oro (Concordia)&nbsp;<strong>13-0<\/strong>&nbsp;Atl\u00e9tico Nueva Vizcaya.<br><br>Martes 30\/12 (REPROGRAMADO):<br>21: Los Teros (Feliciano) &#8211; Santa Rosa (Chajar\u00ed).<br><br>-Zona 3:<br>Domingo 28\/12:<br>Sportivo Pe\u00f1arol (Rosario del Tala)&nbsp;<strong>0-2<\/strong>&nbsp;Deportivo Urdinarrain.<br>Libre: San Jos\u00e9.<br><br>-Zona 4:<br>Domingo 28\/12:<br>La Higuera (Concepci\u00f3n del Uruguay)&nbsp;<strong>1-1<\/strong>&nbsp;Juventud Unida (Gualeguaych\u00fa).<br>Libre: Gimnasia (Concepci\u00f3n del Uruguay).<br><br>-Zona 5:<br>S\u00e1bado 27\/12:<br>La China&nbsp;<strong>0-1<\/strong>&nbsp;Independiente (Gualeguaych\u00fa).<br>Libre: Atl\u00e9tico Uruguay.&nbsp;<\/p>\n\n\n\n<blockquote class=\"wp-block-quote is-layout-flow wp-block-quote-is-layout-flow\">\n<p>www.analisisdigital.com.ar<\/p>\n<\/blockquote>\n","protected":false},"excerpt":{"rendered":"<p>La acci\u00f3n de este domingo por la tercera fecha de la Copa Entre R\u00edos de&#8230;<\/p>\n","protected":false},"author":2,"featured_media":4787,"comment_status":"open","ping_status":"open","sticky":false,"template":"","format":"standard","meta":{"footnotes":""},"categories":[36],"tags":[],"class_list":["post-4786","post","type-post","status-publish","format-standard","has-post-thumbnail","hentry","category-futbol"],"featured_image_urls":{"full":["https:\/\/deportodos.com.ar\/2023\/wp-content\/uploads\/2025\/12\/santa-maria-de-oro.jpg.webp",900,507,false],"thumbnail":["https:\/\/deportodos.com.ar\/2023\/wp-content\/uploads\/2025\/12\/santa-maria-de-oro.jpg-150x150.webp",150,150,true],"medium":["https:\/\/deportodos.com.ar\/2023\/wp-content\/uploads\/2025\/12\/santa-maria-de-oro.jpg-300x169.webp",300,169,true],"medium_large":["https:\/\/deportodos.com.ar\/2023\/wp-content\/uploads\/2025\/12\/santa-maria-de-oro.jpg-768x433.webp",640,361,true],"large":["https:\/\/deportodos.com.ar\/2023\/wp-content\/uploads\/2025\/12\/santa-maria-de-oro.jpg.webp",640,361,false],"1536x1536":["https:\/\/deportodos.com.ar\/2023\/wp-content\/uploads\/2025\/12\/santa-maria-de-oro.jpg.webp",900,507,false],"2048x2048":["https:\/\/deportodos.com.ar\/2023\/wp-content\/uploads\/2025\/12\/santa-maria-de-oro.jpg.webp",900,507,false],"covernews-featured":["https:\/\/deportodos.com.ar\/2023\/wp-content\/uploads\/2025\/12\/santa-maria-de-oro.jpg.webp",900,507,false],"covernews-medium":["https:\/\/deportodos.com.ar\/2023\/wp-content\/uploads\/2025\/12\/santa-maria-de-oro.jpg-540x340.webp",540,340,true]},"author_info":{"display_name":"c2530142","author_link":"https:\/\/deportodos.com.ar\/2023\/author\/c2530142\/"},"category_info":"<a href=\"https:\/\/deportodos.com.ar\/2023\/category\/futbol\/\" rel=\"category tag\">Futbol<\/a>","tag_info":"Futbol","comment_count":"0","_links":{"self":[{"href":"https:\/\/deportodos.com.ar\/2023\/wp-json\/wp\/v2\/posts\/4786","targetHints":{"allow":["GET"]}}],"collection":[{"href":"https:\/\/deportodos.com.ar\/2023\/wp-json\/wp\/v2\/posts"}],"about":[{"href":"https:\/\/deportodos.com.ar\/2023\/wp-json\/wp\/v2\/types\/post"}],"author":[{"embeddable":true,"href":"https:\/\/deportodos.com.ar\/2023\/wp-json\/wp\/v2\/users\/2"}],"replies":[{"embeddable":true,"href":"https:\/\/deportodos.com.ar\/2023\/wp-json\/wp\/v2\/comments?post=4786"}],"version-history":[{"count":1,"href":"https:\/\/deportodos.com.ar\/2023\/wp-json\/wp\/v2\/posts\/4786\/revisions"}],"predecessor-version":[{"id":4788,"href":"https:\/\/deportodos.com.ar\/2023\/wp-json\/wp\/v2\/posts\/4786\/revisions\/4788"}],"wp:featuredmedia":[{"embeddable":true,"href":"https:\/\/deportodos.com.ar\/2023\/wp-json\/wp\/v2\/media\/4787"}],"wp:attachment":[{"href":"https:\/\/deportodos.com.ar\/2023\/wp-json\/wp\/v2\/media?parent=4786"}],"wp:term":[{"taxonomy":"category","embeddable":true,"href":"https:\/\/deportodos.com.ar\/2023\/wp-json\/wp\/v2\/categories?post=4786"},{"taxonomy":"post_tag","embeddable":true,"href":"https:\/\/deportodos.com.ar\/2023\/wp-json\/wp\/v2\/tags?post=4786"}],"curies":[{"name":"wp","href":"https:\/\/api.w.org\/{rel}","templated":true}]}}