{"id":4789,"date":"2025-12-29T01:46:03","date_gmt":"2025-12-29T01:46:03","guid":{"rendered":"https:\/\/deportodos.com.ar\/2023\/?p=4789"},"modified":"2025-12-29T01:46:04","modified_gmt":"2025-12-29T01:46:04","slug":"copa-entre-rios-masculina-se-disputo-parcialmente-la-actividad-del-domongo","status":"publish","type":"post","link":"https:\/\/deportodos.com.ar\/2023\/copa-entre-rios-masculina-se-disputo-parcialmente-la-actividad-del-domongo\/","title":{"rendered":"COPA ENTRE R\u00cdOS MASCULINA: SE DISPUT\u00d3 PARCIALMENTE LA ACTIVIDAD DEL DOMONGO"},"content":{"rendered":"\n<p>Este domingo deb\u00eda disputarse buena parte de la actividad correspondiente a la segunda fecha de la Copa Entre R\u00edos de f\u00fatbol masculino. Sin embargo, el tiempo volvi\u00f3 a jugar una mala pasada y algunos de los encuentros debieron ser postergados.<\/p>\n\n\n\n<p>Entre los partidos que reprogramaron se encuentra el duelo entre Don Bosco y Pe\u00f1arol, que deb\u00eda jugarse este domingo a las 18 por la Zona 1. Tanto ese partido como el que deb\u00edan protagonizar Arsenal de Viale y Uni\u00f3n de Crespo por el mismo grupo fueron postergados. Los paranaenses se enfrentar\u00e1n el martes desde las 17.30; minentras que vialenses y crespenses se medir\u00e1n desde las 20.30.<\/p>\n\n\n\n<p>El otro encuentro suspendido fue el que deb\u00edan protagonizar Am\u00e9rica de Federaci\u00f3n y 1\u00b0 de Mayo de Chajar\u00ed, que jugar\u00e1n su partido por la Zona 10 este lunes a partir de las 21.<\/p>\n\n\n\n<p><strong>Hubo actividad<\/strong><\/p>\n\n\n\n<p>Todas las postergaciones mencionadas no impidieron la disputa de varios de los encuentros previstos para este d\u00eda.<\/p>\n\n\n\n<p>Por la Zona 2, Pe\u00f1arol de Basavilbaso derrot\u00f3 a Sarmiento de Crespo por 1-0, con lo que se complet\u00f3 la actividad de la fecha, ya que el s\u00e1bado hubo triunfo de Newell\u2019s de Victoria por 3-1 ante Juventud y Ferrocarril Unidos de Carb\u00f3.<\/p>\n\n\n\n<p>Dentro de la Zona 3, La Academia de Galarza y Cultural de Crespo protagonizaron un partidazo que finaliz\u00f3 3-3, completando la fecha que inici\u00f3 el viernes 19 con el 2-0 de El Porvenir de Santa Anita ante Defensores del Oeste de Basavilbaso.<\/p>\n\n\n\n<p>En la Zona 4 hubo victorias visitantes en los dos partidos: Camba Cu\u00e1 y Malvinas vencieron a Urquiza y Caball\u00fa respectivamente, ambos por 1-0.<\/p>\n\n\n\n<p>Ya en la noche, San Jos\u00e9 venci\u00f3 a Libertad de Concordia por 1-0 con un golazo de Alan Villar para completar la actividad que inici\u00f3 el viernes 19 con el triunfazo de Almagro ante Rivadavia por 4-3.<\/p>\n\n\n\n<p>En la Zona 8, Juventud Unida de General Campos y Atl\u00e9tico Liebig empataron 1-1, mientras que el duelo entre Lan\u00fas y Defensores de N\u00e9bel que se jug\u00f3 en cancha de Gimnasia de Concepci\u00f3n del Uruguay hubo victoria del visitante con un gol del experimentado Gustavo Bou de tiro libre a cinco minutos del final: fue 1-0 para los concordienses.<\/p>\n\n\n\n<p><strong>Fixture y resultados | Copa Entre R\u00edos | Fecha 2<\/strong><br>-Zona 1:<br>Martes 30\/12 (REPROGRAMADOS).<br>17.30: Don Bosco &#8211; Pe\u00f1arol.<br>20.30: Arsenal (Viale) &#8211; Uni\u00f3n (Crespo).<br><br>-Zona 2:<br>S\u00e1bado 27\/12:<br>Juventud y Ferrocarril Unidos (Carb\u00f3)&nbsp;<strong>1-3<\/strong>&nbsp;Newell\u2019s (Victoria).<br><br>Domingo 28\/12:<br>Sarmiento (Crespo)&nbsp;<strong>0-1<\/strong>&nbsp;Pe\u00f1arol (Basavilbaso).<br><br>-Zona 3:<br>Viernes 19\/12:<br>El Porvenir (Santa Anita)&nbsp;<strong>2-0<\/strong>&nbsp;Defensores del Oeste (Basavilbaso).<br><br>Domingo 28\/12:<br>La Academia (Galarza)&nbsp;<strong>3-3<\/strong>&nbsp;Cultural (Crespo).<br><br>-Zona 4:<br>Domingo 28\/12:<br>Urquiza (Santa Elena)&nbsp;<strong>0-1<\/strong>&nbsp;Camba Cu\u00e1 (Santa Elena).<br>Caball\u00fa (La Paz)&nbsp;<strong>0-1<\/strong>&nbsp;Malvinas (Federal).<br><br>-Zona 5:<br>Domingo 21\/12:<br>Engranaje (Concepci\u00f3n del Uruguay)&nbsp;<strong>2-0&nbsp;<\/strong>Atl\u00e9tico Colonia El\u00eda.<br>Deportivo San Marcial&nbsp;<strong>0-1<\/strong>&nbsp;Deportivo Urdinarrain.<br><br>-Zona 6:<br>Domingo 21\/12:<br>Juventud Urdinarrain&nbsp;<strong>0-0<\/strong>&nbsp;Parque Sur (Concepci\u00f3n del Uruguay).<br><br>Viernes 26\/12:<br>Mar\u00eda Auxiliadora (Concepci\u00f3n del Uruguay)&nbsp;<strong>0-2<\/strong>&nbsp;Deportivo Ubajay.<br><br>-Zona 7:<br>Viernes 19\/12:<br>Rivadavia (Concepci\u00f3n del Uruguay)&nbsp;<strong>3-4<\/strong>&nbsp;Almagro (Concepci\u00f3n del Uruguay).<br><br>Domingo 28\/12:<br>San Jos\u00e9&nbsp;<strong>1-0<\/strong>&nbsp;Libertad (Concordia).<br><br>-Zona 8:<br>Domingo 28\/12:<br>Juventud Unida (General Campos)&nbsp;<strong>1-1<\/strong>&nbsp;Atl\u00e9tico Liebig.<br>Lan\u00fas (Concepci\u00f3n del Uruguay)&nbsp;<strong>0-1<\/strong>&nbsp;Defensores de N\u00e9bel (Concordia).<br><br>-Zona 9:<br>Lunes 22\/12:<br>Colegiales (Concordia)&nbsp;<strong>0-0<\/strong>&nbsp;La Bianca (Concordia).<br><br>S\u00e1bado 27\/12:<br>Cosmos (Federaci\u00f3n)&nbsp;<strong>2-2&nbsp;<\/strong>La Florida (Chajar\u00ed).<br><br>-Zona 10:<br>Martes 23\/12:<br>Independiente (Villa del Rosario)&nbsp;<strong>3-2<\/strong>&nbsp;Uni\u00f3n (Concordia).<br><br>Lunes 29\/12 (REPROGRAMADO):<br>21: Am\u00e9rica (Federaci\u00f3n) &#8211; 1\u00b0 de Mayo (Chajar\u00ed).<\/p>\n\n\n\n<blockquote class=\"wp-block-quote is-layout-flow wp-block-quote-is-layout-flow\">\n<p>www.analisisdigital.com.ar<\/p>\n<\/blockquote>\n","protected":false},"excerpt":{"rendered":"<p>Este domingo deb\u00eda disputarse buena parte de la actividad correspondiente a la segunda fecha de&#8230;<\/p>\n","protected":false},"author":2,"featured_media":4790,"comment_status":"open","ping_status":"open","sticky":false,"template":"","format":"standard","meta":{"footnotes":""},"categories":[36],"tags":[],"class_list":["post-4789","post","type-post","status-publish","format-standard","has-post-thumbnail","hentry","category-futbol"],"featured_image_urls":{"full":["https:\/\/deportodos.com.ar\/2023\/wp-content\/uploads\/2025\/12\/camba-cua.jpg.webp",900,507,false],"thumbnail":["https:\/\/deportodos.com.ar\/2023\/wp-content\/uploads\/2025\/12\/camba-cua.jpg-150x150.webp",150,150,true],"medium":["https:\/\/deportodos.com.ar\/2023\/wp-content\/uploads\/2025\/12\/camba-cua.jpg-300x169.webp",300,169,true],"medium_large":["https:\/\/deportodos.com.ar\/2023\/wp-content\/uploads\/2025\/12\/camba-cua.jpg-768x433.webp",640,361,true],"large":["https:\/\/deportodos.com.ar\/2023\/wp-content\/uploads\/2025\/12\/camba-cua.jpg.webp",640,361,false],"1536x1536":["https:\/\/deportodos.com.ar\/2023\/wp-content\/uploads\/2025\/12\/camba-cua.jpg.webp",900,507,false],"2048x2048":["https:\/\/deportodos.com.ar\/2023\/wp-content\/uploads\/2025\/12\/camba-cua.jpg.webp",900,507,false],"covernews-featured":["https:\/\/deportodos.com.ar\/2023\/wp-content\/uploads\/2025\/12\/camba-cua.jpg.webp",900,507,false],"covernews-medium":["https:\/\/deportodos.com.ar\/2023\/wp-content\/uploads\/2025\/12\/camba-cua.jpg-540x340.webp",540,340,true]},"author_info":{"display_name":"c2530142","author_link":"https:\/\/deportodos.com.ar\/2023\/author\/c2530142\/"},"category_info":"<a href=\"https:\/\/deportodos.com.ar\/2023\/category\/futbol\/\" rel=\"category tag\">Futbol<\/a>","tag_info":"Futbol","comment_count":"0","_links":{"self":[{"href":"https:\/\/deportodos.com.ar\/2023\/wp-json\/wp\/v2\/posts\/4789","targetHints":{"allow":["GET"]}}],"collection":[{"href":"https:\/\/deportodos.com.ar\/2023\/wp-json\/wp\/v2\/posts"}],"about":[{"href":"https:\/\/deportodos.com.ar\/2023\/wp-json\/wp\/v2\/types\/post"}],"author":[{"embeddable":true,"href":"https:\/\/deportodos.com.ar\/2023\/wp-json\/wp\/v2\/users\/2"}],"replies":[{"embeddable":true,"href":"https:\/\/deportodos.com.ar\/2023\/wp-json\/wp\/v2\/comments?post=4789"}],"version-history":[{"count":1,"href":"https:\/\/deportodos.com.ar\/2023\/wp-json\/wp\/v2\/posts\/4789\/revisions"}],"predecessor-version":[{"id":4791,"href":"https:\/\/deportodos.com.ar\/2023\/wp-json\/wp\/v2\/posts\/4789\/revisions\/4791"}],"wp:featuredmedia":[{"embeddable":true,"href":"https:\/\/deportodos.com.ar\/2023\/wp-json\/wp\/v2\/media\/4790"}],"wp:attachment":[{"href":"https:\/\/deportodos.com.ar\/2023\/wp-json\/wp\/v2\/media?parent=4789"}],"wp:term":[{"taxonomy":"category","embeddable":true,"href":"https:\/\/deportodos.com.ar\/2023\/wp-json\/wp\/v2\/categories?post=4789"},{"taxonomy":"post_tag","embeddable":true,"href":"https:\/\/deportodos.com.ar\/2023\/wp-json\/wp\/v2\/tags?post=4789"}],"curies":[{"name":"wp","href":"https:\/\/api.w.org\/{rel}","templated":true}]}}