{"id":4816,"date":"2026-01-07T19:25:47","date_gmt":"2026-01-07T19:25:47","guid":{"rendered":"https:\/\/deportodos.com.ar\/2023\/?p=4816"},"modified":"2026-01-07T19:25:49","modified_gmt":"2026-01-07T19:25:49","slug":"maraton-de-reyes-2","status":"publish","type":"post","link":"https:\/\/deportodos.com.ar\/2023\/maraton-de-reyes-2\/","title":{"rendered":"MARATON DE REYES"},"content":{"rendered":"\n<p>La Marat\u00f3n Internacional de Reyes 2026 se desarrollar\u00e1 en la ciudad de Concordia y marcar\u00e1 la 47\u00aa edici\u00f3n de una competencia que forma parte del calendario deportivo estival y de la identidad local. La prueba tuvo su origen en una convocatoria popular realizada en una plaza de la ciudad y, con el paso de los a\u00f1os, se consolid\u00f3 como un evento de alcance regional y nacional, combinando alta competencia atl\u00e9tica con una fuerte participaci\u00f3n comunitaria.<\/p>\n\n\n\n<p>La carrera se caracteriza por el acompa\u00f1amiento del p\u00fablico a lo largo de todo el circuito, con presencia constante de vecinos, familias y visitantes, lo que genera un marco distintivo y sostenido durante el desarrollo de la prueba. Este rasgo se mantiene desde sus inicios y constituye uno de los elementos que definen a la Marat\u00f3n de Reyes dentro del calendario de carreras urbanas.<\/p>\n\n\n\n<p>La actividad principal se llevar\u00e1 a cabo el d\u00eda s\u00e1bado, con concentraci\u00f3n y entrada en calor desde las 19:30 horas. La largada de la distancia 10 kil\u00f3metros est\u00e1 prevista para las 20:00 horas, mientras que la largada de los 5 kil\u00f3metros se realizar\u00e1 a las 20:20 horas. La ceremonia de premiaci\u00f3n tendr\u00e1 lugar a las 21:40 horas, en el sector de llegada.<\/p>\n\n\n\n<p>El circuito de 5,5 kil\u00f3metros tendr\u00e1 su punto de largada en la intersecci\u00f3n de San Luis y San Lorenzo, continuando por Avenida San Lorenzo, Urquiza, Plaza Urquiza, Plaza 25 de Mayo, 1\u00ba de Mayo, Mitre, Costanera y Lamadrid, finalizando en el Cors\u00f3dromo, lugar de llegada de la competencia. En tanto, el circuito de 10 kil\u00f3metros largar\u00e1 desde San Lorenzo y Sarmiento, recorriendo Avenida San Lorenzo, Avenida Isthilart, Urdinarrain, Boulevard de Irigoyen, Plaza Espa\u00f1a, Plaza 25 de Mayo, 1\u00ba de Mayo, Mitre, Costanera y Lamadrid, con llegada tambi\u00e9n en el Cors\u00f3dromo.<\/p>\n\n\n\n<p>La Marat\u00f3n de Reyes contempla premios especiales por equipos, destinados a running teams, gimnasios y clubes, que se otorgar\u00e1n a los cinco grupos m\u00e1s numerosos inscriptos. Los premios establecidos son de $1.000.000 para el primer grupo, $600.000 para el segundo, $400.000 para el tercero, $300.000 para el cuarto y $200.000 para el quinto, incentivando la participaci\u00f3n grupal.<br>En cuanto a las categor\u00edas de competencia, tanto en 5 km como en 10 km, se establecen clasificaciones por edad en ramas femenina y masculina, desde 18\u201319 a\u00f1os hasta 70 a\u00f1os y m\u00e1s. Adem\u00e1s, la prueba incluye categor\u00edas especiales, con participaci\u00f3n en 10 km para corredores no videntes y 10 km en silla de ruedas, en el marco de un esquema de competencia inclusivo.<\/p>\n\n\n\n<p>El cronograma del evento se completar\u00e1 el d\u00eda domingo con la realizaci\u00f3n de Mini Reyes, una actividad destinada a ni\u00f1as, ni\u00f1os y adolescentes, con recorridos adaptados seg\u00fan edades y un enfoque recreativo, que complementa la propuesta deportiva del fin de semana y refuerza el car\u00e1cter participativo del evento. Ser\u00e1 en el corsodromo desde las 18.30 y se extender\u00e1 hasta las 22 horas con las siguientes distancias 50 metros = 3 y 4 a\u00f1os = 2022 a 2023; 100 metros = 5 y 6 a\u00f1os = 2020 a 2021;150 metros = 7 y 8 a\u00f1os = 2018 a 2019; 200 metros = 9 y 10 a\u00f1os = 2016 a 2017; 300 metros = 11 y 12 a\u00f1os = 2014 a 2015; 400 metros = 13 y 14 a\u00f1os = 2012 a 2013; 800 metros = 15 y 16 a\u00f1os = 2010 a 2011.<\/p>\n","protected":false},"excerpt":{"rendered":"<p>La Marat\u00f3n Internacional de Reyes 2026 se desarrollar\u00e1 en la ciudad de Concordia y marcar\u00e1&#8230;<\/p>\n","protected":false},"author":2,"featured_media":4817,"comment_status":"open","ping_status":"open","sticky":false,"template":"","format":"standard","meta":{"footnotes":""},"categories":[5],"tags":[],"class_list":["post-4816","post","type-post","status-publish","format-standard","has-post-thumbnail","hentry","category-atletismo"],"featured_image_urls":{"full":["https:\/\/deportodos.com.ar\/2023\/wp-content\/uploads\/2026\/01\/IMG-20260107-WA0042.jpg",1600,1200,false],"thumbnail":["https:\/\/deportodos.com.ar\/2023\/wp-content\/uploads\/2026\/01\/IMG-20260107-WA0042-150x150.jpg",150,150,true],"medium":["https:\/\/deportodos.com.ar\/2023\/wp-content\/uploads\/2026\/01\/IMG-20260107-WA0042-300x225.jpg",300,225,true],"medium_large":["https:\/\/deportodos.com.ar\/2023\/wp-content\/uploads\/2026\/01\/IMG-20260107-WA0042-768x576.jpg",640,480,true],"large":["https:\/\/deportodos.com.ar\/2023\/wp-content\/uploads\/2026\/01\/IMG-20260107-WA0042-1024x768.jpg",640,480,true],"1536x1536":["https:\/\/deportodos.com.ar\/2023\/wp-content\/uploads\/2026\/01\/IMG-20260107-WA0042-1536x1152.jpg",1536,1152,true],"2048x2048":["https:\/\/deportodos.com.ar\/2023\/wp-content\/uploads\/2026\/01\/IMG-20260107-WA0042.jpg",1600,1200,false],"covernews-featured":["https:\/\/deportodos.com.ar\/2023\/wp-content\/uploads\/2026\/01\/IMG-20260107-WA0042-1024x768.jpg",1024,768,true],"covernews-medium":["https:\/\/deportodos.com.ar\/2023\/wp-content\/uploads\/2026\/01\/IMG-20260107-WA0042-540x340.jpg",540,340,true]},"author_info":{"display_name":"c2530142","author_link":"https:\/\/deportodos.com.ar\/2023\/author\/c2530142\/"},"category_info":"<a href=\"https:\/\/deportodos.com.ar\/2023\/category\/atletismo\/\" rel=\"category tag\">Atletismo<\/a>","tag_info":"Atletismo","comment_count":"0","_links":{"self":[{"href":"https:\/\/deportodos.com.ar\/2023\/wp-json\/wp\/v2\/posts\/4816","targetHints":{"allow":["GET"]}}],"collection":[{"href":"https:\/\/deportodos.com.ar\/2023\/wp-json\/wp\/v2\/posts"}],"about":[{"href":"https:\/\/deportodos.com.ar\/2023\/wp-json\/wp\/v2\/types\/post"}],"author":[{"embeddable":true,"href":"https:\/\/deportodos.com.ar\/2023\/wp-json\/wp\/v2\/users\/2"}],"replies":[{"embeddable":true,"href":"https:\/\/deportodos.com.ar\/2023\/wp-json\/wp\/v2\/comments?post=4816"}],"version-history":[{"count":1,"href":"https:\/\/deportodos.com.ar\/2023\/wp-json\/wp\/v2\/posts\/4816\/revisions"}],"predecessor-version":[{"id":4818,"href":"https:\/\/deportodos.com.ar\/2023\/wp-json\/wp\/v2\/posts\/4816\/revisions\/4818"}],"wp:featuredmedia":[{"embeddable":true,"href":"https:\/\/deportodos.com.ar\/2023\/wp-json\/wp\/v2\/media\/4817"}],"wp:attachment":[{"href":"https:\/\/deportodos.com.ar\/2023\/wp-json\/wp\/v2\/media?parent=4816"}],"wp:term":[{"taxonomy":"category","embeddable":true,"href":"https:\/\/deportodos.com.ar\/2023\/wp-json\/wp\/v2\/categories?post=4816"},{"taxonomy":"post_tag","embeddable":true,"href":"https:\/\/deportodos.com.ar\/2023\/wp-json\/wp\/v2\/tags?post=4816"}],"curies":[{"name":"wp","href":"https:\/\/api.w.org\/{rel}","templated":true}]}}