{"id":4831,"date":"2026-01-11T13:49:17","date_gmt":"2026-01-11T13:49:17","guid":{"rendered":"https:\/\/deportodos.com.ar\/2023\/?p=4831"},"modified":"2026-01-11T13:49:18","modified_gmt":"2026-01-11T13:49:18","slug":"reyes-2026-quedo-en-manos-del-misionero-edgardo-franco","status":"publish","type":"post","link":"https:\/\/deportodos.com.ar\/2023\/reyes-2026-quedo-en-manos-del-misionero-edgardo-franco\/","title":{"rendered":"REYES 2026, QUED\u00d3 EN MANOS DEL MISIONERO EDGARDO FRANCO"},"content":{"rendered":"\n<p>A pesar de la jornada lluviosa que se registr\u00f3 en la ciudad, a la hora de la competencia se pudo desarrollar con total \u00e9xito, ratificando la solidez organizativa y el compromiso de atletas y p\u00fablico. El ganador fue la sorpresa del d\u00eda: el misionero Edgardo Franco, quien marc\u00f3 30 minutos y 45 segundos; arribando ocho segundos despu\u00e9s, en el segundo puesto, Nicol\u00e1s Espinoza, mientras que el tercer lugar fue para el local y mejor concordiense, Mart\u00edn M\u00e9ndez.<\/p>\n\n\n\n<p>Entre las mujeres, la ganadora fue la atleta de Gualeguaych\u00fa, Joana Navarrete, seguida en el segundo puesto por Ximena Simeone y en el tercer lugar por Daniela Penoni; en tanto que la mejor concordiense fue Luz Ramirez.<\/p>\n\n\n\n<p>M\u00e1s de 3.500 personas formaron parte de esta 47\u00aa edici\u00f3n, consolidando una verdadera fiesta del deporte que volvi\u00f3 a transformar a la ciudad en un escenario a cielo abierto.<\/p>\n\n\n\n<p>En la clasificaci\u00f3n general de los 10 kil\u00f3metros \u2013 Varones, el primer puesto fue para Edgardo Franco, con un tiempo de 30:41. El segundo lugar correspondi\u00f3 a Nicol\u00e1s Espinoza (30:54), mientras que el tercer puesto qued\u00f3 en manos de Mart\u00edn M\u00e9ndez (31:14), completando el podio.<\/p>\n\n\n\n<p>En la categor\u00eda 10 kil\u00f3metros \u2013 Mujeres, el primer puesto fue para Joana Navarrete, con un tiempo de 36:38. El segundo lugar fue para Ximena Simeone (37:34), y el tercer puesto para Daniela Penoni (38:14).<\/p>\n\n\n\n<p>La prueba se vivi\u00f3 como una verdadera celebraci\u00f3n del deporte, con masiva participaci\u00f3n, acompa\u00f1amiento del p\u00fablico y un desarrollo ordenado que permiti\u00f3 cumplir el cronograma previsto.<\/p>\n\n\n\n<p>Vale destacar que el grupo que se llev\u00f3 el premio en efectivo de 1.000.000 de pesos fue Palomo Team.<\/p>\n\n\n\n<p>En la categor\u00eda Atletas Especiales \u2013 10K, las ganadoras fueron Teresa Ben\u00edtez y Liliana Bejarano. En varones, los primeros puestos fueron para \u00c1ngel Pires y Mauro Giunta. En la categor\u00eda sillas, los ganadores fueron Juan Pablo Regalado y Daniel Ortiz.<\/p>\n\n\n\n<p>En los 5,5 kil\u00f3metros, el primer, segundo y tercer puesto femenino fue para Oriana Guti\u00e9rrez, Jael Romero y Claudia Damacena, respectivamente. Entre los varones, el primer lugar fue para Bruno N\u00fa\u00f1ez Oviedo, seguido por Carlos Goncalvez en el segundo puesto y Gero Corujo en el tercer lugar.<\/p>\n\n\n\n<p>Varones<\/p>\n\n\n\n<ol class=\"wp-block-list\">\n<li>Edgardo Franco \u2013 30:41<\/li>\n\n\n\n<li>Nicol\u00e1s Espinoza \u2013 30:54<\/li>\n\n\n\n<li>Mart\u00edn M\u00e9ndez \u2013 31:14<\/li>\n\n\n\n<li>Rodrigo Lima \u2013 32:00<\/li>\n\n\n\n<li>Cleiton Nascimento Rocha Jardim \u2013 32:27<\/li>\n\n\n\n<li>Silvio Altamirano \u2013 32:37<\/li>\n\n\n\n<li>Bruno Medina Colombo \u2013 32:50<\/li>\n\n\n\n<li>Luis Mavezzi \u2013 32:54<\/li>\n\n\n\n<li>Franco Pizarro \u2013 33:24<\/li>\n\n\n\n<li>Luis Mendieta \u2013 33:54<\/li>\n<\/ol>\n\n\n\n<p>Mujeres<\/p>\n\n\n\n<ol class=\"wp-block-list\">\n<li>Joana Navarrete \u2013 36:38<\/li>\n\n\n\n<li>Ximena Simeone \u2013 37:34<\/li>\n\n\n\n<li>Daniela Penoni \u2013 38:14<\/li>\n\n\n\n<li>Johanna Soledad Falc\u00f3n \u2013 38:25<\/li>\n\n\n\n<li>Mar\u00eda Luz Ram\u00edrez \u2013 39:45<\/li>\n\n\n\n<li>Lorena Luchini \u2013 41:06<\/li>\n\n\n\n<li>Carolina Bel\u00e9n Gonz\u00e1lez Zamoroz \u2013 41:07<\/li>\n\n\n\n<li>Giselle Marina Sanchis \u2013 42:12<\/li>\n\n\n\n<li>Ayel\u00e9n Saucedo \u2013 42:31<\/li>\n\n\n\n<li>Noelia Mabel Morilla \u2013 42:38<\/li>\n<\/ol>\n","protected":false},"excerpt":{"rendered":"<p>A pesar de la jornada lluviosa que se registr\u00f3 en la ciudad, a la hora&#8230;<\/p>\n","protected":false},"author":2,"featured_media":4832,"comment_status":"open","ping_status":"open","sticky":false,"template":"","format":"standard","meta":{"footnotes":""},"categories":[5],"tags":[],"class_list":["post-4831","post","type-post","status-publish","format-standard","has-post-thumbnail","hentry","category-atletismo"],"featured_image_urls":{"full":["https:\/\/deportodos.com.ar\/2023\/wp-content\/uploads\/2026\/01\/FB_IMG_1768139227798.jpg",1080,1350,false],"thumbnail":["https:\/\/deportodos.com.ar\/2023\/wp-content\/uploads\/2026\/01\/FB_IMG_1768139227798-150x150.jpg",150,150,true],"medium":["https:\/\/deportodos.com.ar\/2023\/wp-content\/uploads\/2026\/01\/FB_IMG_1768139227798-240x300.jpg",240,300,true],"medium_large":["https:\/\/deportodos.com.ar\/2023\/wp-content\/uploads\/2026\/01\/FB_IMG_1768139227798-768x960.jpg",640,800,true],"large":["https:\/\/deportodos.com.ar\/2023\/wp-content\/uploads\/2026\/01\/FB_IMG_1768139227798-819x1024.jpg",640,800,true],"1536x1536":["https:\/\/deportodos.com.ar\/2023\/wp-content\/uploads\/2026\/01\/FB_IMG_1768139227798.jpg",1080,1350,false],"2048x2048":["https:\/\/deportodos.com.ar\/2023\/wp-content\/uploads\/2026\/01\/FB_IMG_1768139227798.jpg",1080,1350,false],"covernews-featured":["https:\/\/deportodos.com.ar\/2023\/wp-content\/uploads\/2026\/01\/FB_IMG_1768139227798-1024x1280.jpg",1024,1280,true],"covernews-medium":["https:\/\/deportodos.com.ar\/2023\/wp-content\/uploads\/2026\/01\/FB_IMG_1768139227798-540x340.jpg",540,340,true]},"author_info":{"display_name":"c2530142","author_link":"https:\/\/deportodos.com.ar\/2023\/author\/c2530142\/"},"category_info":"<a href=\"https:\/\/deportodos.com.ar\/2023\/category\/atletismo\/\" rel=\"category tag\">Atletismo<\/a>","tag_info":"Atletismo","comment_count":"0","_links":{"self":[{"href":"https:\/\/deportodos.com.ar\/2023\/wp-json\/wp\/v2\/posts\/4831","targetHints":{"allow":["GET"]}}],"collection":[{"href":"https:\/\/deportodos.com.ar\/2023\/wp-json\/wp\/v2\/posts"}],"about":[{"href":"https:\/\/deportodos.com.ar\/2023\/wp-json\/wp\/v2\/types\/post"}],"author":[{"embeddable":true,"href":"https:\/\/deportodos.com.ar\/2023\/wp-json\/wp\/v2\/users\/2"}],"replies":[{"embeddable":true,"href":"https:\/\/deportodos.com.ar\/2023\/wp-json\/wp\/v2\/comments?post=4831"}],"version-history":[{"count":1,"href":"https:\/\/deportodos.com.ar\/2023\/wp-json\/wp\/v2\/posts\/4831\/revisions"}],"predecessor-version":[{"id":4833,"href":"https:\/\/deportodos.com.ar\/2023\/wp-json\/wp\/v2\/posts\/4831\/revisions\/4833"}],"wp:featuredmedia":[{"embeddable":true,"href":"https:\/\/deportodos.com.ar\/2023\/wp-json\/wp\/v2\/media\/4832"}],"wp:attachment":[{"href":"https:\/\/deportodos.com.ar\/2023\/wp-json\/wp\/v2\/media?parent=4831"}],"wp:term":[{"taxonomy":"category","embeddable":true,"href":"https:\/\/deportodos.com.ar\/2023\/wp-json\/wp\/v2\/categories?post=4831"},{"taxonomy":"post_tag","embeddable":true,"href":"https:\/\/deportodos.com.ar\/2023\/wp-json\/wp\/v2\/tags?post=4831"}],"curies":[{"name":"wp","href":"https:\/\/api.w.org\/{rel}","templated":true}]}}