{"id":4839,"date":"2026-01-11T21:37:14","date_gmt":"2026-01-11T21:37:14","guid":{"rendered":"https:\/\/deportodos.com.ar\/2023\/?p=4839"},"modified":"2026-01-12T11:12:45","modified_gmt":"2026-01-12T11:12:45","slug":"victoria-vibro-con-el-circuito-binacional-de-triatlon-jeep","status":"publish","type":"post","link":"https:\/\/deportodos.com.ar\/2023\/victoria-vibro-con-el-circuito-binacional-de-triatlon-jeep\/","title":{"rendered":"VICTORIA VIBR\u00d3 CON EL \u00abCIRCUITO BINACIONAL DE TRIATL\u00d3N JEEP\u00bb"},"content":{"rendered":"\n<p>Victoria vibr\u00f3 con el \u00abCircuito Binacional de Triatl\u00f3n Jeep\u00bb que fue vivida con intensidad por los 145 corredores presentes que disfrutaron de gran manera otra exitosa fecha que fue seguida tambi\u00e9n por mucho p\u00fablico en la costanera victoriense.<\/p>\n\n\n\n<p>Tal cual lo sucedido en la edici\u00f3n anterior, nuevamente los locales Maximo Andino (57m16s) y Maria Victoria Rivero (1h06m31s) se impusieron con gran autoridad ante su p\u00fablico.<\/p>\n\n\n\n<p>Segundo en varones fue Elian Pardo (58m08s) de Berazategui, que hab\u00eda sido el primero en emerger del agua, y tercero se ubic\u00f3 en gran actuaci\u00f3n el juvenil Santiago Buntalik Caviglia (58m33s) de Lomas de Zamora.<\/p>\n\n\n\n<p>Mientras que en damas fue escolta de la victoriense, Avril P\u00e9rez (1h07m21s) de Buenos Aires y la actual campeona Anahi Diaz (1h09m02s) de La Paz se qued\u00f3 con el tercer lugar.<\/p>\n\n\n\n<p>Una jornada exitosa, una fecha m\u00e1s que deja un apasionante campeonato por delante, con tres fechas m\u00e1s que a\u00fan restan disputarse.<\/p>\n\n\n\n<p>Destacar la organizaci\u00f3n brillante de \u00abtachuela\u00bb Andres Celso Giusto, acompa\u00f1ado por las \u00e1reas del Municipio cuya intendenta Isa Castagnino tambi\u00e9n fue parte de esta fiesta coronando a los ganadores.<\/p>\n\n\n\n<p>La A.C.P.C. se vuelve a Concordia con un largo viaje por delante, pero con mucha felicidad de sus integrantes que nuevamente llevaron adelante otra fecha que quedar\u00e1 para el recuerdo. <\/p>\n\n\n\n<p>RESULTADOS:<\/p>\n\n\n\n<p><a href=\"https:\/\/drive.google.com\/file\/d\/11TAb35tqDLJ4gtQm_Y7GEimuQEJwHjAI\/view?fbclid=IwVERDUAPRtj9leHRuA2FlbQIxMABzcnRjBmFwcF9pZAwzNTA2ODU1MzE3MjgAAR4n2RHrXi2DIA9xPQKat6oOoZ9UIkcIHsp4BhF-4PoEwKyg0qVd4TjmcF4fAw_aem_nECMCubvWmmxDK-WXU9E-g\">https:\/\/drive.google.com\/file\/d\/11TAb35tqDLJ4gtQm_Y7GEimuQEJwHjAI\/view?fbclid=IwVERDUAPRtj9leHRuA2FlbQIxMABzcnRjBmFwcF9pZAwzNTA2ODU1MzE3MjgAAR4n2RHrXi2DIA9xPQKat6oOoZ9UIkcIHsp4BhF-4PoEwKyg0qVd4TjmcF4fAw_aem_nECMCubvWmmxDK-WXU9E-g<\/a><\/p>\n","protected":false},"excerpt":{"rendered":"<p>Victoria vibr\u00f3 con el \u00abCircuito Binacional de Triatl\u00f3n Jeep\u00bb que fue vivida con intensidad por&#8230;<\/p>\n","protected":false},"author":2,"featured_media":4840,"comment_status":"open","ping_status":"open","sticky":false,"template":"","format":"standard","meta":{"footnotes":""},"categories":[5],"tags":[],"class_list":["post-4839","post","type-post","status-publish","format-standard","has-post-thumbnail","hentry","category-atletismo"],"featured_image_urls":{"full":["https:\/\/deportodos.com.ar\/2023\/wp-content\/uploads\/2026\/01\/FB_IMG_1768167337007.jpg",1280,719,false],"thumbnail":["https:\/\/deportodos.com.ar\/2023\/wp-content\/uploads\/2026\/01\/FB_IMG_1768167337007-150x150.jpg",150,150,true],"medium":["https:\/\/deportodos.com.ar\/2023\/wp-content\/uploads\/2026\/01\/FB_IMG_1768167337007-300x169.jpg",300,169,true],"medium_large":["https:\/\/deportodos.com.ar\/2023\/wp-content\/uploads\/2026\/01\/FB_IMG_1768167337007-768x431.jpg",640,359,true],"large":["https:\/\/deportodos.com.ar\/2023\/wp-content\/uploads\/2026\/01\/FB_IMG_1768167337007-1024x575.jpg",640,359,true],"1536x1536":["https:\/\/deportodos.com.ar\/2023\/wp-content\/uploads\/2026\/01\/FB_IMG_1768167337007.jpg",1280,719,false],"2048x2048":["https:\/\/deportodos.com.ar\/2023\/wp-content\/uploads\/2026\/01\/FB_IMG_1768167337007.jpg",1280,719,false],"covernews-featured":["https:\/\/deportodos.com.ar\/2023\/wp-content\/uploads\/2026\/01\/FB_IMG_1768167337007-1024x575.jpg",1024,575,true],"covernews-medium":["https:\/\/deportodos.com.ar\/2023\/wp-content\/uploads\/2026\/01\/FB_IMG_1768167337007-540x340.jpg",540,340,true]},"author_info":{"display_name":"c2530142","author_link":"https:\/\/deportodos.com.ar\/2023\/author\/c2530142\/"},"category_info":"<a href=\"https:\/\/deportodos.com.ar\/2023\/category\/atletismo\/\" rel=\"category tag\">Atletismo<\/a>","tag_info":"Atletismo","comment_count":"0","_links":{"self":[{"href":"https:\/\/deportodos.com.ar\/2023\/wp-json\/wp\/v2\/posts\/4839","targetHints":{"allow":["GET"]}}],"collection":[{"href":"https:\/\/deportodos.com.ar\/2023\/wp-json\/wp\/v2\/posts"}],"about":[{"href":"https:\/\/deportodos.com.ar\/2023\/wp-json\/wp\/v2\/types\/post"}],"author":[{"embeddable":true,"href":"https:\/\/deportodos.com.ar\/2023\/wp-json\/wp\/v2\/users\/2"}],"replies":[{"embeddable":true,"href":"https:\/\/deportodos.com.ar\/2023\/wp-json\/wp\/v2\/comments?post=4839"}],"version-history":[{"count":2,"href":"https:\/\/deportodos.com.ar\/2023\/wp-json\/wp\/v2\/posts\/4839\/revisions"}],"predecessor-version":[{"id":4844,"href":"https:\/\/deportodos.com.ar\/2023\/wp-json\/wp\/v2\/posts\/4839\/revisions\/4844"}],"wp:featuredmedia":[{"embeddable":true,"href":"https:\/\/deportodos.com.ar\/2023\/wp-json\/wp\/v2\/media\/4840"}],"wp:attachment":[{"href":"https:\/\/deportodos.com.ar\/2023\/wp-json\/wp\/v2\/media?parent=4839"}],"wp:term":[{"taxonomy":"category","embeddable":true,"href":"https:\/\/deportodos.com.ar\/2023\/wp-json\/wp\/v2\/categories?post=4839"},{"taxonomy":"post_tag","embeddable":true,"href":"https:\/\/deportodos.com.ar\/2023\/wp-json\/wp\/v2\/tags?post=4839"}],"curies":[{"name":"wp","href":"https:\/\/api.w.org\/{rel}","templated":true}]}}