{"id":4845,"date":"2026-01-12T11:58:37","date_gmt":"2026-01-12T11:58:37","guid":{"rendered":"https:\/\/deportodos.com.ar\/2023\/?p=4845"},"modified":"2026-01-12T11:58:38","modified_gmt":"2026-01-12T11:58:38","slug":"juventud-ganaba-2-0-igualaba-la-serie-y-el-partido-fue-suspendido-por-agresion-al-arbitro","status":"publish","type":"post","link":"https:\/\/deportodos.com.ar\/2023\/juventud-ganaba-2-0-igualaba-la-serie-y-el-partido-fue-suspendido-por-agresion-al-arbitro\/","title":{"rendered":"JUVENTUD GANABA 2-0, IGUALABA LA SERIE Y EL PARTIDO FUE SUSPENDIDO POR AGRESION AL ARBITRO"},"content":{"rendered":"\n<p>Juventud Unida venc\u00eda 2-0 a Defensores de Pronunciamiento en el estadio La V\u00eda, por el partido de vuelta de los cuartos de final del Torneo Regional Federal Amateur, cuando el encuentro fue suspendido por una \u201cagresi\u00f3n\u201d al \u00e1rbitro principal, Maximiliano Dur\u00e1n.<\/p>\n\n\n\n<p>El equipo dirigido por Miguel Fullana, que hab\u00eda ca\u00eddo 2-0 en el encuentro de ida, consigui\u00f3 igualar la serie gracias a dos goles de Federico L\u00f3pez, convertidos a los 23 y 33 minutos del segundo tiempo, dejando el global 2-2.<br>El incidente se produjo a los 38 minutos del complemento, luego de la expulsi\u00f3n de Maximiliano Villagr\u00e1n por doble amarilla. Seg\u00fan manifest\u00f3 el \u00e1rbitro, tras esa decisi\u00f3n habr\u00eda sido agredido por jugadores de Defensores de Pronunciamiento, lo que deriv\u00f3 en una serie de tumultos entre el plantel visitante y la terna arbitral.<br>La situaci\u00f3n oblig\u00f3 a la intervenci\u00f3n del personal policial y, tras varios minutos de tensi\u00f3n, Dur\u00e1n resolvi\u00f3 suspender el encuentro al alegar una \u201cagresi\u00f3n directa\u201d contra su integridad f\u00edsica, cuando restaban siete minutos m\u00e1s el tiempo adicionado para el final del partido.<\/p>\n\n\n\n<p>Ahora, el \u00e1rbitro deber\u00e1 elevar el correspondiente informe al Tribunal de Disciplina del Consejo Federal, que ser\u00e1 el encargado de resolver lo sucedido y definir c\u00f3mo se completa la llave. Todo indica que el fallo podr\u00eda otorgarle el partido a Juventud Unida, que de confirmarse avanzar\u00eda a semifinales, donde enfrentar\u00eda a Sanjustino de Santa Fe, verdugo de Atl\u00e9tico Mar\u00eda Grande.<\/p>\n\n\n\n<blockquote class=\"wp-block-quote is-layout-flow wp-block-quote-is-layout-flow\">\n<p>www.eldiaonline.com<\/p>\n<\/blockquote>\n","protected":false},"excerpt":{"rendered":"<p>Juventud Unida venc\u00eda 2-0 a Defensores de Pronunciamiento en el estadio La V\u00eda, por el&#8230;<\/p>\n","protected":false},"author":2,"featured_media":4846,"comment_status":"open","ping_status":"open","sticky":false,"template":"","format":"standard","meta":{"footnotes":""},"categories":[36],"tags":[],"class_list":["post-4845","post","type-post","status-publish","format-standard","has-post-thumbnail","hentry","category-futbol"],"featured_image_urls":{"full":["https:\/\/deportodos.com.ar\/2023\/wp-content\/uploads\/2026\/01\/agresion.webp",1137,853,false],"thumbnail":["https:\/\/deportodos.com.ar\/2023\/wp-content\/uploads\/2026\/01\/agresion-150x150.webp",150,150,true],"medium":["https:\/\/deportodos.com.ar\/2023\/wp-content\/uploads\/2026\/01\/agresion-300x225.webp",300,225,true],"medium_large":["https:\/\/deportodos.com.ar\/2023\/wp-content\/uploads\/2026\/01\/agresion-768x576.webp",640,480,true],"large":["https:\/\/deportodos.com.ar\/2023\/wp-content\/uploads\/2026\/01\/agresion-1024x768.webp",640,480,true],"1536x1536":["https:\/\/deportodos.com.ar\/2023\/wp-content\/uploads\/2026\/01\/agresion.webp",1137,853,false],"2048x2048":["https:\/\/deportodos.com.ar\/2023\/wp-content\/uploads\/2026\/01\/agresion.webp",1137,853,false],"covernews-featured":["https:\/\/deportodos.com.ar\/2023\/wp-content\/uploads\/2026\/01\/agresion-1024x768.webp",1024,768,true],"covernews-medium":["https:\/\/deportodos.com.ar\/2023\/wp-content\/uploads\/2026\/01\/agresion-540x340.webp",540,340,true]},"author_info":{"display_name":"c2530142","author_link":"https:\/\/deportodos.com.ar\/2023\/author\/c2530142\/"},"category_info":"<a href=\"https:\/\/deportodos.com.ar\/2023\/category\/futbol\/\" rel=\"category tag\">Futbol<\/a>","tag_info":"Futbol","comment_count":"0","_links":{"self":[{"href":"https:\/\/deportodos.com.ar\/2023\/wp-json\/wp\/v2\/posts\/4845","targetHints":{"allow":["GET"]}}],"collection":[{"href":"https:\/\/deportodos.com.ar\/2023\/wp-json\/wp\/v2\/posts"}],"about":[{"href":"https:\/\/deportodos.com.ar\/2023\/wp-json\/wp\/v2\/types\/post"}],"author":[{"embeddable":true,"href":"https:\/\/deportodos.com.ar\/2023\/wp-json\/wp\/v2\/users\/2"}],"replies":[{"embeddable":true,"href":"https:\/\/deportodos.com.ar\/2023\/wp-json\/wp\/v2\/comments?post=4845"}],"version-history":[{"count":1,"href":"https:\/\/deportodos.com.ar\/2023\/wp-json\/wp\/v2\/posts\/4845\/revisions"}],"predecessor-version":[{"id":4847,"href":"https:\/\/deportodos.com.ar\/2023\/wp-json\/wp\/v2\/posts\/4845\/revisions\/4847"}],"wp:featuredmedia":[{"embeddable":true,"href":"https:\/\/deportodos.com.ar\/2023\/wp-json\/wp\/v2\/media\/4846"}],"wp:attachment":[{"href":"https:\/\/deportodos.com.ar\/2023\/wp-json\/wp\/v2\/media?parent=4845"}],"wp:term":[{"taxonomy":"category","embeddable":true,"href":"https:\/\/deportodos.com.ar\/2023\/wp-json\/wp\/v2\/categories?post=4845"},{"taxonomy":"post_tag","embeddable":true,"href":"https:\/\/deportodos.com.ar\/2023\/wp-json\/wp\/v2\/tags?post=4845"}],"curies":[{"name":"wp","href":"https:\/\/api.w.org\/{rel}","templated":true}]}}