{"id":5134,"date":"2026-03-09T16:22:47","date_gmt":"2026-03-09T16:22:47","guid":{"rendered":"https:\/\/deportodos.com.ar\/2023\/?p=5134"},"modified":"2026-03-09T16:22:48","modified_gmt":"2026-03-09T16:22:48","slug":"greta-rodriguez-se-quedo-con-la-maraton-de-la-mujer","status":"publish","type":"post","link":"https:\/\/deportodos.com.ar\/2023\/greta-rodriguez-se-quedo-con-la-maraton-de-la-mujer\/","title":{"rendered":"GRETA RODR\u00cdGUEZ SE QUED\u00d3 CON LA MARAT\u00d3N DE LA MUJER"},"content":{"rendered":"\n<p>Con casi mil inscriptas se realiz\u00f3 la 16\u00ba edici\u00f3n de la Marat\u00f3n de la Mujer que tuvo en esta oportunidad a la concordiense Greta Rodr\u00edguez qued\u00e1ndose con la victoria. El podio lo completaron Luz Ram\u00edrez y Ayel\u00e9n Saucedo.<\/p>\n\n\n\n<p>Como es habitual, la peatonal del bicentenario fue el epicentro de esta cl\u00e1sica prueba atl\u00e9tica que este a\u00f1o coincidi\u00f3 con el d\u00eda de la mujer.<\/p>\n\n\n\n<p>Con un hermoso clima se pudo realizar esta carrera de 5 kil\u00f3metros que en este 2026 tuvo como ganadora a la atleta de Villa Adela, Greta Rodr\u00edguez que cruz\u00f3 la l\u00ednea de llegada con un tiempo de 19:39. Seis segundos m\u00e1s tarde arrib\u00f3 en el segundo escal\u00f3n del podio, Luz Ram\u00edrez mientras que Ayel\u00e9n Saucedo de Feliciano finaliz\u00f3 en el tercer lugar con 20:02.<\/p>\n\n\n\n<p>C\u00f3mo dato de color una de las participantes de esta edici\u00f3n fue Antonella Reding, integrante de la Selecci\u00f3n Argentina de Rugby.<\/p>\n\n\n\n<p>Antonella Reding, integrante de la Selecci\u00f3n Argentina de Rugby.<\/p>\n\n\n\n<p>Cabe mencionar que Greta hab\u00eda corrido este s\u00e1bado la Marat\u00f3n de la Mujer organizada por la ciudad de San Salvador donde arrib\u00f3 segunda detr\u00e1s de la local, Johanna Falc\u00f3n.<\/p>\n\n\n\n<p>Con una escenograf\u00eda acorde a la fecha se concluy\u00f3 la jornada con la entrega de premios, la actuaci\u00f3n del grupo Los Docentes y el sorteo de las respectivas bicicletas.<\/p>\n\n\n\n<p>En cuanto su rendimiento, Greta se\u00f1al\u00f3 que \u201clos \u00faltimos 300 metros fueron a puro dolor, pero ten\u00eda que dejar todo o nada\u201d. Remarc\u00f3 que ganar en Concordia, \u201ces muy especial ya que soy local y me gusta representar a mi ciudad y siempre dejarla en lo m\u00e1s alto\u201d.<\/p>\n\n\n\n<p>La prueba<\/p>\n\n\n\n<p>Una mil mujeres corrieron este 8 de marzo.<\/p>\n\n\n\n<p>La tradicional competencia destinada a las chicas se concret\u00f3 este domingo 8 de marzo, coincidiendo con la conmemoraci\u00f3n del D\u00eda de la Mujer. Las atletas y aficionadas al deporte debieron correr un total de 5 kil\u00f3metros con punto de largada y llegada en plaza 25 de Mayo.<\/p>\n\n\n\n<p>La Asociaci\u00f3n Concordiense Amigos del MTB, organizadora de la competencia, informaron hubo unas 1000 corredoras habilitadas para largar la prueba.<\/p>\n\n\n\n<p>Cabe recordar que las primeras 70 participantes que abonaron la inscripci\u00f3n de manera presencial recibieron como obsequio una remera oficial de la edici\u00f3n 2026.<\/p>\n","protected":false},"excerpt":{"rendered":"<p>Con casi mil inscriptas se realiz\u00f3 la 16\u00ba edici\u00f3n de la Marat\u00f3n de la Mujer&#8230;<\/p>\n","protected":false},"author":2,"featured_media":5135,"comment_status":"open","ping_status":"open","sticky":false,"template":"","format":"standard","meta":{"footnotes":""},"categories":[5],"tags":[],"class_list":["post-5134","post","type-post","status-publish","format-standard","has-post-thumbnail","hentry","category-atletismo"],"featured_image_urls":{"full":["https:\/\/deportodos.com.ar\/2023\/wp-content\/uploads\/2026\/03\/l_1772984431_7919.webp",1200,800,false],"thumbnail":["https:\/\/deportodos.com.ar\/2023\/wp-content\/uploads\/2026\/03\/l_1772984431_7919-150x150.webp",150,150,true],"medium":["https:\/\/deportodos.com.ar\/2023\/wp-content\/uploads\/2026\/03\/l_1772984431_7919-300x200.webp",300,200,true],"medium_large":["https:\/\/deportodos.com.ar\/2023\/wp-content\/uploads\/2026\/03\/l_1772984431_7919-768x512.webp",640,427,true],"large":["https:\/\/deportodos.com.ar\/2023\/wp-content\/uploads\/2026\/03\/l_1772984431_7919-1024x683.webp",640,427,true],"1536x1536":["https:\/\/deportodos.com.ar\/2023\/wp-content\/uploads\/2026\/03\/l_1772984431_7919.webp",1200,800,false],"2048x2048":["https:\/\/deportodos.com.ar\/2023\/wp-content\/uploads\/2026\/03\/l_1772984431_7919.webp",1200,800,false],"covernews-featured":["https:\/\/deportodos.com.ar\/2023\/wp-content\/uploads\/2026\/03\/l_1772984431_7919-1024x683.webp",1024,683,true],"covernews-medium":["https:\/\/deportodos.com.ar\/2023\/wp-content\/uploads\/2026\/03\/l_1772984431_7919-540x340.webp",540,340,true]},"author_info":{"display_name":"c2530142","author_link":"https:\/\/deportodos.com.ar\/2023\/author\/c2530142\/"},"category_info":"<a href=\"https:\/\/deportodos.com.ar\/2023\/category\/atletismo\/\" rel=\"category tag\">Atletismo<\/a>","tag_info":"Atletismo","comment_count":"0","_links":{"self":[{"href":"https:\/\/deportodos.com.ar\/2023\/wp-json\/wp\/v2\/posts\/5134","targetHints":{"allow":["GET"]}}],"collection":[{"href":"https:\/\/deportodos.com.ar\/2023\/wp-json\/wp\/v2\/posts"}],"about":[{"href":"https:\/\/deportodos.com.ar\/2023\/wp-json\/wp\/v2\/types\/post"}],"author":[{"embeddable":true,"href":"https:\/\/deportodos.com.ar\/2023\/wp-json\/wp\/v2\/users\/2"}],"replies":[{"embeddable":true,"href":"https:\/\/deportodos.com.ar\/2023\/wp-json\/wp\/v2\/comments?post=5134"}],"version-history":[{"count":1,"href":"https:\/\/deportodos.com.ar\/2023\/wp-json\/wp\/v2\/posts\/5134\/revisions"}],"predecessor-version":[{"id":5136,"href":"https:\/\/deportodos.com.ar\/2023\/wp-json\/wp\/v2\/posts\/5134\/revisions\/5136"}],"wp:featuredmedia":[{"embeddable":true,"href":"https:\/\/deportodos.com.ar\/2023\/wp-json\/wp\/v2\/media\/5135"}],"wp:attachment":[{"href":"https:\/\/deportodos.com.ar\/2023\/wp-json\/wp\/v2\/media?parent=5134"}],"wp:term":[{"taxonomy":"category","embeddable":true,"href":"https:\/\/deportodos.com.ar\/2023\/wp-json\/wp\/v2\/categories?post=5134"},{"taxonomy":"post_tag","embeddable":true,"href":"https:\/\/deportodos.com.ar\/2023\/wp-json\/wp\/v2\/tags?post=5134"}],"curies":[{"name":"wp","href":"https:\/\/api.w.org\/{rel}","templated":true}]}}