{"id":5284,"date":"2026-04-07T23:53:45","date_gmt":"2026-04-07T23:53:45","guid":{"rendered":"https:\/\/deportodos.com.ar\/2023\/?p=5284"},"modified":"2026-04-07T23:53:46","modified_gmt":"2026-04-07T23:53:46","slug":"gualeguaychu-recibe-a-los-mejores-paletas-del-mundo-en-el-desafio-de-campeones","status":"publish","type":"post","link":"https:\/\/deportodos.com.ar\/2023\/gualeguaychu-recibe-a-los-mejores-paletas-del-mundo-en-el-desafio-de-campeones\/","title":{"rendered":"GUALEGUAYCH\u00da RECIBE A LOS MEJORES PALETAS DEL MUNDO EN EL DESAF\u00cdO DE CAMPEONES"},"content":{"rendered":"\n<p>El Tiro Federal de Gualeguaych\u00fa se convertir\u00e1 el pr\u00f3ximo viernes en el epicentro de la pelota paleta argentina.<\/p>\n\n\n\n<p>La ciudad recibir\u00e1 una nueva edici\u00f3n del Desaf\u00edo de Campeones, un evento que reunir\u00e1 a cuatro de los mejores jugadores del pa\u00eds y del mundo en un duelo que promete ser hist\u00f3rico.<\/p>\n\n\n\n<p>La dupla 1 estar\u00e1 conformada por Sebast\u00edan Andreasen y Guillermo Osorio, mientras que la dupla 2 tendr\u00e1 como protagonistas a Facundo Andreasen y Federico Fern\u00e1ndez.<\/p>\n\n\n\n<p>Los cuatro protagonistas convocados acumulan en conjunto m\u00e1s de 20 t\u00edtulos mundiales, m\u00faltiples medallas en Juegos Panamericanos y distinciones de m\u00e1ximo nivel, entre ellas el Premio Olimpia, la mayor distinci\u00f3n que puede recibir un deportista en Argentina.<\/p>\n\n\n\n<p>Sus trayectorias incluyen actuaciones en Campeonatos Mundiales y Copas del Mundo, defendiendo la camiseta argentina en los escenarios m\u00e1s exigentes del deporte global.<\/p>\n\n\n\n<p>La pelota paleta es uno de los deportes de mayor arraigo en el pa\u00eds, con ra\u00edces profundas en las provincias de Entre R\u00edos, Buenos Aires y Santa Fe. Este tipo de encuentros representa una oportunidad \u00fanica para que el p\u00fablico local vea en acci\u00f3n a referentes que habitualmente compiten en escenarios internacionales.<\/p>\n\n\n\n<p>La velada comenzar\u00e1 a las 19 h con un partido preliminar de primera categor\u00eda, en el que se medir\u00e1n Jos\u00e9 Alberto Bereciartu y Diego Quiroga contra Natalio Rodr\u00edguez e Ignacio Montiel (confirmaci\u00f3n pendiente). El duelo estelar entre las dos duplas principales est\u00e1 programado para las 20:30 h.<\/p>\n\n\n\n<p>Las entradas tienen un valor de $30.000 y las reservas pueden realizarse a trav\u00e9s de los n\u00fameros de contacto del club. El Tiro Federal tambi\u00e9n puede seguirse en redes sociales para actualizaciones del evento.<\/p>\n\n\n\n<blockquote class=\"wp-block-quote is-layout-flow wp-block-quote-is-layout-flow\">\n<p>www.r2820.com<\/p>\n<\/blockquote>\n","protected":false},"excerpt":{"rendered":"<p>El Tiro Federal de Gualeguaych\u00fa se convertir\u00e1 el pr\u00f3ximo viernes en el epicentro de la&#8230;<\/p>\n","protected":false},"author":2,"featured_media":5285,"comment_status":"open","ping_status":"open","sticky":false,"template":"","format":"standard","meta":{"footnotes":""},"categories":[1],"tags":[],"class_list":["post-5284","post","type-post","status-publish","format-standard","has-post-thumbnail","hentry","category-sin-categoria"],"featured_image_urls":{"full":["https:\/\/deportodos.com.ar\/2023\/wp-content\/uploads\/2026\/04\/md.webp",992,634,false],"thumbnail":["https:\/\/deportodos.com.ar\/2023\/wp-content\/uploads\/2026\/04\/md-150x150.webp",150,150,true],"medium":["https:\/\/deportodos.com.ar\/2023\/wp-content\/uploads\/2026\/04\/md-300x192.webp",300,192,true],"medium_large":["https:\/\/deportodos.com.ar\/2023\/wp-content\/uploads\/2026\/04\/md-768x491.webp",640,409,true],"large":["https:\/\/deportodos.com.ar\/2023\/wp-content\/uploads\/2026\/04\/md.webp",640,409,false],"1536x1536":["https:\/\/deportodos.com.ar\/2023\/wp-content\/uploads\/2026\/04\/md.webp",992,634,false],"2048x2048":["https:\/\/deportodos.com.ar\/2023\/wp-content\/uploads\/2026\/04\/md.webp",992,634,false],"covernews-featured":["https:\/\/deportodos.com.ar\/2023\/wp-content\/uploads\/2026\/04\/md.webp",992,634,false],"covernews-medium":["https:\/\/deportodos.com.ar\/2023\/wp-content\/uploads\/2026\/04\/md-540x340.webp",540,340,true]},"author_info":{"display_name":"c2530142","author_link":"https:\/\/deportodos.com.ar\/2023\/author\/c2530142\/"},"category_info":"<a href=\"https:\/\/deportodos.com.ar\/2023\/category\/sin-categoria\/\" rel=\"category tag\">Sin categor\u00eda<\/a>","tag_info":"Sin categor\u00eda","comment_count":"0","_links":{"self":[{"href":"https:\/\/deportodos.com.ar\/2023\/wp-json\/wp\/v2\/posts\/5284","targetHints":{"allow":["GET"]}}],"collection":[{"href":"https:\/\/deportodos.com.ar\/2023\/wp-json\/wp\/v2\/posts"}],"about":[{"href":"https:\/\/deportodos.com.ar\/2023\/wp-json\/wp\/v2\/types\/post"}],"author":[{"embeddable":true,"href":"https:\/\/deportodos.com.ar\/2023\/wp-json\/wp\/v2\/users\/2"}],"replies":[{"embeddable":true,"href":"https:\/\/deportodos.com.ar\/2023\/wp-json\/wp\/v2\/comments?post=5284"}],"version-history":[{"count":1,"href":"https:\/\/deportodos.com.ar\/2023\/wp-json\/wp\/v2\/posts\/5284\/revisions"}],"predecessor-version":[{"id":5286,"href":"https:\/\/deportodos.com.ar\/2023\/wp-json\/wp\/v2\/posts\/5284\/revisions\/5286"}],"wp:featuredmedia":[{"embeddable":true,"href":"https:\/\/deportodos.com.ar\/2023\/wp-json\/wp\/v2\/media\/5285"}],"wp:attachment":[{"href":"https:\/\/deportodos.com.ar\/2023\/wp-json\/wp\/v2\/media?parent=5284"}],"wp:term":[{"taxonomy":"category","embeddable":true,"href":"https:\/\/deportodos.com.ar\/2023\/wp-json\/wp\/v2\/categories?post=5284"},{"taxonomy":"post_tag","embeddable":true,"href":"https:\/\/deportodos.com.ar\/2023\/wp-json\/wp\/v2\/tags?post=5284"}],"curies":[{"name":"wp","href":"https:\/\/api.w.org\/{rel}","templated":true}]}}