{"id":5291,"date":"2026-04-07T23:57:23","date_gmt":"2026-04-07T23:57:23","guid":{"rendered":"https:\/\/deportodos.com.ar\/2023\/?p=5291"},"modified":"2026-04-07T23:57:24","modified_gmt":"2026-04-07T23:57:24","slug":"regresos-confirmados-en-el-turismo-pista-para-concordia","status":"publish","type":"post","link":"https:\/\/deportodos.com.ar\/2023\/regresos-confirmados-en-el-turismo-pista-para-concordia\/","title":{"rendered":"REGRESOS CONFIRMADOS EN EL TURISMO PISTA PARA CONCORDIA"},"content":{"rendered":"\n<p><strong>Turismo Pista<\/strong>&nbsp;se prepara con muchas novedades para afrontar la tercera fecha del campeonato 2026, el pr\u00f3ximo fin de semana en<strong>&nbsp;Concordia, Entre R\u00edos.<\/strong>&nbsp;Compartir\u00e1 pista junto al<strong>&nbsp;Turismo Carretera 2000<\/strong>, tal cual pas\u00f3 en Toay y ocurrir\u00e1 en las restantes siete jornadas.<\/p>\n\n\n\n<p><strong>La Clase 3<\/strong>&nbsp;tendr\u00e1 a&nbsp;<strong>Ramiro Goenaga<\/strong>&nbsp;debutando a bordo de un<strong>&nbsp;Ford Fiesta Kinetic<\/strong>, atendido por el G.E Racing de Germ\u00e1n Eder, con la ingenier\u00eda de Octavio Warakoski y la motorizaci\u00f3n de Diego Gavil\u00e1n. El piloto santafesino tiene pasado por la Fiat Competizione y distintas categor\u00edas zonales.<\/p>\n\n\n\n<p><strong><em>\u201cEstoy muy contento de confirmar mi llegada a la Clase Tres del Turismo Pista. Arranqu\u00e9 el a\u00f1o pasado dentro de la Fiat Competizione y r\u00e1pidamente pudimos ser competitivos, as\u00ed para este 2026 junto a mi familia decidimos armar un proyecto de cero y con un salto de categor\u00eda. Vamos a estar a bordo de un Ford Fiesta Kinetic y la atenci\u00f3n general estar\u00e1 a cargo de Germ\u00e1n Eder y su gente, mientras que la motorizaci\u00f3n ser\u00e1 responsabilidad de Diego Gavil\u00e1n. La premisa es caer bien, adaptarnos r\u00e1pido a la exigencia de la categor\u00eda y poder pelear lo m\u00e1s adelante posible desde el comienzo de nuestra participaci\u00f3n\u201d, cont\u00f3 el joven piloto de 21 a\u00f1os.<\/em><\/strong><\/p>\n\n\n\n<p><strong>CLASE 1: UN CAMPE\u00d3N QUE VUELVE<\/strong><\/p>\n\n\n\n<p><strong>Francisco Su\u00e1rez,<\/strong>&nbsp;campe\u00f3n 2024 de la divisional, estar\u00e1 con un&nbsp;<strong>Fiat Uno de Nicol\u00e1s Ardesi Competici\u00f3n<\/strong>. El piloto de Pehuaj\u00f3 ya particip\u00f3 en la Carrera de los 300 Pilotos de 2025, como invitado de M\u00e1ximo Palau.&nbsp;<strong><em>\u201cVolvemos a la Clase Uno del Turismo Pista despu\u00e9s de una invitaci\u00f3n que nos hizo Nicol\u00e1s Ardesi y su equipo. La verdad, no era algo que ten\u00edamos previsto porque est\u00e1bamos en un impasse deportivo, pero se dieron las condiciones para poder regresar y lo afrontaremos con las mismas ganas de siempre. Saber que el conjunto es competitivo es una motivaci\u00f3n grande para encarar este desaf\u00edo y m\u00e1s sabiendo que la categor\u00eda creci\u00f3 en nivel y cantidad de protagonistas, as\u00ed que esperemos poder funcionar bien y estar en los primeros planos\u201d<\/em><\/strong>, explic\u00f3 Su\u00e1rez.<\/p>\n\n\n\n<blockquote class=\"wp-block-quote is-layout-flow wp-block-quote-is-layout-flow\">\n<p>www.campeones.com.ar<\/p>\n<\/blockquote>\n","protected":false},"excerpt":{"rendered":"<p>Turismo Pista&nbsp;se prepara con muchas novedades para afrontar la tercera fecha del campeonato 2026, el&#8230;<\/p>\n","protected":false},"author":2,"featured_media":5292,"comment_status":"open","ping_status":"open","sticky":false,"template":"","format":"standard","meta":{"footnotes":""},"categories":[6],"tags":[],"class_list":["post-5291","post","type-post","status-publish","format-standard","has-post-thumbnail","hentry","category-automovilismo"],"featured_image_urls":{"full":["https:\/\/deportodos.com.ar\/2023\/wp-content\/uploads\/2026\/04\/DSC4479.jpg",976,650,false],"thumbnail":["https:\/\/deportodos.com.ar\/2023\/wp-content\/uploads\/2026\/04\/DSC4479-150x150.jpg",150,150,true],"medium":["https:\/\/deportodos.com.ar\/2023\/wp-content\/uploads\/2026\/04\/DSC4479-300x200.jpg",300,200,true],"medium_large":["https:\/\/deportodos.com.ar\/2023\/wp-content\/uploads\/2026\/04\/DSC4479-768x511.jpg",640,426,true],"large":["https:\/\/deportodos.com.ar\/2023\/wp-content\/uploads\/2026\/04\/DSC4479.jpg",640,426,false],"1536x1536":["https:\/\/deportodos.com.ar\/2023\/wp-content\/uploads\/2026\/04\/DSC4479.jpg",976,650,false],"2048x2048":["https:\/\/deportodos.com.ar\/2023\/wp-content\/uploads\/2026\/04\/DSC4479.jpg",976,650,false],"covernews-featured":["https:\/\/deportodos.com.ar\/2023\/wp-content\/uploads\/2026\/04\/DSC4479.jpg",976,650,false],"covernews-medium":["https:\/\/deportodos.com.ar\/2023\/wp-content\/uploads\/2026\/04\/DSC4479-540x340.jpg",540,340,true]},"author_info":{"display_name":"c2530142","author_link":"https:\/\/deportodos.com.ar\/2023\/author\/c2530142\/"},"category_info":"<a href=\"https:\/\/deportodos.com.ar\/2023\/category\/automovilismo\/\" rel=\"category tag\">Automovilismo<\/a>","tag_info":"Automovilismo","comment_count":"0","_links":{"self":[{"href":"https:\/\/deportodos.com.ar\/2023\/wp-json\/wp\/v2\/posts\/5291","targetHints":{"allow":["GET"]}}],"collection":[{"href":"https:\/\/deportodos.com.ar\/2023\/wp-json\/wp\/v2\/posts"}],"about":[{"href":"https:\/\/deportodos.com.ar\/2023\/wp-json\/wp\/v2\/types\/post"}],"author":[{"embeddable":true,"href":"https:\/\/deportodos.com.ar\/2023\/wp-json\/wp\/v2\/users\/2"}],"replies":[{"embeddable":true,"href":"https:\/\/deportodos.com.ar\/2023\/wp-json\/wp\/v2\/comments?post=5291"}],"version-history":[{"count":1,"href":"https:\/\/deportodos.com.ar\/2023\/wp-json\/wp\/v2\/posts\/5291\/revisions"}],"predecessor-version":[{"id":5293,"href":"https:\/\/deportodos.com.ar\/2023\/wp-json\/wp\/v2\/posts\/5291\/revisions\/5293"}],"wp:featuredmedia":[{"embeddable":true,"href":"https:\/\/deportodos.com.ar\/2023\/wp-json\/wp\/v2\/media\/5292"}],"wp:attachment":[{"href":"https:\/\/deportodos.com.ar\/2023\/wp-json\/wp\/v2\/media?parent=5291"}],"wp:term":[{"taxonomy":"category","embeddable":true,"href":"https:\/\/deportodos.com.ar\/2023\/wp-json\/wp\/v2\/categories?post=5291"},{"taxonomy":"post_tag","embeddable":true,"href":"https:\/\/deportodos.com.ar\/2023\/wp-json\/wp\/v2\/tags?post=5291"}],"curies":[{"name":"wp","href":"https:\/\/api.w.org\/{rel}","templated":true}]}}