{"id":5297,"date":"2026-04-16T21:06:22","date_gmt":"2026-04-16T21:06:22","guid":{"rendered":"https:\/\/deportodos.com.ar\/2023\/?p=5297"},"modified":"2026-04-16T21:06:23","modified_gmt":"2026-04-16T21:06:23","slug":"tc-en-concepcion-del-uruguay","status":"publish","type":"post","link":"https:\/\/deportodos.com.ar\/2023\/tc-en-concepcion-del-uruguay\/","title":{"rendered":"TC EN CONCEPCI\u00d3N DEL URUGUAY"},"content":{"rendered":"\n<p>Este fin de semana, en el Aut\u00f3dromo Concepci\u00f3n del Uruguay, se disputar\u00e1 la cuarta fecha del campeonato 2026. Luego de la victoria de Agust\u00edn Canapino, en el tercer compromiso en Neuqu\u00e9n, ahora el Turismo Carretera regresa al circuito entrerriano para uno de los cap\u00edtulos m\u00e1s esperados en el calendario de TC.<\/p>\n\n\n\n<p>Jonatan Castellano, que tripula un Dodge Challenger, es el puntero del campeonato con 103 puntos; lo siguen Jos\u00e9 Manuel Urcera, 2\u00b0 con 84.5, y Facundo Chapur, que tiene 82 unidades.<\/p>\n\n\n\n<p>Lista completa de inscriptos para la cuarta fecha:<\/p>\n\n\n\n<figure class=\"wp-block-table\"><table class=\"has-fixed-layout\"><tbody><tr><td><strong>N\u00daMERO<\/strong><\/td><td><strong>PILOTO<\/strong><\/td><td><strong>MARCA<\/strong><\/td><td><strong>EQUIPO<\/strong><\/td><\/tr><tr><td>1<\/td><td>Canapino, Agust\u00edn<\/td><td>Chevrolet (Camaro)<\/td><td><strong>CANNING MOTORSPORTS<\/strong><\/td><\/tr><tr><td>3<\/td><td>Lambiris, Mauricio<\/td><td>Ford (Mustang)<\/td><td><strong>GURI MARTINEZ COMP.<\/strong><\/td><\/tr><tr><td>4<\/td><td>Todino, Germ\u00e1n<\/td><td>Ford (Mustang)<\/td><td><strong>LABORITO JR.<\/strong><\/td><\/tr><tr><td>5<\/td><td>Agrelo, Marcelo<\/td><td>Torino (Torino ACTC)<\/td><td><strong>TROTTA RACING<\/strong><\/td><\/tr><tr><td>6<\/td><td>Trucco, Juan Mart\u00edn<\/td><td>Dodge (Challenger)<\/td><td><strong>DI MEGLIO MOTORSPORT<\/strong><\/td><\/tr><tr><td>7<\/td><td>Mangoni, Santiago<\/td><td>Chevrolet (Camaro)<\/td><td><strong>CANNING MOTORSPORTS<\/strong><\/td><\/tr><tr><td>9<\/td><td>Olmedo, Jerem\u00edas<\/td><td>Torino (Torino ACTC)<\/td><td><strong>CANNING MOTORSPORTS<\/strong><\/td><\/tr><tr><td>11<\/td><td>Werner, Mariano<\/td><td>Ford (Mustang)<\/td><td><strong>FADEL MEMO CORSE<\/strong><\/td><\/tr><tr><td>14<\/td><td>Ledesma, Christian<\/td><td>Chevrolet (Camaro)<\/td><td><strong>PRADECON RACING<\/strong><\/td><\/tr><tr><td>15<\/td><td>Ebarl\u00edn, Juan Jos\u00e9<\/td><td>Chevrolet (Camaro)<\/td><td><strong>LRD PERFORMANCE<\/strong><\/td><\/tr><tr><td>24<\/td><td>Di Palma, Luis Jos\u00e9<\/td><td>Toyota<\/td><td><strong>RUS MED TEAM<\/strong><\/td><\/tr><tr><td>27<\/td><td>Spataro, Emiliano<\/td><td>Ford (Mustang)<\/td><td><strong>SPATARO RACING<\/strong><\/td><\/tr><tr><td>29<\/td><td>Craparo, Elio<\/td><td>Ford (Mustang)<\/td><td><strong>MORIATIS COMPETICION<\/strong><\/td><\/tr><tr><td>32<\/td><td>Canapino, Mat\u00edas<\/td><td>Chevrolet (Camaro)<\/td><td><strong>CATALAN MAGNI MOTORSPORT<\/strong><\/td><\/tr><tr><td>37<\/td><td>Fontana, Norberto<\/td><td>Chevrolet (Camaro)<\/td><td><strong>AZAR MOTORSPORT<\/strong><\/td><\/tr><tr><td>51<\/td><td>Cotignola, Nicol\u00e1s<\/td><td>Toyota<\/td><td><strong>SPRINT RACING<\/strong><\/td><\/tr><tr><td>53<\/td><td>Catal\u00e1n Magni, Juan Tom\u00e1s<\/td><td>Toyota<\/td><td><strong>AZAR MOTORSPORT<\/strong><\/td><\/tr><tr><td>57<\/td><td>Gianini, Juan Pablo<\/td><td>Ford (Mustang)<\/td><td><strong>JPG RACING<\/strong><\/td><\/tr><tr><td>60<\/td><td>Teti, Jer\u00f3nimo<\/td><td>Ford (Mustang)<\/td><td><strong>LABORITO JR.<\/strong><\/td><\/tr><tr><td>63<\/td><td>Bonelli, Nicol\u00e1s<\/td><td>Ford (Mustang)<\/td><td><strong>HERMANOS ALVAREZ<\/strong><\/td><\/tr><tr><td>68<\/td><td>Santero, Juli\u00e1n<\/td><td>BMW<\/td><td><strong>BMW MOTORSPORT<\/strong><\/td><\/tr><tr><td>72<\/td><td>Serrano, Mart\u00edn<\/td><td>Chevrolet (Camaro)<\/td><td><strong>GIAVEDONI SPORT<\/strong><\/td><\/tr><tr><td>77<\/td><td>Carinelli, Augusto<\/td><td>Ford (Mustang)<\/td><td><strong>GURI MARTINEZ COMP.<\/strong><\/td><\/tr><tr><td>79<\/td><td>Chapur, Facundo<\/td><td>Torino (Torino ACTC)<\/td><td><strong>TROTTA RACING<\/strong><\/td><\/tr><tr><td>81<\/td><td>Carabajal, Lucas<\/td><td>Ford (Mustang)<\/td><td><strong>DTA RACING<\/strong><\/td><\/tr><tr><td>83<\/td><td>Ardusso, Facundo<\/td><td>Ford (Mustang)<\/td><td><strong>GURI MARTINEZ COMP.<\/strong><\/td><\/tr><tr><td>85<\/td><td>Risatti, Ricardo<\/td><td>Ford (Mustang)<\/td><td><strong>TCM RACING TEAM<\/strong><\/td><\/tr><tr><td>86<\/td><td>Fa\u00edn, Ignacio<\/td><td>Torino (Torino ACTC)<\/td><td><strong>TROTTA RACING<\/strong><\/td><\/tr><tr><td>87<\/td><td>Impiombato, Nicol\u00e1s<\/td><td>Torino (Torino ACTC)<\/td><td><strong>IMPIOMBATO MOTORSPORT<\/strong><\/td><\/tr><tr><td>88<\/td><td>Trosset, Nicol\u00e1s<\/td><td>Ford (Mustang)<\/td><td><strong>SAVINO SPORT<\/strong><\/td><\/tr><tr><td>95<\/td><td>Landa, Marcos<\/td><td>Chevrolet (Camaro)<\/td><td><strong>PRADECON RACING<\/strong><\/td><\/tr><tr><td>96<\/td><td>Benvenuti, Juan Cruz<\/td><td>Chevrolet (Camaro)<\/td><td><strong>CANNING MOTORSPORTS<\/strong><\/td><\/tr><tr><td>101<\/td><td>Castellano, Jonatan<\/td><td>Dodge (Challenger)<\/td><td><strong>GALARZA RACING<\/strong><\/td><\/tr><tr><td>107<\/td><td>Mart\u00ednez, Tob\u00edas<\/td><td>Chevrolet (Camaro)<\/td><td><strong>RUS MED TEAM<\/strong><\/td><\/tr><tr><td>109<\/td><td>Moscardini, Nicolas<\/td><td>Ford (Mustang)<\/td><td><strong>GURI MARTINEZ COMP.<\/strong><\/td><\/tr><tr><td>110<\/td><td>Azar, Diego<\/td><td>M.Benz<\/td><td><strong>MAQUIN PARTS<\/strong><\/td><\/tr><tr><td>112<\/td><td>Valle, Lucas<\/td><td>Chevrolet (Camaro)<\/td><td><strong>RV RACING<\/strong><\/td><\/tr><tr><td>113<\/td><td>Lugon, Rodrigo<\/td><td>Ford (Mustang)<\/td><td><strong>AYP COMPETICION<\/strong><\/td><\/tr><tr><td>114<\/td><td>Ferrante, Gast\u00f3n<\/td><td>Ford (Mustang)<\/td><td><strong>DI MEGLIO MOTORSPORT<\/strong><\/td><\/tr><tr><td>116<\/td><td>Candela, Kevin<\/td><td>BMW<\/td><td><strong>BMW MOTORSPORT<\/strong><\/td><\/tr><tr><td>117<\/td><td>Rossi, Mat\u00edas<\/td><td>Toyota<\/td><td><strong>PRADECON RACING<\/strong><\/td><\/tr><tr><td>119<\/td><td>Palazzo, Hern\u00e1n<\/td><td>Toyota<\/td><td><strong>PRADECON RACING<\/strong><\/td><\/tr><tr><td>122<\/td><td>Jakos, Andr\u00e9s<\/td><td>Toyota<\/td><td><strong>COIRO COMPETICION<\/strong><\/td><\/tr><tr><td>123<\/td><td>V\u00e1zquez, Mart\u00edn<\/td><td>Dodge (Challenger)<\/td><td><strong>MV RACING<\/strong><\/td><\/tr><tr><td>126<\/td><td>Ricciardi, Thomas<\/td><td>Toyota<\/td><td><strong>RUS MED TEAM<\/strong><\/td><\/tr><tr><td>133<\/td><td>Aguirre, Valent\u00edn<\/td><td>Chevrolet (Camaro)<\/td><td><strong>PRADECON RACING<\/strong><\/td><\/tr><tr><td>137<\/td><td>Scialchi, Jerem\u00edas<\/td><td>Ford (Mustang)<\/td><td><strong>MORIATIS COMPETICION<\/strong><\/td><\/tr><tr><td>140<\/td><td>Chansard, Gaspar<\/td><td>Toyota<\/td><td><strong>GIAVEDONI SPORT<\/strong><\/td><\/tr><tr><td>141<\/td><td>Barrio, Jorge<\/td><td>Toyota<\/td><td><strong>PRADECON RACING<\/strong><\/td><\/tr><tr><td>147<\/td><td>Dianda, Marco<\/td><td>Dodge (Challenger)<\/td><td><strong>GALARZA RACING<\/strong><\/td><\/tr><tr><td>154<\/td><td>Ochoa, Joaquin<\/td><td>Dodge (Challenger)<\/td><td><strong>SAP TEAM<\/strong><\/td><\/tr><tr><td>157<\/td><td>De Benedictis, Juan B.<\/td><td>Ford (Mustang)<\/td><td><strong>RUS MED TEAM<\/strong><\/td><\/tr><tr><td>172<\/td><td>\u00c1lvarez, Santiago<\/td><td>Chevrolet (Camaro)<\/td><td><strong>UR RACING<\/strong><\/td><\/tr><tr><td>193<\/td><td>Castro, Marcos<\/td><td>Torino (Torino ACTC)<\/td><td><strong>DBG MOTORSPORT<\/strong><\/td><\/tr><tr><td>197<\/td><td>Quijada, Marcos<\/td><td>Chevrolet (Camaro)<\/td><td><strong>ALIFRACO SPORT<\/strong><\/td><\/tr><tr><td>231<\/td><td>Urcera, Jos\u00e9 Manuel<\/td><td>Toyota<\/td><td><strong>MAQUIN PARTS<\/strong><\/td><\/tr><tr><td>256<\/td><td>Fritzler, Otto<\/td><td>M.Benz<\/td><\/tr><\/tbody><\/table><\/figure>\n\n\n\n<h2 class=\"wp-block-heading\">Cronograma del s\u00e1bado para el TC<\/h2>\n\n\n\n<p>La actividad comienza el s\u00e1bado 18 de abril con 2 tandas de entrenamientos para ambas categor\u00edas. La \u201ctelonera\u201d inicia su rodaje a las 9.25 h, y la \u201cm\u00e1xima\u201d hace lo propio a las 11.05 h. Toda la actividad cuenta con transmisi\u00f3n en vivo de Canal 9 y la plataforma de&nbsp;<em>streaming<\/em>&nbsp;Motorplay.<\/p>\n\n\n\n<p>El segundo ensayo del TC Pista arranca a las 11.55 h, seguido por la nueva salida a pista del Turismo Carretera a las 13.20 h.<\/p>\n\n\n\n<p>Por la tarde, la clasificaci\u00f3n del TC Pista se pone en marcha a las 15.20 h, dividida en 3 tercios de 8 minutos. Luego, el Turismo Carretera define su grilla desde las 16.00 h con 4 cuartos, tambi\u00e9n de 8 minutos cada uno. Toda la franja clasificatoria, desde las 15.00 h hasta las 17.00 h, se emite de forma directa por Canal 9 y Motorplay.<\/p>\n\n\n\n<h2 class=\"wp-block-heading\">Horarios del domingo: series y Finales<\/h2>\n\n\n\n<p>El domingo la acci\u00f3n arranca temprano. Las series del TC Pista inician a las 10.05 h y las del Turismo Carretera a partir de las 10.55 h.<\/p>\n\n\n\n<p>El plato fuerte llega al mediod\u00eda con las Finales: la \u201ctelonera\u201d corre a las 12.55 h y la \u201cm\u00e1xima\u201d cierra el evento a las 14.00 h. La transmisi\u00f3n principal va por la pantalla de Canal 9 entre las 10.00 h y las 15.00 h.<\/p>\n\n\n\n<p>Cabe recordar que las transmisiones de la categor\u00eda cambiaron de se\u00f1al para esta temporada. Canal 9 es la encargada de emitir el evento a todo el pa\u00eds. Adem\u00e1s, Motorplay contin\u00faa como la opci\u00f3n de\u00a0<em>streaming<\/em>\u00a0oficial y ACTC Media TV mantiene la producci\u00f3n integral.<\/p>\n","protected":false},"excerpt":{"rendered":"<p>Este fin de semana, en el Aut\u00f3dromo Concepci\u00f3n del Uruguay, se disputar\u00e1 la cuarta fecha&#8230;<\/p>\n","protected":false},"author":2,"featured_media":5298,"comment_status":"open","ping_status":"open","sticky":false,"template":"","format":"standard","meta":{"footnotes":""},"categories":[6],"tags":[],"class_list":["post-5297","post","type-post","status-publish","format-standard","has-post-thumbnail","hentry","category-automovilismo"],"featured_image_urls":{"full":["https:\/\/deportodos.com.ar\/2023\/wp-content\/uploads\/2026\/04\/TC-Concepcion-1.jpg",1200,797,false],"thumbnail":["https:\/\/deportodos.com.ar\/2023\/wp-content\/uploads\/2026\/04\/TC-Concepcion-1-150x150.jpg",150,150,true],"medium":["https:\/\/deportodos.com.ar\/2023\/wp-content\/uploads\/2026\/04\/TC-Concepcion-1-300x199.jpg",300,199,true],"medium_large":["https:\/\/deportodos.com.ar\/2023\/wp-content\/uploads\/2026\/04\/TC-Concepcion-1-768x510.jpg",640,425,true],"large":["https:\/\/deportodos.com.ar\/2023\/wp-content\/uploads\/2026\/04\/TC-Concepcion-1-1024x680.jpg",640,425,true],"1536x1536":["https:\/\/deportodos.com.ar\/2023\/wp-content\/uploads\/2026\/04\/TC-Concepcion-1.jpg",1200,797,false],"2048x2048":["https:\/\/deportodos.com.ar\/2023\/wp-content\/uploads\/2026\/04\/TC-Concepcion-1.jpg",1200,797,false],"covernews-featured":["https:\/\/deportodos.com.ar\/2023\/wp-content\/uploads\/2026\/04\/TC-Concepcion-1-1024x680.jpg",1024,680,true],"covernews-medium":["https:\/\/deportodos.com.ar\/2023\/wp-content\/uploads\/2026\/04\/TC-Concepcion-1-540x340.jpg",540,340,true]},"author_info":{"display_name":"c2530142","author_link":"https:\/\/deportodos.com.ar\/2023\/author\/c2530142\/"},"category_info":"<a href=\"https:\/\/deportodos.com.ar\/2023\/category\/automovilismo\/\" rel=\"category tag\">Automovilismo<\/a>","tag_info":"Automovilismo","comment_count":"0","_links":{"self":[{"href":"https:\/\/deportodos.com.ar\/2023\/wp-json\/wp\/v2\/posts\/5297","targetHints":{"allow":["GET"]}}],"collection":[{"href":"https:\/\/deportodos.com.ar\/2023\/wp-json\/wp\/v2\/posts"}],"about":[{"href":"https:\/\/deportodos.com.ar\/2023\/wp-json\/wp\/v2\/types\/post"}],"author":[{"embeddable":true,"href":"https:\/\/deportodos.com.ar\/2023\/wp-json\/wp\/v2\/users\/2"}],"replies":[{"embeddable":true,"href":"https:\/\/deportodos.com.ar\/2023\/wp-json\/wp\/v2\/comments?post=5297"}],"version-history":[{"count":1,"href":"https:\/\/deportodos.com.ar\/2023\/wp-json\/wp\/v2\/posts\/5297\/revisions"}],"predecessor-version":[{"id":5299,"href":"https:\/\/deportodos.com.ar\/2023\/wp-json\/wp\/v2\/posts\/5297\/revisions\/5299"}],"wp:featuredmedia":[{"embeddable":true,"href":"https:\/\/deportodos.com.ar\/2023\/wp-json\/wp\/v2\/media\/5298"}],"wp:attachment":[{"href":"https:\/\/deportodos.com.ar\/2023\/wp-json\/wp\/v2\/media?parent=5297"}],"wp:term":[{"taxonomy":"category","embeddable":true,"href":"https:\/\/deportodos.com.ar\/2023\/wp-json\/wp\/v2\/categories?post=5297"},{"taxonomy":"post_tag","embeddable":true,"href":"https:\/\/deportodos.com.ar\/2023\/wp-json\/wp\/v2\/tags?post=5297"}],"curies":[{"name":"wp","href":"https:\/\/api.w.org\/{rel}","templated":true}]}}