{"id":5303,"date":"2026-04-16T21:08:53","date_gmt":"2026-04-16T21:08:53","guid":{"rendered":"https:\/\/deportodos.com.ar\/2023\/?p=5303"},"modified":"2026-04-16T21:08:54","modified_gmt":"2026-04-16T21:08:54","slug":"se-define-en-concordia","status":"publish","type":"post","link":"https:\/\/deportodos.com.ar\/2023\/se-define-en-concordia\/","title":{"rendered":"SE DEFINE EN CONCORDIA"},"content":{"rendered":"\n<p>La Capital Nacional del Citrus albergar\u00e1 este fin de semana al encuentro revancha de la serie final en la Copa Federaci\u00f3n masculina de primera divisi\u00f3n.<\/p>\n\n\n\n<p>Defensores de N\u00e9bel de dicha ciudad recibir\u00e1 a Caball\u00fa de La Paz, en un duelo que se disputar\u00e1 este domingo, desde las 17 hs, en el reducto de c\u00e9sped sint\u00e9tico, ubicado sobre la Avenida Chajar\u00ed.<\/p>\n\n\n\n<p>Los segundos noventa minutos de la llave ser\u00e1n la continuidad del juego inicial, que se desarroll\u00f3 el pasado domingo en el estadio de Patronato de La Paz.<\/p>\n\n\n\n<p>All\u00ed, Caball\u00fa logr\u00f3 una importante victoria por 3 a 0, lo cual le otorga una importante ventaja para esta revancha, aunque, claro est\u00e1, para nada definitoria.<\/p>\n\n\n\n<p>Un nuevo triunfo del conjunto auriverde, un empate o hasta una derrota por dos o menos goles de diferencia, le dar\u00e1 el t\u00edtulo al equipo dirigido por Silvio S\u00e1nchez.<\/p>\n\n\n\n<p>Por el contrario, N\u00e9bel deber\u00e1 obtener un triunfo por un margen de tres goles de diferencia, para poder estirar la definici\u00f3n hasta la tanda de penales, en tanto que, si se impone por cuatro o m\u00e1s goles, la Copa quedar\u00e1 en Concordia.<\/p>\n\n\n\n<p>Edgardo teles Triunfo, de la Liga de Gualeguaych\u00fa, ser\u00e1 el \u00e1rbitro principal del juego, que tendr\u00e1 como asistentes a Ariel Guibaud y Maximiliano Canti.<\/p>\n\n\n\n<blockquote class=\"wp-block-quote is-layout-flow wp-block-quote-is-layout-flow\">\n<p>www.federacionentrerrianadefutbol.org.ar<\/p>\n<\/blockquote>\n","protected":false},"excerpt":{"rendered":"<p>La Capital Nacional del Citrus albergar\u00e1 este fin de semana al encuentro revancha de la&#8230;<\/p>\n","protected":false},"author":2,"featured_media":5304,"comment_status":"open","ping_status":"open","sticky":false,"template":"","format":"standard","meta":{"footnotes":""},"categories":[36],"tags":[],"class_list":["post-5303","post","type-post","status-publish","format-standard","has-post-thumbnail","hentry","category-futbol"],"featured_image_urls":{"full":["https:\/\/deportodos.com.ar\/2023\/wp-content\/uploads\/2026\/04\/FEF2-1.png",600,380,false],"thumbnail":["https:\/\/deportodos.com.ar\/2023\/wp-content\/uploads\/2026\/04\/FEF2-1-150x150.png",150,150,true],"medium":["https:\/\/deportodos.com.ar\/2023\/wp-content\/uploads\/2026\/04\/FEF2-1-300x190.png",300,190,true],"medium_large":["https:\/\/deportodos.com.ar\/2023\/wp-content\/uploads\/2026\/04\/FEF2-1.png",600,380,false],"large":["https:\/\/deportodos.com.ar\/2023\/wp-content\/uploads\/2026\/04\/FEF2-1.png",600,380,false],"1536x1536":["https:\/\/deportodos.com.ar\/2023\/wp-content\/uploads\/2026\/04\/FEF2-1.png",600,380,false],"2048x2048":["https:\/\/deportodos.com.ar\/2023\/wp-content\/uploads\/2026\/04\/FEF2-1.png",600,380,false],"covernews-featured":["https:\/\/deportodos.com.ar\/2023\/wp-content\/uploads\/2026\/04\/FEF2-1.png",600,380,false],"covernews-medium":["https:\/\/deportodos.com.ar\/2023\/wp-content\/uploads\/2026\/04\/FEF2-1-540x340.png",540,340,true]},"author_info":{"display_name":"c2530142","author_link":"https:\/\/deportodos.com.ar\/2023\/author\/c2530142\/"},"category_info":"<a href=\"https:\/\/deportodos.com.ar\/2023\/category\/futbol\/\" rel=\"category tag\">Futbol<\/a>","tag_info":"Futbol","comment_count":"0","_links":{"self":[{"href":"https:\/\/deportodos.com.ar\/2023\/wp-json\/wp\/v2\/posts\/5303","targetHints":{"allow":["GET"]}}],"collection":[{"href":"https:\/\/deportodos.com.ar\/2023\/wp-json\/wp\/v2\/posts"}],"about":[{"href":"https:\/\/deportodos.com.ar\/2023\/wp-json\/wp\/v2\/types\/post"}],"author":[{"embeddable":true,"href":"https:\/\/deportodos.com.ar\/2023\/wp-json\/wp\/v2\/users\/2"}],"replies":[{"embeddable":true,"href":"https:\/\/deportodos.com.ar\/2023\/wp-json\/wp\/v2\/comments?post=5303"}],"version-history":[{"count":1,"href":"https:\/\/deportodos.com.ar\/2023\/wp-json\/wp\/v2\/posts\/5303\/revisions"}],"predecessor-version":[{"id":5305,"href":"https:\/\/deportodos.com.ar\/2023\/wp-json\/wp\/v2\/posts\/5303\/revisions\/5305"}],"wp:featuredmedia":[{"embeddable":true,"href":"https:\/\/deportodos.com.ar\/2023\/wp-json\/wp\/v2\/media\/5304"}],"wp:attachment":[{"href":"https:\/\/deportodos.com.ar\/2023\/wp-json\/wp\/v2\/media?parent=5303"}],"wp:term":[{"taxonomy":"category","embeddable":true,"href":"https:\/\/deportodos.com.ar\/2023\/wp-json\/wp\/v2\/categories?post=5303"},{"taxonomy":"post_tag","embeddable":true,"href":"https:\/\/deportodos.com.ar\/2023\/wp-json\/wp\/v2\/tags?post=5303"}],"curies":[{"name":"wp","href":"https:\/\/api.w.org\/{rel}","templated":true}]}}