{"id":5309,"date":"2026-04-17T11:21:05","date_gmt":"2026-04-17T11:21:05","guid":{"rendered":"https:\/\/deportodos.com.ar\/2023\/?p=5309"},"modified":"2026-04-17T11:21:06","modified_gmt":"2026-04-17T11:21:06","slug":"la-liga-entrerriana-de-handball-2026-pone-primera-con-doble-sede","status":"publish","type":"post","link":"https:\/\/deportodos.com.ar\/2023\/la-liga-entrerriana-de-handball-2026-pone-primera-con-doble-sede\/","title":{"rendered":"LA LIGA ENTRERRIANA DE HANDBALL 2026 PONE PRIMERA CON DOBLE SEDE"},"content":{"rendered":"\n<p>Este fin de semana se pone en marcha la temporada 2026 de la Liga Provincial de handball con un nuevo formato que promete mayor competencia y emoci\u00f3n. La categor\u00eda Plata de primera divisi\u00f3n tendr\u00e1 su debut en la ciudad de Victoria, mientras que la categor\u00eda Oro har\u00e1 lo propio en Paran\u00e1.<\/p>\n\n\n\n<p>El certamen contar\u00e1 con la participaci\u00f3n de equipos de distintas localidades de la provincia: Victoria, Villaguay, Paran\u00e1, Gualeguaych\u00fa, Concepci\u00f3n del Uruguay y Concordia, consolidando un torneo verdaderamente federal.<\/p>\n\n\n\n<p>&#x1f4cd; S\u00e1bado 18\/04 \u2013 Club 25 de Mayo (Victoria)<\/p>\n\n\n\n<p>09:00 \u2013 25 de Mayo vs Sarmiento (Masculino)<\/p>\n\n\n\n<p>10:30 \u2013 Don Bosco vs Central Entrerriano (Masculino)<\/p>\n\n\n\n<p>&#x1f4cd; Domingo 19\/04 \u2013 Gimnasio Berduc (Paran\u00e1)<\/p>\n\n\n\n<p>09:00 \u2013 25 de Mayo vs Don Bosco (Femenino)<\/p>\n\n\n\n<p>10:30 \u2013 Ferrocarril vs Juventud Unida (Masculino)<\/p>\n\n\n\n<p>12:00 \u2013 Ferrocarril vs Sarmiento (Femenino)<\/p>\n\n\n\n<p>13:30 \u2013 Paracao vs CPEF N\u00b03 (Masculino)<\/p>\n\n\n\n<p>15:00 \u2013 Capuchinos vs CPEF N\u00b03 (Femenino)<\/p>\n\n\n\n<p>De esta manera, el handball entrerriano levanta el tel\u00f3n de una nueva temporada que re\u00fane a los mejores equipos de la provincia, con el objetivo de seguir creciendo y fortaleciendo la disciplina.<\/p>\n","protected":false},"excerpt":{"rendered":"<p>Este fin de semana se pone en marcha la temporada 2026 de la Liga Provincial&#8230;<\/p>\n","protected":false},"author":2,"featured_media":5310,"comment_status":"open","ping_status":"open","sticky":false,"template":"","format":"standard","meta":{"footnotes":""},"categories":[53],"tags":[],"class_list":["post-5309","post","type-post","status-publish","format-standard","has-post-thumbnail","hentry","category-handball"],"featured_image_urls":{"full":["https:\/\/deportodos.com.ar\/2023\/wp-content\/uploads\/2026\/04\/IMG-20260417-WA0000.jpg",999,749,false],"thumbnail":["https:\/\/deportodos.com.ar\/2023\/wp-content\/uploads\/2026\/04\/IMG-20260417-WA0000-150x150.jpg",150,150,true],"medium":["https:\/\/deportodos.com.ar\/2023\/wp-content\/uploads\/2026\/04\/IMG-20260417-WA0000-300x225.jpg",300,225,true],"medium_large":["https:\/\/deportodos.com.ar\/2023\/wp-content\/uploads\/2026\/04\/IMG-20260417-WA0000-768x576.jpg",640,480,true],"large":["https:\/\/deportodos.com.ar\/2023\/wp-content\/uploads\/2026\/04\/IMG-20260417-WA0000.jpg",640,480,false],"1536x1536":["https:\/\/deportodos.com.ar\/2023\/wp-content\/uploads\/2026\/04\/IMG-20260417-WA0000.jpg",999,749,false],"2048x2048":["https:\/\/deportodos.com.ar\/2023\/wp-content\/uploads\/2026\/04\/IMG-20260417-WA0000.jpg",999,749,false],"covernews-featured":["https:\/\/deportodos.com.ar\/2023\/wp-content\/uploads\/2026\/04\/IMG-20260417-WA0000.jpg",999,749,false],"covernews-medium":["https:\/\/deportodos.com.ar\/2023\/wp-content\/uploads\/2026\/04\/IMG-20260417-WA0000-540x340.jpg",540,340,true]},"author_info":{"display_name":"c2530142","author_link":"https:\/\/deportodos.com.ar\/2023\/author\/c2530142\/"},"category_info":"<a href=\"https:\/\/deportodos.com.ar\/2023\/category\/handball\/\" rel=\"category tag\">Handball<\/a>","tag_info":"Handball","comment_count":"0","_links":{"self":[{"href":"https:\/\/deportodos.com.ar\/2023\/wp-json\/wp\/v2\/posts\/5309","targetHints":{"allow":["GET"]}}],"collection":[{"href":"https:\/\/deportodos.com.ar\/2023\/wp-json\/wp\/v2\/posts"}],"about":[{"href":"https:\/\/deportodos.com.ar\/2023\/wp-json\/wp\/v2\/types\/post"}],"author":[{"embeddable":true,"href":"https:\/\/deportodos.com.ar\/2023\/wp-json\/wp\/v2\/users\/2"}],"replies":[{"embeddable":true,"href":"https:\/\/deportodos.com.ar\/2023\/wp-json\/wp\/v2\/comments?post=5309"}],"version-history":[{"count":1,"href":"https:\/\/deportodos.com.ar\/2023\/wp-json\/wp\/v2\/posts\/5309\/revisions"}],"predecessor-version":[{"id":5311,"href":"https:\/\/deportodos.com.ar\/2023\/wp-json\/wp\/v2\/posts\/5309\/revisions\/5311"}],"wp:featuredmedia":[{"embeddable":true,"href":"https:\/\/deportodos.com.ar\/2023\/wp-json\/wp\/v2\/media\/5310"}],"wp:attachment":[{"href":"https:\/\/deportodos.com.ar\/2023\/wp-json\/wp\/v2\/media?parent=5309"}],"wp:term":[{"taxonomy":"category","embeddable":true,"href":"https:\/\/deportodos.com.ar\/2023\/wp-json\/wp\/v2\/categories?post=5309"},{"taxonomy":"post_tag","embeddable":true,"href":"https:\/\/deportodos.com.ar\/2023\/wp-json\/wp\/v2\/tags?post=5309"}],"curies":[{"name":"wp","href":"https:\/\/api.w.org\/{rel}","templated":true}]}}