{"id":5316,"date":"2026-04-20T00:36:02","date_gmt":"2026-04-20T00:36:02","guid":{"rendered":"https:\/\/deportodos.com.ar\/2023\/?p=5316"},"modified":"2026-04-20T00:58:39","modified_gmt":"2026-04-20T00:58:39","slug":"la-union-volvio-a-ganar-en-casa-y-quedo-a-un-paso","status":"publish","type":"post","link":"https:\/\/deportodos.com.ar\/2023\/la-union-volvio-a-ganar-en-casa-y-quedo-a-un-paso\/","title":{"rendered":"LIGA ARGENTINA DE BASQUET, LA UNI\u00d3N DE COLON REDONDEO UN MUY BUEN FIN DE SEMANA"},"content":{"rendered":"\n<p>ste s\u00e1bado por la noche, La Uni\u00f3n de Col\u00f3n recibi\u00f3 a Pico FC en el marco del segundo juego por la serie de octavos de final (cuartos de la Conferencia Sur) en la Liga Argentina de B\u00e1squet. El encuentro disputado en el estadio Carlos Delasoie cont\u00f3 con el arbitraje de Ra\u00fal S\u00e1nchez y Mart\u00edn Pietrom\u00f3naco.<\/p>\n\n\n\n<p>El equipo colonense no comenz\u00f3 del todo bien, ya que atraves\u00f3 un primer cuarto de alto goleo en desventaja por 25-22. Sin embargo, en el segundo tramo logr\u00f3 remontar en el juego y con un muy buen parcial defensivo tom\u00f3 10 de distancia en el cuarto (25-15) para acabar ganando el primer tiempo por 47-40.<\/p>\n\n\n\n<p>En la segunda mitad del partido volvi\u00f3 a haber un golpe por golpe que emparej\u00f3 las acciones en su desarrollo, pero no en el marcador principal. Debido a esto es que acab\u00f3 ganando La Uni\u00f3n, que se impuso por 21-19 en el tercer parcial e igual\u00f3 en 17 el \u00faltimo para cerrar con un triunfo por 85-76 que le da la ventaja por 2-0 en la serie.<\/p>\n\n\n\n<p>El goleador del vencedor fue Mat\u00edas Caire, autor de 20 puntos y seguido de cerca por Guido Cabrera y Nicol\u00e1s Henriques, que convirtieron 17 y 16 para el elenco<em>&nbsp;Rojo<\/em>. Leonardo Mainoldi con 19 tantos fue el m\u00e1s destacado del visitante.<\/p>\n\n\n\n<p>Con esa diferencia, el equipo de Mart\u00edn Guastavino ahora viajar\u00e1 a La Pampa para afrontar el tercer juego de la serie el pr\u00f3ximo martes 21 de abril.<\/p>\n\n\n\n<p><strong>-S\u00cdNTESIS-<\/strong><br>La Uni\u00f3n&nbsp;<strong>85-76<\/strong>&nbsp;Pico FC.<br><br><strong>Parciales:<\/strong>&nbsp;22-25 \/\/ 47-40 (25-15) \/\/ 68-59 (21-19) \/\/ 85-76 (17-17).<br><br><strong>Formaciones:<\/strong><br><strong>LA UNI\u00d3N (85)<\/strong><br>*\u00c1lvaro Merlo: 4rbs, 8as, 1rec, 3per.<br>*Gonzalo Romero: 5pts, 4rbs, 2as, 1rec, 2per.<br>*Mat\u00edas Caire: 20pts, 3rbs, 1as, 2rec, 2per.<br>*Rodrigo Acu\u00f1a: 13pts, 6rbs, 1rec, 1per.<br>*Guido Cabrera: 17pts, 4rbs, 2as, 1per.<br>Nicol\u00e1s Henriques: 16pts, 2rbs, 1as, 1per.<br>Lucio Longoni (x): 8pts, 6rbs, 2rec.<br>Valentino Salamone: 6pts, 3rbs, 1as.<br>DT: Mart\u00edn Guastavino.<br><br><strong>PICO FC (76)<\/strong><br>*Manuel Alonso: 13pts, 1rb, 2as, 3per.<br>*Latraius Mosley: 12pts, 8rbs, 2rec, 1per.<br>*Leonardo Mainoldi: 19pts, 7rbs, 3as, 1rec, 4per, 1ta.<br>*Juan Rodr\u00edguez Suppi: 12pts, 4rbs, 6as, 3rec, 4per.<br>*Rodrigo S\u00e1nchez: 13pts, 4rbs, 2as, 1rec, 1per.<br>Manuel Peyronnet: 2rbs.Agust\u00edn Barbera: &#8212;.<br>Jos\u00e9 Peralta: 3pts, 3rbs, 1ta.<br>Valent\u00edn Allier: 4pts, 1rb, 3as, 1per.<br>Jos\u00e9 Copesky: &#8212;.<br>DT: Gustavo Morla.<br><br>*Inicialistas.<br><br>(x): Excluido.<br><br><strong>\u00c1rbitros:<\/strong>&nbsp;Ra\u00fal S\u00e1nchez &#8211; Mart\u00edn Pietrom\u00f3naco.<br><br><strong>Estadio:<\/strong>&nbsp;Carlos Delasoie.<\/p>\n\n\n\n<blockquote class=\"wp-block-quote is-layout-flow wp-block-quote-is-layout-flow\">\n<p>www.analisisdigital.com.ar<\/p>\n<\/blockquote>\n\n\n\n<p>CENTRAL ENTRERRIANO PERDIO Y ESTA 1 A 1 <\/p>\n\n\n\n<p>El primer cuarto se present\u00f3 cuesta arriba para Central, que sufri\u00f3 la alta efectividad de Gimnasia en los lanzamientos externos. El visitante castig\u00f3 desde el arranque: meti\u00f3 cuatro triples en sus primeros seis intentos y marc\u00f3 el pulso del juego. El rojinegro nunca logr\u00f3 imponer la solidez defensiva que lo caracteriza ni pudo correr la cancha para sumar en transici\u00f3n. Adem\u00e1s, apenas convirti\u00f3 un tiro a distancia, en manos de su goleador Aquiles Montani.<\/p>\n\n\n\n<p>En el inicio del segundo per\u00edodo, el equipo de Mart\u00edn Pascal reaccion\u00f3. Ajust\u00f3 la marca, equilibr\u00f3 el juego en ambos costados y encontr\u00f3 respuestas desde el banco con el aporte de Mario Ghersetti. A la par, Lautaro Pividori firm\u00f3 un buen pasaje en ataque, lo que le permiti\u00f3 remontar una desventaja de seis puntos y volver a tomar la delantera.<\/p>\n\n\n\n<p>Pero el partido volvi\u00f3 a torcerse. Nicol\u00e1s Reynoso, una de las figuras de la temporada, sufri\u00f3 la rotura de ligamentos cruzados tras una acci\u00f3n de juego. A esa baja se sum\u00f3 la ausencia de Cristian P\u00e9rez, preservado por un esguince, y Central qued\u00f3 corto en la rotaci\u00f3n.<\/p>\n\n\n\n<p>Gimnasia capitaliz\u00f3 el golpe an\u00edmico y la merma de recursos. Encontr\u00f3 en Gianfranco Sinconi una v\u00eda confiable para sumar en la pintura y cerr\u00f3 la primera mitad en ventaja. Central, de todos modos, sostuvo la intensidad y se mantuvo en juego con el protagonismo ofensivo de Juan Siboldi, autor de seis puntos en el parcial.<\/p>\n\n\n\n<p>En el tercer cuarto, Central no logr\u00f3 reaccionar en el arranque y Gimnasia aprovech\u00f3 el envi\u00f3n con los triples de Ezequiel Paz, el aporte goleador de Juan Francisco Boffelli desde la banca y el rendimiento sostenido de Sinconi en el juego interior. Sin embargo, el local respondi\u00f3 en el tramo final del per\u00edodo desde la intensidad, liderado por Lautaro Pividori, que anot\u00f3 cinco puntos consecutivos para reducir a la mitad la diferencia de diez que hab\u00eda alcanzado la visita.<\/p>\n\n\n\n<p>En los diez minutos finales, los dirigidos por Mart\u00edn Pascal mostraron sacrificio ante la adversidad, pese a las pocas variantes. Llegaron a ponerse a un doble, pero el desgaste pas\u00f3 factura: varias p\u00e9rdidas derivaron en puntos de Gimnasia en transiciones r\u00e1pidas.<\/p>\n\n\n\n<p>El equipo rojinegro lo dio todo, pero no logr\u00f3 la remontada y volvi\u00f3 a perder como local en la temporada tras 15 partidos \u2014su \u00fanica ca\u00edda hab\u00eda sido ante Racing de Avellaneda en la segunda fecha de la fase regular\u2014. Con la serie igualada en uno, ahora deber\u00e1 ganar el martes o el jueves para forzar un quinto y decisivo juego, dentro de siete d\u00edas en el B\u00e9rtora<\/p>\n\n\n\n<figure class=\"wp-block-image size-large\"><a href=\"https:\/\/deportodos.com.ar\/2023\/wp-content\/uploads\/2026\/04\/137446.webp\"><img fetchpriority=\"high\" decoding=\"async\" width=\"1024\" height=\"768\" src=\"https:\/\/deportodos.com.ar\/2023\/wp-content\/uploads\/2026\/04\/137446-1024x768.webp\" alt=\"\" class=\"wp-image-5324\" srcset=\"https:\/\/deportodos.com.ar\/2023\/wp-content\/uploads\/2026\/04\/137446-1024x768.webp 1024w, https:\/\/deportodos.com.ar\/2023\/wp-content\/uploads\/2026\/04\/137446-300x225.webp 300w, https:\/\/deportodos.com.ar\/2023\/wp-content\/uploads\/2026\/04\/137446-768x576.webp 768w, https:\/\/deportodos.com.ar\/2023\/wp-content\/uploads\/2026\/04\/137446.webp 1136w\" sizes=\"(max-width: 1024px) 100vw, 1024px\" \/><\/a><\/figure>\n\n\n\n<blockquote class=\"wp-block-quote is-layout-flow wp-block-quote-is-layout-flow\">\n<p>www.eldiaonline.com<\/p>\n<\/blockquote>\n","protected":false},"excerpt":{"rendered":"<p>ste s\u00e1bado por la noche, La Uni\u00f3n de Col\u00f3n recibi\u00f3 a Pico FC en el&#8230;<\/p>\n","protected":false},"author":2,"featured_media":5317,"comment_status":"open","ping_status":"open","sticky":false,"template":"","format":"standard","meta":{"footnotes":""},"categories":[9],"tags":[],"class_list":["post-5316","post","type-post","status-publish","format-standard","has-post-thumbnail","hentry","category-basquet"],"featured_image_urls":{"full":["https:\/\/deportodos.com.ar\/2023\/wp-content\/uploads\/2026\/04\/la-union-pico-fc.jpg.webp",900,507,false],"thumbnail":["https:\/\/deportodos.com.ar\/2023\/wp-content\/uploads\/2026\/04\/la-union-pico-fc.jpg-150x150.webp",150,150,true],"medium":["https:\/\/deportodos.com.ar\/2023\/wp-content\/uploads\/2026\/04\/la-union-pico-fc.jpg-300x169.webp",300,169,true],"medium_large":["https:\/\/deportodos.com.ar\/2023\/wp-content\/uploads\/2026\/04\/la-union-pico-fc.jpg-768x433.webp",640,361,true],"large":["https:\/\/deportodos.com.ar\/2023\/wp-content\/uploads\/2026\/04\/la-union-pico-fc.jpg.webp",640,361,false],"1536x1536":["https:\/\/deportodos.com.ar\/2023\/wp-content\/uploads\/2026\/04\/la-union-pico-fc.jpg.webp",900,507,false],"2048x2048":["https:\/\/deportodos.com.ar\/2023\/wp-content\/uploads\/2026\/04\/la-union-pico-fc.jpg.webp",900,507,false],"covernews-featured":["https:\/\/deportodos.com.ar\/2023\/wp-content\/uploads\/2026\/04\/la-union-pico-fc.jpg.webp",900,507,false],"covernews-medium":["https:\/\/deportodos.com.ar\/2023\/wp-content\/uploads\/2026\/04\/la-union-pico-fc.jpg-540x340.webp",540,340,true]},"author_info":{"display_name":"c2530142","author_link":"https:\/\/deportodos.com.ar\/2023\/author\/c2530142\/"},"category_info":"<a href=\"https:\/\/deportodos.com.ar\/2023\/category\/basquet\/\" rel=\"category tag\">Basquet<\/a>","tag_info":"Basquet","comment_count":"0","_links":{"self":[{"href":"https:\/\/deportodos.com.ar\/2023\/wp-json\/wp\/v2\/posts\/5316","targetHints":{"allow":["GET"]}}],"collection":[{"href":"https:\/\/deportodos.com.ar\/2023\/wp-json\/wp\/v2\/posts"}],"about":[{"href":"https:\/\/deportodos.com.ar\/2023\/wp-json\/wp\/v2\/types\/post"}],"author":[{"embeddable":true,"href":"https:\/\/deportodos.com.ar\/2023\/wp-json\/wp\/v2\/users\/2"}],"replies":[{"embeddable":true,"href":"https:\/\/deportodos.com.ar\/2023\/wp-json\/wp\/v2\/comments?post=5316"}],"version-history":[{"count":3,"href":"https:\/\/deportodos.com.ar\/2023\/wp-json\/wp\/v2\/posts\/5316\/revisions"}],"predecessor-version":[{"id":5325,"href":"https:\/\/deportodos.com.ar\/2023\/wp-json\/wp\/v2\/posts\/5316\/revisions\/5325"}],"wp:featuredmedia":[{"embeddable":true,"href":"https:\/\/deportodos.com.ar\/2023\/wp-json\/wp\/v2\/media\/5317"}],"wp:attachment":[{"href":"https:\/\/deportodos.com.ar\/2023\/wp-json\/wp\/v2\/media?parent=5316"}],"wp:term":[{"taxonomy":"category","embeddable":true,"href":"https:\/\/deportodos.com.ar\/2023\/wp-json\/wp\/v2\/categories?post=5316"},{"taxonomy":"post_tag","embeddable":true,"href":"https:\/\/deportodos.com.ar\/2023\/wp-json\/wp\/v2\/tags?post=5316"}],"curies":[{"name":"wp","href":"https:\/\/api.w.org\/{rel}","templated":true}]}}