{"id":5333,"date":"2026-04-20T01:50:55","date_gmt":"2026-04-20T01:50:55","guid":{"rendered":"https:\/\/deportodos.com.ar\/2023\/?p=5333"},"modified":"2026-04-20T01:50:55","modified_gmt":"2026-04-20T01:50:55","slug":"caballu-es-el-primer-campeon-de-la-copa","status":"publish","type":"post","link":"https:\/\/deportodos.com.ar\/2023\/caballu-es-el-primer-campeon-de-la-copa\/","title":{"rendered":"CABALL\u00da ES EL PRIMER CAMPE\u00d3N DE LA COPA"},"content":{"rendered":"\n<p>El auriverde de La Paz se qued\u00f3 con el t\u00edtulo en el segundo torneo de la temporada organizada por la Federaci\u00f3n Entrerriana de F\u00fatbol, tras igualar 1 a 1 como visitante ante Defensores de N\u00e9bel de Concordia.<\/p>\n\n\n\n<p>Con la igualdad lograda este domingo, el equipo dirigido por Silvio S\u00e1nchez cerr\u00f3 un global favorable de 4 a 1, luego de haberse impuesto 3 a 0 en el juego de ida, disputado el pasado domingo.<\/p>\n\n\n\n<p>Sobre el cierre del primer tiempo, y tras una triangulaci\u00f3n por la derecha del ataque, Tom\u00e1s C\u00e1ceres sac\u00f3 un remate desde el borde del \u00e1rea, que se col\u00f3 lejos del alcance de Pablo Garcetti.<\/p>\n\n\n\n<p>De esta manera, el conjunto concordiense se pon\u00eda 1 a 0 y se iba al descanso con las ilusiones renovadas.<\/p>\n\n\n\n<p>Sin embargo, ni bien iniciado el complemento, Ignacio Medina devolvi\u00f3 gentilezas y, desde casi id\u00e9ntico lugar, igual\u00f3 las acciones con un gol que pondr\u00eda cifras definitivas al marcador.<\/p>\n\n\n\n<p>Un par de minutos despu\u00e9s, el gualeguaychense Edgardo teles Triunfo le mostr\u00f3 la segunda amarilla, y en consecuencia la tarjeta roja, a Sebasti\u00e1n Ben\u00edtez, por lo que el conjunto visitante disput\u00f3 gran parte del segundo tiempo con un hombre menos.<\/p>\n\n\n\n<p>Defensores de N\u00e9bel no supo sacar provecho de esta superioridad num\u00e9rica y el encuentro se fue cerrando con una diferencia que, a medida que pasaban los minutos, iba sentenciando la historia.<\/p>\n\n\n\n<p>De esta manera, Caball\u00fa, que en el a\u00f1o 2019 supo ser subcampe\u00f3n de la Copa Entre R\u00edos, se qued\u00f3 con el t\u00edtulo de esta primera edici\u00f3n de la Copa Federaci\u00f3n, sumando as\u00ed un nuevo trofeo a sus vitrinas.<\/p>\n\n\n\n<p>Con la corona lograda en la tarde de este domingo, la entidad del Barrio Estaci\u00f3n se suma a la lista de equipos pace\u00f1os que lograron levantar copas provinciales, tales los casos de Cicles Club, Independiente y Sol Naciente.<\/p>\n\n\n\n<p>Adem\u00e1s de la corona de rango provincial, el equipo del norte entrerriano tambi\u00e9n se gan\u00f3 el derecho de participar en la pr\u00f3xima edici\u00f3n del Torneo Regional Amateur, que organiza el Consejo Federal del F\u00fatbol Argentino.<\/p>\n\n\n\n<p>La jornada del domingo cont\u00f3 con la presencia del presidente de la Federaci\u00f3n Entrerriana de F\u00fatbol, Nelson Casis, quien estuvo acompa\u00f1ado de otros dirigentes del ente que regula el f\u00fatbol provincial, como Federico Almada, Daniel Odiard, Luis Cogorno, Juan Laborde y Mariano Verbabuede.<\/p>\n\n\n\n<p>Adem\u00e1s, C\u00e9sar Bonfatti, presidente de la Liga Pace\u00f1a, tambi\u00e9n se lleg\u00f3 hasta Concordia para acompa\u00f1ar al equipo que representaba a la entidad que preside.<\/p>\n\n\n\n<p>Todos ellos fueron parte de la ceremonia de premiaci\u00f3n que, adem\u00e1s de las correspondientes coipas y medallas, entreg\u00f3 un premio en efectivo de $ 5.000.000 para el campe\u00f3n y otros $ 3.000.000 para el subcampe\u00f3n.<\/p>\n\n\n\n<blockquote class=\"wp-block-quote is-layout-flow wp-block-quote-is-layout-flow\">\n<p>www.federacionentrerrianadefutbol.org.ar<\/p>\n<\/blockquote>\n","protected":false},"excerpt":{"rendered":"<p>El auriverde de La Paz se qued\u00f3 con el t\u00edtulo en el segundo torneo de&#8230;<\/p>\n","protected":false},"author":2,"featured_media":5334,"comment_status":"open","ping_status":"open","sticky":false,"template":"","format":"standard","meta":{"footnotes":""},"categories":[36],"tags":[],"class_list":["post-5333","post","type-post","status-publish","format-standard","has-post-thumbnail","hentry","category-futbol"],"featured_image_urls":{"full":["https:\/\/deportodos.com.ar\/2023\/wp-content\/uploads\/2026\/04\/FEF-3.png",600,380,false],"thumbnail":["https:\/\/deportodos.com.ar\/2023\/wp-content\/uploads\/2026\/04\/FEF-3-150x150.png",150,150,true],"medium":["https:\/\/deportodos.com.ar\/2023\/wp-content\/uploads\/2026\/04\/FEF-3-300x190.png",300,190,true],"medium_large":["https:\/\/deportodos.com.ar\/2023\/wp-content\/uploads\/2026\/04\/FEF-3.png",600,380,false],"large":["https:\/\/deportodos.com.ar\/2023\/wp-content\/uploads\/2026\/04\/FEF-3.png",600,380,false],"1536x1536":["https:\/\/deportodos.com.ar\/2023\/wp-content\/uploads\/2026\/04\/FEF-3.png",600,380,false],"2048x2048":["https:\/\/deportodos.com.ar\/2023\/wp-content\/uploads\/2026\/04\/FEF-3.png",600,380,false],"covernews-featured":["https:\/\/deportodos.com.ar\/2023\/wp-content\/uploads\/2026\/04\/FEF-3.png",600,380,false],"covernews-medium":["https:\/\/deportodos.com.ar\/2023\/wp-content\/uploads\/2026\/04\/FEF-3-540x340.png",540,340,true]},"author_info":{"display_name":"c2530142","author_link":"https:\/\/deportodos.com.ar\/2023\/author\/c2530142\/"},"category_info":"<a href=\"https:\/\/deportodos.com.ar\/2023\/category\/futbol\/\" rel=\"category tag\">Futbol<\/a>","tag_info":"Futbol","comment_count":"0","_links":{"self":[{"href":"https:\/\/deportodos.com.ar\/2023\/wp-json\/wp\/v2\/posts\/5333","targetHints":{"allow":["GET"]}}],"collection":[{"href":"https:\/\/deportodos.com.ar\/2023\/wp-json\/wp\/v2\/posts"}],"about":[{"href":"https:\/\/deportodos.com.ar\/2023\/wp-json\/wp\/v2\/types\/post"}],"author":[{"embeddable":true,"href":"https:\/\/deportodos.com.ar\/2023\/wp-json\/wp\/v2\/users\/2"}],"replies":[{"embeddable":true,"href":"https:\/\/deportodos.com.ar\/2023\/wp-json\/wp\/v2\/comments?post=5333"}],"version-history":[{"count":1,"href":"https:\/\/deportodos.com.ar\/2023\/wp-json\/wp\/v2\/posts\/5333\/revisions"}],"predecessor-version":[{"id":5335,"href":"https:\/\/deportodos.com.ar\/2023\/wp-json\/wp\/v2\/posts\/5333\/revisions\/5335"}],"wp:featuredmedia":[{"embeddable":true,"href":"https:\/\/deportodos.com.ar\/2023\/wp-json\/wp\/v2\/media\/5334"}],"wp:attachment":[{"href":"https:\/\/deportodos.com.ar\/2023\/wp-json\/wp\/v2\/media?parent=5333"}],"wp:term":[{"taxonomy":"category","embeddable":true,"href":"https:\/\/deportodos.com.ar\/2023\/wp-json\/wp\/v2\/categories?post=5333"},{"taxonomy":"post_tag","embeddable":true,"href":"https:\/\/deportodos.com.ar\/2023\/wp-json\/wp\/v2\/tags?post=5333"}],"curies":[{"name":"wp","href":"https:\/\/api.w.org\/{rel}","templated":true}]}}