{"id":5337,"date":"2026-04-22T10:13:05","date_gmt":"2026-04-22T10:13:05","guid":{"rendered":"https:\/\/deportodos.com.ar\/2023\/?p=5337"},"modified":"2026-04-22T10:13:06","modified_gmt":"2026-04-22T10:13:06","slug":"gimnasia-reacciono-a-lo-grande-y-dejo-a-central-contra-las-cuerdas","status":"publish","type":"post","link":"https:\/\/deportodos.com.ar\/2023\/gimnasia-reacciono-a-lo-grande-y-dejo-a-central-contra-las-cuerdas\/","title":{"rendered":"GIMNASIA REACCION\u00d3 A LO GRANDE Y DEJ\u00d3 A CENTRAL CONTRA LAS CUERDAS"},"content":{"rendered":"\n<p>En una noche que quedar\u00e1 marcada por lo inesperado, Gimnasia y Esgrima La Plata protagoniz\u00f3 una remontada memorable para vencer a Central Entrerriano por 86 a 75, luego de haber estado en desventaja durante casi todo el juego. Con un \u00faltimo cuarto demoledor de 35 a 9, el conjunto platense se adelant\u00f3 2 a 1 en la serie y dej\u00f3 al equipo de Gualeguaych\u00fa al borde de la eliminaci\u00f3n.<\/p>\n\n\n\n<p>Central jug\u00f3 tres cuartos pr\u00e1cticamente perfectos, dominando el tr\u00e1mite con autoridad y llegando a sacar una m\u00e1xima de 19 puntos (60-41). Incluso cerr\u00f3 el tercer per\u00edodo con una s\u00f3lida ventaja de 66 a 51, mostrando contundencia ofensiva y buenas decisiones colectivas, con Aquiles Montani y Mario Ghersetti como principales referentes.<\/p>\n\n\n\n<p>El inicio del partido hab\u00eda sido favorable al rojinegro, que encontr\u00f3 r\u00e1pidamente gol y control del ritmo. Montani, Ghersetti y Johu Castillo lideraron el goleo en distintos pasajes, mientras que en el local aparec\u00eda Ezequiel Paz para sostener a Gimnasia en los momentos m\u00e1s complicados.<\/p>\n\n\n\n<p>En el segundo cuarto, Central estir\u00f3 la diferencia y manej\u00f3 con solvencia el juego, pese a algunos intentos de reacci\u00f3n del local, que encontr\u00f3 respuestas en Mat\u00edas Carneglia. Sin embargo, la visita se fue al descanso largo arriba 49 a 37, reforzando la sensaci\u00f3n de control.<\/p>\n\n\n\n<p>El tercer cuarto mantuvo la misma t\u00f3nica: Central firme, efectivo y sacando la m\u00e1xima diferencia del juego. Pero all\u00ed comenz\u00f3 a gestarse lo que ser\u00eda un cierre impensado.<\/p>\n\n\n\n<p>En el \u00faltimo per\u00edodo, todo cambi\u00f3. Gimnasia sali\u00f3 decidido, presion\u00f3 en defensa y encontr\u00f3 efectividad en ataque, con un Joan Guti\u00e9rrez determinante y un Paz imparable. Central, en cambio, se qued\u00f3 sin respuestas ofensivas, acumul\u00f3 errores y no logr\u00f3 sostener la intensidad.<\/p>\n\n\n\n<p>El parcial de 35 a 9 refleja con claridad el quiebre del juego: el Lobo pas\u00f3 por encima a un Central desdibujado que vio c\u00f3mo se le escapaba un partido que parec\u00eda ganado.<\/p>\n\n\n\n<p>El cierre tambi\u00e9n tuvo tensi\u00f3n, con la quinta falta de Montani y la expulsi\u00f3n del entrenador Mart\u00edn Pascal tras una doble falta t\u00e9cnica, en medio de decisiones arbitrales discutidas.<\/p>\n\n\n\n<p>Fue derrota dura para Central Entrerriano, que dej\u00f3 pasar una gran oportunidad y ahora deber\u00e1 ganar el jueves otra vez en La Plata para forzar un quinto juego en el Jos\u00e9 Mar\u00eda B\u00e9rtora y seguir so\u00f1ando en la serie.<\/p>\n\n\n\n<p>En los otros partidos ganaron los locales y tambi\u00e9n habr\u00e1 cuarto juego, Deportivo Viedma le gan\u00f3 a Provincial 83 a 69, mientras que Pico FC derrot\u00f3 a La Uni\u00f3n de Col\u00f3n 68 a 54. Ambas series tambi\u00e9n se jugar\u00e1n el pr\u00f3ximo jueves.<\/p>\n\n\n\n<figure class=\"wp-block-image\"><img decoding=\"async\" src=\"https:\/\/www.maximaonline.com.ar\/galeria\/fotos\/2026\/04\/21\/e_1776822966_931843.webp\" alt=\"Foto: Prensa Gimnasia y Esgrima La Plata\"\/><figcaption class=\"wp-element-caption\">Foto: Prensa Gimnasia y Esgrima La Plata<\/figcaption><\/figure>\n\n\n\n<p>Ficha t\u00e9cnica:<\/p>\n\n\n\n<p>GIMNASIA Y ESGRIMA<\/p>\n\n\n\n<p>Ezequiel Paz 29, Gian Franco Sinconi 6, Ra\u00fal Pelorosso 5, Agust\u00edn Vergara, Joan Gutierrez 20 (FI) Pedro P\u00e9rez Di Salvo 4, Juan Bofelli 12, Mat\u00edas Carneglia 10, Isidro Almendolara, Juan Ibarra, Tom\u00e1s Oliva, Joan L\u00f3pez.<\/p>\n\n\n\n<p>Entrenador: Fabi\u00e1n Renda<\/p>\n\n\n\n<p>CENTRAL ENTRERRIANO<\/p>\n\n\n\n<p>Lautaro Pividori 10, Cristian Zenclussen 1, Aquiles Montani 17, Johu Castillo 17, Mario Ghersetti 10 (FI), Cristian P\u00e9rez 6, Marcos Panozzo 6, Juan Siboldi 8, Benjam\u00edn Lado, Tom\u00e1s Caballero, Augusto Portela,.<\/p>\n\n\n\n<p>Entrenador: Mart\u00edn Pascal.<\/p>\n\n\n\n<p>Estadio: Victor Nethol<\/p>\n\n\n\n<p>Jueces: Fernando Sampietro y Florencia Benzer<\/p>\n\n\n\n<p>Progresi\u00f3n: 16 \u2013 23, 37 \u2013 49, 51 \u2013 66, 86 \u2013 75.<\/p>\n\n\n\n<blockquote class=\"wp-block-quote is-layout-flow wp-block-quote-is-layout-flow\">\n<p>www.maximaonline.com.ar<\/p>\n<\/blockquote>\n","protected":false},"excerpt":{"rendered":"<p>En una noche que quedar\u00e1 marcada por lo inesperado, Gimnasia y Esgrima La Plata protagoniz\u00f3&#8230;<\/p>\n","protected":false},"author":2,"featured_media":5338,"comment_status":"open","ping_status":"open","sticky":false,"template":"","format":"standard","meta":{"footnotes":""},"categories":[9],"tags":[],"class_list":["post-5337","post","type-post","status-publish","format-standard","has-post-thumbnail","hentry","category-basquet"],"featured_image_urls":{"full":["https:\/\/deportodos.com.ar\/2023\/wp-content\/uploads\/2026\/04\/l_1776823023_162402.webp",1200,800,false],"thumbnail":["https:\/\/deportodos.com.ar\/2023\/wp-content\/uploads\/2026\/04\/l_1776823023_162402-150x150.webp",150,150,true],"medium":["https:\/\/deportodos.com.ar\/2023\/wp-content\/uploads\/2026\/04\/l_1776823023_162402-300x200.webp",300,200,true],"medium_large":["https:\/\/deportodos.com.ar\/2023\/wp-content\/uploads\/2026\/04\/l_1776823023_162402-768x512.webp",640,427,true],"large":["https:\/\/deportodos.com.ar\/2023\/wp-content\/uploads\/2026\/04\/l_1776823023_162402-1024x683.webp",640,427,true],"1536x1536":["https:\/\/deportodos.com.ar\/2023\/wp-content\/uploads\/2026\/04\/l_1776823023_162402.webp",1200,800,false],"2048x2048":["https:\/\/deportodos.com.ar\/2023\/wp-content\/uploads\/2026\/04\/l_1776823023_162402.webp",1200,800,false],"covernews-featured":["https:\/\/deportodos.com.ar\/2023\/wp-content\/uploads\/2026\/04\/l_1776823023_162402-1024x683.webp",1024,683,true],"covernews-medium":["https:\/\/deportodos.com.ar\/2023\/wp-content\/uploads\/2026\/04\/l_1776823023_162402-540x340.webp",540,340,true]},"author_info":{"display_name":"c2530142","author_link":"https:\/\/deportodos.com.ar\/2023\/author\/c2530142\/"},"category_info":"<a href=\"https:\/\/deportodos.com.ar\/2023\/category\/basquet\/\" rel=\"category tag\">Basquet<\/a>","tag_info":"Basquet","comment_count":"0","_links":{"self":[{"href":"https:\/\/deportodos.com.ar\/2023\/wp-json\/wp\/v2\/posts\/5337","targetHints":{"allow":["GET"]}}],"collection":[{"href":"https:\/\/deportodos.com.ar\/2023\/wp-json\/wp\/v2\/posts"}],"about":[{"href":"https:\/\/deportodos.com.ar\/2023\/wp-json\/wp\/v2\/types\/post"}],"author":[{"embeddable":true,"href":"https:\/\/deportodos.com.ar\/2023\/wp-json\/wp\/v2\/users\/2"}],"replies":[{"embeddable":true,"href":"https:\/\/deportodos.com.ar\/2023\/wp-json\/wp\/v2\/comments?post=5337"}],"version-history":[{"count":1,"href":"https:\/\/deportodos.com.ar\/2023\/wp-json\/wp\/v2\/posts\/5337\/revisions"}],"predecessor-version":[{"id":5339,"href":"https:\/\/deportodos.com.ar\/2023\/wp-json\/wp\/v2\/posts\/5337\/revisions\/5339"}],"wp:featuredmedia":[{"embeddable":true,"href":"https:\/\/deportodos.com.ar\/2023\/wp-json\/wp\/v2\/media\/5338"}],"wp:attachment":[{"href":"https:\/\/deportodos.com.ar\/2023\/wp-json\/wp\/v2\/media?parent=5337"}],"wp:term":[{"taxonomy":"category","embeddable":true,"href":"https:\/\/deportodos.com.ar\/2023\/wp-json\/wp\/v2\/categories?post=5337"},{"taxonomy":"post_tag","embeddable":true,"href":"https:\/\/deportodos.com.ar\/2023\/wp-json\/wp\/v2\/tags?post=5337"}],"curies":[{"name":"wp","href":"https:\/\/api.w.org\/{rel}","templated":true}]}}