{"id":5349,"date":"2026-04-23T21:32:18","date_gmt":"2026-04-23T21:32:18","guid":{"rendered":"https:\/\/deportodos.com.ar\/2023\/?p=5349"},"modified":"2026-04-23T21:32:19","modified_gmt":"2026-04-23T21:32:19","slug":"se-viene-la-segunda-fecha-de-cee","status":"publish","type":"post","link":"https:\/\/deportodos.com.ar\/2023\/se-viene-la-segunda-fecha-de-cee\/","title":{"rendered":"SE VIENE LA SEGUNDA FECHA DE CEE"},"content":{"rendered":"\n<p>Competici\u00f3n Especial Entrerriana vuelve a acelerar y ya tiene definidos los circuitos que utilizar\u00e1 cada clase en el Aut\u00f3dromo de Concepci\u00f3n del Uruguay, escenario que abri\u00f3 la temporada 2026 y sigue siendo protagonista del calendario <\/p>\n\n\n\n<p>F\u00d3RMULA ENTRERRIANA<br>Utilizar\u00e1 el Circuito N\u00b03<br>3.220 metros<\/p>\n\n\n\n<p>CLASES C1 y C2<br>Competir\u00e1n en el Circuito N\u00b04<br>2.690 metros<\/p>\n\n\n\n<p>CLASE C3<br>Ser\u00e1 parte del Circuito N\u00b02<br>3.750 metros<\/p>\n\n\n\n<p>Distintos trazados, distintas estrategias\u2026 pero la misma intensidad en pista.<br>Cada categor\u00eda con su propio desaf\u00edo en un fin de semana que promete m\u00e1xima acci\u00f3n del automovilismo entrerriano.<br>Se viene otra fecha a puro motor\u2026 \u00bfest\u00e1s listo para vivirla?<\/p>\n\n\n\n<figure class=\"wp-block-image size-large\"><a href=\"https:\/\/deportodos.com.ar\/2023\/wp-content\/uploads\/2026\/04\/142674.jpg\"><img fetchpriority=\"high\" decoding=\"async\" width=\"819\" height=\"1024\" src=\"https:\/\/deportodos.com.ar\/2023\/wp-content\/uploads\/2026\/04\/142674-819x1024.jpg\" alt=\"\" class=\"wp-image-5350\" srcset=\"https:\/\/deportodos.com.ar\/2023\/wp-content\/uploads\/2026\/04\/142674-819x1024.jpg 819w, https:\/\/deportodos.com.ar\/2023\/wp-content\/uploads\/2026\/04\/142674-240x300.jpg 240w, https:\/\/deportodos.com.ar\/2023\/wp-content\/uploads\/2026\/04\/142674-768x960.jpg 768w, https:\/\/deportodos.com.ar\/2023\/wp-content\/uploads\/2026\/04\/142674-1024x1280.jpg 1024w, https:\/\/deportodos.com.ar\/2023\/wp-content\/uploads\/2026\/04\/142674.jpg 1080w\" sizes=\"(max-width: 819px) 100vw, 819px\" \/><\/a><\/figure>\n\n\n\n<figure class=\"wp-block-image size-large\"><a href=\"https:\/\/deportodos.com.ar\/2023\/wp-content\/uploads\/2026\/04\/142675.jpg\"><img decoding=\"async\" width=\"819\" height=\"1024\" src=\"https:\/\/deportodos.com.ar\/2023\/wp-content\/uploads\/2026\/04\/142675-819x1024.jpg\" alt=\"\" class=\"wp-image-5351\" srcset=\"https:\/\/deportodos.com.ar\/2023\/wp-content\/uploads\/2026\/04\/142675-819x1024.jpg 819w, https:\/\/deportodos.com.ar\/2023\/wp-content\/uploads\/2026\/04\/142675-240x300.jpg 240w, https:\/\/deportodos.com.ar\/2023\/wp-content\/uploads\/2026\/04\/142675-768x960.jpg 768w, https:\/\/deportodos.com.ar\/2023\/wp-content\/uploads\/2026\/04\/142675-1024x1280.jpg 1024w, https:\/\/deportodos.com.ar\/2023\/wp-content\/uploads\/2026\/04\/142675.jpg 1080w\" sizes=\"(max-width: 819px) 100vw, 819px\" \/><\/a><\/figure>\n\n\n\n<p><\/p>\n","protected":false},"excerpt":{"rendered":"<p>Competici\u00f3n Especial Entrerriana vuelve a acelerar y ya tiene definidos los circuitos que utilizar\u00e1 cada&#8230;<\/p>\n","protected":false},"author":2,"featured_media":5352,"comment_status":"open","ping_status":"open","sticky":false,"template":"","format":"standard","meta":{"footnotes":""},"categories":[6],"tags":[],"class_list":["post-5349","post","type-post","status-publish","format-standard","has-post-thumbnail","hentry","category-automovilismo"],"featured_image_urls":{"full":["https:\/\/deportodos.com.ar\/2023\/wp-content\/uploads\/2026\/04\/FB_IMG_1776979809663.jpg",1080,1350,false],"thumbnail":["https:\/\/deportodos.com.ar\/2023\/wp-content\/uploads\/2026\/04\/FB_IMG_1776979809663-150x150.jpg",150,150,true],"medium":["https:\/\/deportodos.com.ar\/2023\/wp-content\/uploads\/2026\/04\/FB_IMG_1776979809663-240x300.jpg",240,300,true],"medium_large":["https:\/\/deportodos.com.ar\/2023\/wp-content\/uploads\/2026\/04\/FB_IMG_1776979809663-768x960.jpg",640,800,true],"large":["https:\/\/deportodos.com.ar\/2023\/wp-content\/uploads\/2026\/04\/FB_IMG_1776979809663-819x1024.jpg",640,800,true],"1536x1536":["https:\/\/deportodos.com.ar\/2023\/wp-content\/uploads\/2026\/04\/FB_IMG_1776979809663.jpg",1080,1350,false],"2048x2048":["https:\/\/deportodos.com.ar\/2023\/wp-content\/uploads\/2026\/04\/FB_IMG_1776979809663.jpg",1080,1350,false],"covernews-featured":["https:\/\/deportodos.com.ar\/2023\/wp-content\/uploads\/2026\/04\/FB_IMG_1776979809663-1024x1280.jpg",1024,1280,true],"covernews-medium":["https:\/\/deportodos.com.ar\/2023\/wp-content\/uploads\/2026\/04\/FB_IMG_1776979809663-540x340.jpg",540,340,true]},"author_info":{"display_name":"c2530142","author_link":"https:\/\/deportodos.com.ar\/2023\/author\/c2530142\/"},"category_info":"<a href=\"https:\/\/deportodos.com.ar\/2023\/category\/automovilismo\/\" rel=\"category tag\">Automovilismo<\/a>","tag_info":"Automovilismo","comment_count":"0","_links":{"self":[{"href":"https:\/\/deportodos.com.ar\/2023\/wp-json\/wp\/v2\/posts\/5349","targetHints":{"allow":["GET"]}}],"collection":[{"href":"https:\/\/deportodos.com.ar\/2023\/wp-json\/wp\/v2\/posts"}],"about":[{"href":"https:\/\/deportodos.com.ar\/2023\/wp-json\/wp\/v2\/types\/post"}],"author":[{"embeddable":true,"href":"https:\/\/deportodos.com.ar\/2023\/wp-json\/wp\/v2\/users\/2"}],"replies":[{"embeddable":true,"href":"https:\/\/deportodos.com.ar\/2023\/wp-json\/wp\/v2\/comments?post=5349"}],"version-history":[{"count":1,"href":"https:\/\/deportodos.com.ar\/2023\/wp-json\/wp\/v2\/posts\/5349\/revisions"}],"predecessor-version":[{"id":5353,"href":"https:\/\/deportodos.com.ar\/2023\/wp-json\/wp\/v2\/posts\/5349\/revisions\/5353"}],"wp:featuredmedia":[{"embeddable":true,"href":"https:\/\/deportodos.com.ar\/2023\/wp-json\/wp\/v2\/media\/5352"}],"wp:attachment":[{"href":"https:\/\/deportodos.com.ar\/2023\/wp-json\/wp\/v2\/media?parent=5349"}],"wp:term":[{"taxonomy":"category","embeddable":true,"href":"https:\/\/deportodos.com.ar\/2023\/wp-json\/wp\/v2\/categories?post=5349"},{"taxonomy":"post_tag","embeddable":true,"href":"https:\/\/deportodos.com.ar\/2023\/wp-json\/wp\/v2\/tags?post=5349"}],"curies":[{"name":"wp","href":"https:\/\/api.w.org\/{rel}","templated":true}]}}