{"id":5354,"date":"2026-04-23T21:37:24","date_gmt":"2026-04-23T21:37:24","guid":{"rendered":"https:\/\/deportodos.com.ar\/2023\/?p=5354"},"modified":"2026-04-23T21:37:24","modified_gmt":"2026-04-23T21:37:24","slug":"este-fin-de-semana-se-llevara-a-cabo-la-competicion-especial-entrerriana","status":"publish","type":"post","link":"https:\/\/deportodos.com.ar\/2023\/este-fin-de-semana-se-llevara-a-cabo-la-competicion-especial-entrerriana\/","title":{"rendered":"ESTE FIN DE SEMANA SE LLEVAR\u00c1 A CABO LA COMPETICI\u00d3N ESPECIAL ENTRERRIANA"},"content":{"rendered":"\n<p>El Aut\u00f3dromo de&nbsp;Concepci\u00f3n del Uruguay&nbsp;ser\u00e1 escenario este fin de semana de la segunda fecha de la Competici\u00f3n Especial Entrerriana, que se desarrollar\u00e1 del viernes 24 al domingo 26 de abril con una intensa agenda de actividades.<\/p>\n\n\n\n<p>La programaci\u00f3n comenzar\u00e1 el viernes con la apertura del predio a las 7:00, seguida por pruebas comunitarias aranceladas entre las 11:00 y las 18:00 horas. Durante la tarde, de 16:30 a 20:30, se llevar\u00e1n adelante las instancias administrativas y t\u00e9cnicas previas a la competencia.<\/p>\n\n\n\n<p>El s\u00e1bado estar\u00e1 dedicado a los entrenamientos y clasificaciones. Desde temprano se realizar\u00e1n las verificaciones t\u00e9cnicas y administrativas, junto con la reuni\u00f3n de pilotos. A lo largo de la jornada se desarrollar\u00e1n entrenamientos para las distintas clases (1, 2 y 3) y la F\u00f3rmula Entrerriana, mientras que por la tarde tendr\u00e1n lugar las clasificaciones que definir\u00e1n las posiciones de largada.<\/p>\n\n\n\n<p>La actividad culminar\u00e1 el domingo con las series y finales. Desde las 9:00 se correr\u00e1n las series de cada categor\u00eda, mientras que las finales comenzar\u00e1n al mediod\u00eda. La Clase 2 abrir\u00e1 la instancia decisiva a las 12:00, seguida por Clase 1 a las 12:40, F\u00f3rmula Entrerriana a las 13:20 y Clase 3 a las 14:00.<\/p>\n\n\n\n<blockquote class=\"wp-block-quote is-layout-flow wp-block-quote-is-layout-flow\">\n<p>www.lapiramide.net<\/p>\n<\/blockquote>\n","protected":false},"excerpt":{"rendered":"<p>El Aut\u00f3dromo de&nbsp;Concepci\u00f3n del Uruguay&nbsp;ser\u00e1 escenario este fin de semana de la segunda fecha de&#8230;<\/p>\n","protected":false},"author":2,"featured_media":5355,"comment_status":"open","ping_status":"open","sticky":false,"template":"","format":"standard","meta":{"footnotes":""},"categories":[6],"tags":[],"class_list":["post-5354","post","type-post","status-publish","format-standard","has-post-thumbnail","hentry","category-automovilismo"],"featured_image_urls":{"full":["https:\/\/deportodos.com.ar\/2023\/wp-content\/uploads\/2026\/04\/md-1.webp",794,992,false],"thumbnail":["https:\/\/deportodos.com.ar\/2023\/wp-content\/uploads\/2026\/04\/md-1-150x150.webp",150,150,true],"medium":["https:\/\/deportodos.com.ar\/2023\/wp-content\/uploads\/2026\/04\/md-1-240x300.webp",240,300,true],"medium_large":["https:\/\/deportodos.com.ar\/2023\/wp-content\/uploads\/2026\/04\/md-1-768x960.webp",640,800,true],"large":["https:\/\/deportodos.com.ar\/2023\/wp-content\/uploads\/2026\/04\/md-1.webp",640,800,false],"1536x1536":["https:\/\/deportodos.com.ar\/2023\/wp-content\/uploads\/2026\/04\/md-1.webp",794,992,false],"2048x2048":["https:\/\/deportodos.com.ar\/2023\/wp-content\/uploads\/2026\/04\/md-1.webp",794,992,false],"covernews-featured":["https:\/\/deportodos.com.ar\/2023\/wp-content\/uploads\/2026\/04\/md-1.webp",794,992,false],"covernews-medium":["https:\/\/deportodos.com.ar\/2023\/wp-content\/uploads\/2026\/04\/md-1-540x340.webp",540,340,true]},"author_info":{"display_name":"c2530142","author_link":"https:\/\/deportodos.com.ar\/2023\/author\/c2530142\/"},"category_info":"<a href=\"https:\/\/deportodos.com.ar\/2023\/category\/automovilismo\/\" rel=\"category tag\">Automovilismo<\/a>","tag_info":"Automovilismo","comment_count":"0","_links":{"self":[{"href":"https:\/\/deportodos.com.ar\/2023\/wp-json\/wp\/v2\/posts\/5354","targetHints":{"allow":["GET"]}}],"collection":[{"href":"https:\/\/deportodos.com.ar\/2023\/wp-json\/wp\/v2\/posts"}],"about":[{"href":"https:\/\/deportodos.com.ar\/2023\/wp-json\/wp\/v2\/types\/post"}],"author":[{"embeddable":true,"href":"https:\/\/deportodos.com.ar\/2023\/wp-json\/wp\/v2\/users\/2"}],"replies":[{"embeddable":true,"href":"https:\/\/deportodos.com.ar\/2023\/wp-json\/wp\/v2\/comments?post=5354"}],"version-history":[{"count":1,"href":"https:\/\/deportodos.com.ar\/2023\/wp-json\/wp\/v2\/posts\/5354\/revisions"}],"predecessor-version":[{"id":5356,"href":"https:\/\/deportodos.com.ar\/2023\/wp-json\/wp\/v2\/posts\/5354\/revisions\/5356"}],"wp:featuredmedia":[{"embeddable":true,"href":"https:\/\/deportodos.com.ar\/2023\/wp-json\/wp\/v2\/media\/5355"}],"wp:attachment":[{"href":"https:\/\/deportodos.com.ar\/2023\/wp-json\/wp\/v2\/media?parent=5354"}],"wp:term":[{"taxonomy":"category","embeddable":true,"href":"https:\/\/deportodos.com.ar\/2023\/wp-json\/wp\/v2\/categories?post=5354"},{"taxonomy":"post_tag","embeddable":true,"href":"https:\/\/deportodos.com.ar\/2023\/wp-json\/wp\/v2\/tags?post=5354"}],"curies":[{"name":"wp","href":"https:\/\/api.w.org\/{rel}","templated":true}]}}