{"id":5357,"date":"2026-04-23T21:46:00","date_gmt":"2026-04-23T21:46:00","guid":{"rendered":"https:\/\/deportodos.com.ar\/2023\/?p=5357"},"modified":"2026-04-23T21:46:01","modified_gmt":"2026-04-23T21:46:01","slug":"la-seleccion-argentina-se-instalo-en-colombia-para-el-mundial-u23","status":"publish","type":"post","link":"https:\/\/deportodos.com.ar\/2023\/la-seleccion-argentina-se-instalo-en-colombia-para-el-mundial-u23\/","title":{"rendered":"LA SELECCI\u00d3N ARGENTINA SE INSTALO EN COLOMBIA PARA EL MUNDIAL U23"},"content":{"rendered":"\n<p>Con presencia paranaense, el seleccionado argentino masculino sub 23 de softbol lleg\u00f3 a Colombia el pasado lunes para disputar el Mundial de la categor\u00eda, que reunir\u00e1 12 representativos nacional en Sincelejo del 25 de abril al 3 de mayo. All\u00ed, ultimar\u00e1 detalles con entrenamientos y amistosos para el certamen ecum\u00e9nico.<\/p>\n\n\n\n<p>El equipo dirigido por el paranaense Jos\u00e9 Alberto Guerrinieri viene de ser campe\u00f3n panamericano de la categor\u00eda en La Pampa y su cuerpo t\u00e9cnico se completa con Mariano Montero, Gustavo Bertoli y Bruno Motroni, mientras que Luciano Benedetti es el m\u00e9dico del plantel y Laureano Mart\u00ednez el jefe de equipo.<\/p>\n\n\n\n<p>La lista de convocados est\u00e1 conformada por Bogdan Becic, Juli\u00e1n Reitober, Nahuel S\u00e1enz, Pedro Mart\u00ednez, Luciano Biondi, Tom\u00e1s Pintos, Valent\u00edn Mata, Khalil Luna, Felipe Mu\u00f1oz, Mat\u00edas Clara, Joel Hidrogo, Joshua Poblette, Luca Talmon, Nahuel Ferrara, Francisco Nassivera y Genaro Correa.<\/p>\n\n\n\n<p>Dentro de este grupo se destacan Khalil Luna, Nahuel S\u00e1enz y Luciano Biondi, quienes ya integran la Selecci\u00f3n Mayor y aportan jerarqu\u00eda a un equipo en pleno crecimiento. Su presencia marca el rumbo de una generaci\u00f3n que busca consolidarse en la elite del s\u00f3ftbol internacional, consigna&nbsp;<em>Uno<\/em>.<\/p>\n\n\n\n<p>La selecci\u00f3n argentina integrar\u00e1 el Grupo A junto a Jap\u00f3n, Nueva Zelanda, Rep\u00fablica Checa, Colombia y Sud\u00e1frica. El debut ser\u00e1 el pr\u00f3ximo s\u00e1bado ante los neocelandeses&nbsp; (desde las 12 hora local) en el estadio 20 de Enero; domingo ante. Jap\u00f3n (a las 19); lunes 27 ante Rep\u00fablica Checa (desde las 15) en el estadio Eduardo Porras; martes 28 ante Colombia (desde las 22); mi\u00e9rcoles 29 ante Sud\u00e1frica (a las 15) en el estadio Eduardo Porras.<\/p>\n\n\n\n<blockquote class=\"wp-block-quote is-layout-flow wp-block-quote-is-layout-flow\">\n<p>www.analisisdigital.com.ar<\/p>\n<\/blockquote>\n","protected":false},"excerpt":{"rendered":"<p>Con presencia paranaense, el seleccionado argentino masculino sub 23 de softbol lleg\u00f3 a Colombia el&#8230;<\/p>\n","protected":false},"author":2,"featured_media":5358,"comment_status":"open","ping_status":"open","sticky":false,"template":"","format":"standard","meta":{"footnotes":""},"categories":[28],"tags":[],"class_list":["post-5357","post","type-post","status-publish","format-standard","has-post-thumbnail","hentry","category-softbol"],"featured_image_urls":{"full":["https:\/\/deportodos.com.ar\/2023\/wp-content\/uploads\/2026\/04\/argentina-u23.jpg.webp",900,507,false],"thumbnail":["https:\/\/deportodos.com.ar\/2023\/wp-content\/uploads\/2026\/04\/argentina-u23.jpg-150x150.webp",150,150,true],"medium":["https:\/\/deportodos.com.ar\/2023\/wp-content\/uploads\/2026\/04\/argentina-u23.jpg-300x169.webp",300,169,true],"medium_large":["https:\/\/deportodos.com.ar\/2023\/wp-content\/uploads\/2026\/04\/argentina-u23.jpg-768x433.webp",640,361,true],"large":["https:\/\/deportodos.com.ar\/2023\/wp-content\/uploads\/2026\/04\/argentina-u23.jpg.webp",640,361,false],"1536x1536":["https:\/\/deportodos.com.ar\/2023\/wp-content\/uploads\/2026\/04\/argentina-u23.jpg.webp",900,507,false],"2048x2048":["https:\/\/deportodos.com.ar\/2023\/wp-content\/uploads\/2026\/04\/argentina-u23.jpg.webp",900,507,false],"covernews-featured":["https:\/\/deportodos.com.ar\/2023\/wp-content\/uploads\/2026\/04\/argentina-u23.jpg.webp",900,507,false],"covernews-medium":["https:\/\/deportodos.com.ar\/2023\/wp-content\/uploads\/2026\/04\/argentina-u23.jpg-540x340.webp",540,340,true]},"author_info":{"display_name":"c2530142","author_link":"https:\/\/deportodos.com.ar\/2023\/author\/c2530142\/"},"category_info":"<a href=\"https:\/\/deportodos.com.ar\/2023\/category\/softbol\/\" rel=\"category tag\">S\u00f3ftbol<\/a>","tag_info":"S\u00f3ftbol","comment_count":"0","_links":{"self":[{"href":"https:\/\/deportodos.com.ar\/2023\/wp-json\/wp\/v2\/posts\/5357","targetHints":{"allow":["GET"]}}],"collection":[{"href":"https:\/\/deportodos.com.ar\/2023\/wp-json\/wp\/v2\/posts"}],"about":[{"href":"https:\/\/deportodos.com.ar\/2023\/wp-json\/wp\/v2\/types\/post"}],"author":[{"embeddable":true,"href":"https:\/\/deportodos.com.ar\/2023\/wp-json\/wp\/v2\/users\/2"}],"replies":[{"embeddable":true,"href":"https:\/\/deportodos.com.ar\/2023\/wp-json\/wp\/v2\/comments?post=5357"}],"version-history":[{"count":1,"href":"https:\/\/deportodos.com.ar\/2023\/wp-json\/wp\/v2\/posts\/5357\/revisions"}],"predecessor-version":[{"id":5359,"href":"https:\/\/deportodos.com.ar\/2023\/wp-json\/wp\/v2\/posts\/5357\/revisions\/5359"}],"wp:featuredmedia":[{"embeddable":true,"href":"https:\/\/deportodos.com.ar\/2023\/wp-json\/wp\/v2\/media\/5358"}],"wp:attachment":[{"href":"https:\/\/deportodos.com.ar\/2023\/wp-json\/wp\/v2\/media?parent=5357"}],"wp:term":[{"taxonomy":"category","embeddable":true,"href":"https:\/\/deportodos.com.ar\/2023\/wp-json\/wp\/v2\/categories?post=5357"},{"taxonomy":"post_tag","embeddable":true,"href":"https:\/\/deportodos.com.ar\/2023\/wp-json\/wp\/v2\/tags?post=5357"}],"curies":[{"name":"wp","href":"https:\/\/api.w.org\/{rel}","templated":true}]}}