{"id":5363,"date":"2026-04-26T21:26:28","date_gmt":"2026-04-26T21:26:28","guid":{"rendered":"https:\/\/deportodos.com.ar\/2023\/?p=5363"},"modified":"2026-04-26T21:50:48","modified_gmt":"2026-04-26T21:50:48","slug":"el-paranaense-mariano-werner-gano-en-la-plata-y-es-protagonista-del-campeonato-del-tc-pick-up","status":"publish","type":"post","link":"https:\/\/deportodos.com.ar\/2023\/el-paranaense-mariano-werner-gano-en-la-plata-y-es-protagonista-del-campeonato-del-tc-pick-up\/","title":{"rendered":"EL PARANAENSE MARIANO WERNER GAN\u00d3 EN LA PLATA Y ES PROTAGONISTA DEL CAMPEONATO DEL TC PICK UP"},"content":{"rendered":"\n<p>El paranaense Mariano Werner gan\u00f3 en La Plata y es protagonista del campeonato del TC Pick Up tras una actuaci\u00f3n contundente en la tercera fecha disputada en el aut\u00f3dromo Roberto Mouras.<br>El paranaense Mariano Werner gan\u00f3 en La Plata y es protagonista del campeonato del TC Pick Up luego de una actuaci\u00f3n impecable en la tercera fecha de la temporada. En el aut\u00f3dromo Roberto Mouras, el piloto entrerriano no solo se destac\u00f3 en su serie, sino que tambi\u00e9n domin\u00f3 con autoridad la final, consolidando un fin de semana perfecto que lo posiciona en lo m\u00e1s alto del certamen.<\/p>\n\n\n\n<p>En la TC Pista Pick Up Tomas Pellandino fue tercero y sigue primero en el campeonato, en esta prueba el villaguasense Guifrey fue quinto y Manuel Borgert (Ramirez) sexto<\/p>\n\n\n\n<p>La jornada comenz\u00f3 con las series clasificatorias, donde la primera bater\u00eda tuvo como protagonista a Otto Fritzler. El joven piloto de Ford supo capitalizar un incidente entre Gast\u00f3n Mazzacane y Agust\u00edn Canapino para adue\u00f1arse de la punta. A partir de ese momento, Fritzler control\u00f3 el ritmo y se qued\u00f3 con la victoria parcial, mostrando solidez y aprovechando al m\u00e1ximo la oportunidad.<\/p>\n\n\n\n<p>En la segunda serie, Mariano Werner dej\u00f3 en claro que estaba dispuesto a pelear por todo. El piloto de Paran\u00e1, que hab\u00eda largado desde una posici\u00f3n de privilegio, tom\u00f3 el liderazgo desde el inicio y no lo solt\u00f3 en ning\u00fan momento. Con un manejo firme y consistente, logr\u00f3 adem\u00e1s marcar la serie m\u00e1s r\u00e1pida, lo que le asegur\u00f3 el primer lugar en la grilla de partida para la final.<\/p>\n\n\n\n<p>FOTON consigui\u00f3 su primera victoria en la categor\u00eda. Foto: ACTC.<br>FOTON consigui\u00f3 su primera victoria en la categor\u00eda. Foto: ACTC.<\/p>\n\n\n\n<p>Werner impuso condiciones desde el inicio<\/p>\n\n\n\n<p>Ya en la carrera decisiva, Werner no dej\u00f3 margen para las sorpresas. Desde el momento de la largada, el entrerriano se mantuvo al frente del pelot\u00f3n y comenz\u00f3 a construir una diferencia que resultar\u00eda imposible de descontar para sus rivales. Su ritmo fue contundente a lo largo de los 20 giros, evidenciando un dominio absoluto tanto en lo conductivo como en lo estrat\u00e9gico.<\/p>\n\n\n\n<p>Detr\u00e1s suyo, la lucha por los puestos de escolta tambi\u00e9n ofreci\u00f3 emociones. Otto Fritzler confirm\u00f3 su gran fin de semana al quedarse con el segundo lugar, mientras que Ignacio Fain complet\u00f3 el podio, sellando un contundente 1-2-3 para la marca Ford. Por su parte, Agust\u00edn Canapino, uno de los protagonistas habituales, dio pelea hasta el final pero debi\u00f3 conformarse con la cuarta posici\u00f3n.<\/p>\n\n\n\n<p>El resultado no solo reflej\u00f3 el gran rendimiento de Werner en esta fecha, sino tambi\u00e9n su regularidad en el campeonato. Con esta victoria, el piloto paranaense dio un paso clave en sus aspiraciones al t\u00edtulo, posicion\u00e1ndose como el principal candidato en una temporada que promete seguir siendo muy competitiva<\/p>\n\n\n\n<blockquote class=\"wp-block-quote is-layout-flow wp-block-quote-is-layout-flow\">\n<p>www.elonce.com.ar<\/p>\n<\/blockquote>\n\n\n\n<p><\/p>\n","protected":false},"excerpt":{"rendered":"<p>El paranaense Mariano Werner gan\u00f3 en La Plata y es protagonista del campeonato del TC&#8230;<\/p>\n","protected":false},"author":2,"featured_media":5364,"comment_status":"open","ping_status":"open","sticky":false,"template":"","format":"standard","meta":{"footnotes":""},"categories":[6],"tags":[],"class_list":["post-5363","post","type-post","status-publish","format-standard","has-post-thumbnail","hentry","category-automovilismo"],"featured_image_urls":{"full":["https:\/\/deportodos.com.ar\/2023\/wp-content\/uploads\/2026\/04\/l_1777230269_29287-1.webp",1200,800,false],"thumbnail":["https:\/\/deportodos.com.ar\/2023\/wp-content\/uploads\/2026\/04\/l_1777230269_29287-1-150x150.webp",150,150,true],"medium":["https:\/\/deportodos.com.ar\/2023\/wp-content\/uploads\/2026\/04\/l_1777230269_29287-1-300x200.webp",300,200,true],"medium_large":["https:\/\/deportodos.com.ar\/2023\/wp-content\/uploads\/2026\/04\/l_1777230269_29287-1-768x512.webp",640,427,true],"large":["https:\/\/deportodos.com.ar\/2023\/wp-content\/uploads\/2026\/04\/l_1777230269_29287-1-1024x683.webp",640,427,true],"1536x1536":["https:\/\/deportodos.com.ar\/2023\/wp-content\/uploads\/2026\/04\/l_1777230269_29287-1.webp",1200,800,false],"2048x2048":["https:\/\/deportodos.com.ar\/2023\/wp-content\/uploads\/2026\/04\/l_1777230269_29287-1.webp",1200,800,false],"covernews-featured":["https:\/\/deportodos.com.ar\/2023\/wp-content\/uploads\/2026\/04\/l_1777230269_29287-1-1024x683.webp",1024,683,true],"covernews-medium":["https:\/\/deportodos.com.ar\/2023\/wp-content\/uploads\/2026\/04\/l_1777230269_29287-1-540x340.webp",540,340,true]},"author_info":{"display_name":"c2530142","author_link":"https:\/\/deportodos.com.ar\/2023\/author\/c2530142\/"},"category_info":"<a href=\"https:\/\/deportodos.com.ar\/2023\/category\/automovilismo\/\" rel=\"category tag\">Automovilismo<\/a>","tag_info":"Automovilismo","comment_count":"0","_links":{"self":[{"href":"https:\/\/deportodos.com.ar\/2023\/wp-json\/wp\/v2\/posts\/5363","targetHints":{"allow":["GET"]}}],"collection":[{"href":"https:\/\/deportodos.com.ar\/2023\/wp-json\/wp\/v2\/posts"}],"about":[{"href":"https:\/\/deportodos.com.ar\/2023\/wp-json\/wp\/v2\/types\/post"}],"author":[{"embeddable":true,"href":"https:\/\/deportodos.com.ar\/2023\/wp-json\/wp\/v2\/users\/2"}],"replies":[{"embeddable":true,"href":"https:\/\/deportodos.com.ar\/2023\/wp-json\/wp\/v2\/comments?post=5363"}],"version-history":[{"count":2,"href":"https:\/\/deportodos.com.ar\/2023\/wp-json\/wp\/v2\/posts\/5363\/revisions"}],"predecessor-version":[{"id":5366,"href":"https:\/\/deportodos.com.ar\/2023\/wp-json\/wp\/v2\/posts\/5363\/revisions\/5366"}],"wp:featuredmedia":[{"embeddable":true,"href":"https:\/\/deportodos.com.ar\/2023\/wp-json\/wp\/v2\/media\/5364"}],"wp:attachment":[{"href":"https:\/\/deportodos.com.ar\/2023\/wp-json\/wp\/v2\/media?parent=5363"}],"wp:term":[{"taxonomy":"category","embeddable":true,"href":"https:\/\/deportodos.com.ar\/2023\/wp-json\/wp\/v2\/categories?post=5363"},{"taxonomy":"post_tag","embeddable":true,"href":"https:\/\/deportodos.com.ar\/2023\/wp-json\/wp\/v2\/tags?post=5363"}],"curies":[{"name":"wp","href":"https:\/\/api.w.org\/{rel}","templated":true}]}}