{"id":5367,"date":"2026-04-26T21:53:22","date_gmt":"2026-04-26T21:53:22","guid":{"rendered":"https:\/\/deportodos.com.ar\/2023\/?p=5367"},"modified":"2026-04-26T21:53:23","modified_gmt":"2026-04-26T21:53:23","slug":"empato-patronato-de-visitante-volvio-a-perder-gimnasia","status":"publish","type":"post","link":"https:\/\/deportodos.com.ar\/2023\/empato-patronato-de-visitante-volvio-a-perder-gimnasia\/","title":{"rendered":"EMPATO PATRONATO DE VISITANTE, VOLVIO A PERDER GIMNASIA"},"content":{"rendered":"\n<p>El estadio Alfredo Beranger fue escenario este s\u00e1bado del partido entre Patronato y Temperley por la und\u00e9cima fecha de la Zona B de la Primera Nacional. El encuentro cont\u00f3 con el arbitraje de Pablo Gim\u00e9nez.<\/p>\n\n\n\n<p>En diez minutos de partido el dominio de la pelota era de Temperley, pero esto no quiere decir que la postura de Patronato fuera defensiva. La intenci\u00f3n del&nbsp;<em>Rojinegro<\/em>&nbsp;era la de salir con balones largos a los laterales con Valent\u00edn Pereyra y Juan Salas proyectados por ambos lados. En el local, la conducci\u00f3n depend\u00eda de la imaginaci\u00f3n de Franco Ben\u00edtez y Luciano Nieto.<\/p>\n\n\n\n<p>La primera chance clara del encuentro lleg\u00f3 sobre los 15 minutos. Un buen desborde de Ben\u00edtez y un centro pinchado hacia la derecha termin\u00f3 en cabezazo de Lorenzo Monti, que no consigui\u00f3 esquivar a Alan Sosa con su remate. El arquero del&nbsp;<em>Patr\u00f3n<\/em>&nbsp;control\u00f3 sin problemas.<\/p>\n\n\n\n<p>Poco despu\u00e9s hubo otro cabezazo. Fue tras un tiro de esquina ejecutado por Nieto desde la izquierda que Valent\u00edn Agui\u00f1agalde gan\u00f3 de cabeza y remat\u00f3 apenas por encima del travesa\u00f1o.<\/p>\n\n\n\n<p>En un partido en el que pasaba poco y nada, la primera ocasi\u00f3n para el&nbsp;<em>Patr\u00f3n<\/em>&nbsp;fue a partir de un tiro de larga distancia de Brandon Cort\u00e9s al que le falt\u00f3 direcci\u00f3n. El bal\u00f3n se le fue por el costado derecho del arco de Lisandro Morrone (ingres\u00f3 por Ezequiel Mastrol\u00eda, lesionado).<\/p>\n\n\n\n<p>El primer tiempo se esfum\u00f3 sin que alguno de los dos consiguiera imponerse en el juego, mucho menos en el marcador. Poco para destacar durante los primeros 45 minutos.<\/p>\n\n\n\n<p>En la segunda mitad, la primera ocasi\u00f3n de peligro fue del local con un centro de Nieto desde la izquierda tras el que Oswaldo Pacheco le gan\u00f3 la posici\u00f3n a Franco Meritello. El cabezazo del defensor local se fue pegado al poste derecho de Sosa, que no hubiera llegado. Estaba m\u00e1s cerca el local.<\/p>\n\n\n\n<p>Un cabezazo de Franco Soldano tras un tiro de esquina desde el costado derecho fue lo m\u00e1s claro del&nbsp;<em>Rojinegro<\/em>&nbsp;en los primeros 20 minutos del complemento. Al&nbsp;<em>Patr\u00f3n<\/em>&nbsp;le segu\u00eda costando tener la pelota, pero a su rival le suced\u00eda lo mismo: reinaron las imprecisiones.<\/p>\n\n\n\n<p>En un contragolpe del local tras una buena jugada preparada de Patronato que termin\u00f3 con un d\u00e9bil remate de Federico Bravo, Nicol\u00e1s Molina estuvo cerca del gol. El atacante del&nbsp;<em>Gasolero<\/em>&nbsp;gan\u00f3 de cabeza luego de un centro desde la derecha impulsado por Fernando Brand\u00e1n, aunque su remate se perdi\u00f3 por encima del travesa\u00f1o.<\/p>\n\n\n\n<p>La m\u00e1s clara del equipo de Candia lleg\u00f3 sobre los 32. Juan Barinaga aprovech\u00f3 un bal\u00f3n suelto dentro del \u00e1rea tras un despeje de Marrone y sac\u00f3 el remate, pero no consigui\u00f3 evitar al guardameta, que con una buena reacci\u00f3n acab\u00f3 impidiendo el tanto y conteniendo el remate.<\/p>\n\n\n\n<p>Despu\u00e9s de desaprovechar sucesivamente al menos cinco contragolpes, Patronato vio como la chance de la victoria se le escurri\u00f3 sin haber pateado al arco. En el final pudo llevarse algo que quiz\u00e1s por todo el desarrollo no mereci\u00f3: fue 0-0.<\/p>\n\n\n\n<p>Con la igualdad, Patronato lleg\u00f3 a 10 puntos y no consigue distanciarse del fondo de la tabla de posiciones. El&nbsp;<em>Gasolero<\/em>, por su parte, qued\u00f3 sexto con 15 unidades. En la pr\u00f3xima fecha, el&nbsp;<em>Patr\u00f3n<\/em>&nbsp;ser\u00e1 anfitri\u00f3n de Nueva Chicago, el domingo 3 de mayo, desde las 16; mientras que al conjunto de Nicol\u00e1s Domingo le tocar\u00e1 visitar a Almagro, ese mismo d\u00eda desde las 15.<\/p>\n\n\n\n<p><strong>-S\u00cdNTESIS-<\/strong><br>Temperley&nbsp;<strong>0-0<\/strong>&nbsp;Patronato.<br><br><strong>Formaciones:<\/strong><br><strong>Temperley:<\/strong>&nbsp;Ezequiel Mastrol\u00eda; Lorenzo Monti, Oswaldo Pacheco, Valent\u00edn Agui\u00f1agalde, Lucas Angelini; Nicol\u00e1s \u00c1valos, Lucas Richarte, Luciano Nieto, Fernando Brand\u00e1n; Marcos Echeverr\u00eda y Franco Ben\u00edtez.<br>DT: Nicol\u00e1s Domingo.<br><br><strong>Patronato:<\/strong>&nbsp;Alan Sosa, Maximiliano Rueda, Gabriel D\u00edaz, Franco Meritello, Santiago Piccioni; Juan Salas, Federico Bravo, Juan Barinaga, Brandon Cort\u00e9s; Valent\u00edn Pereyra y Franco Soldano.<br>DT: Marcelo Candia.<br><br><strong>Cambios:<\/strong><br>31\u2019PT: ingres\u00f3 Lisandro Morrone por Ezequiel Mastrol\u00eda (TEM).<br>18\u2019ST: ingres\u00f3 Ger\u00f3nimo Tomasetti por Nicol\u00e1s \u00c1valos (TEM).<br>18\u2019ST: ingres\u00f3 Juli\u00e1n Carrasco por Franco Ben\u00edtez (TEM).<br>27\u2019ST: ingres\u00f3 Joaqu\u00edn Barol\u00edn por Brandon Cortes (PAT).<br>28\u2019ST: ingres\u00f3 Facundo Kruger por Marcos Echeverr\u00eda (TEM).<br>28\u2019ST: ingres\u00f3 Nicol\u00e1s Molina por Luciano Nieto (TEM).<br>37\u2019ST: ingres\u00f3 Alejo Mir\u00f3 por Valent\u00edn Pereyra (PAT).<br>43\u2019ST: ingres\u00f3 Marcos Enrique por Juan Barinaga (PAT).<br>43\u2019ST: ingres\u00f3 Bartolom\u00e9 Vel\u00e1zquez por Juan Salas (PAT).<br>43\u2019ST: ingres\u00f3 Hern\u00e1n Rivero por Franco Soldano (PAT).<br><br><strong>Amonestados:<\/strong><br>32\u2019PT: Nicol\u00e1s \u00c1valos (TEM).<br>44\u2019PT: Juan Salas (PAT).<br>47\u2019PT: Marcos Echeverr\u00eda (TEM).<br>4\u2019ST: Fernando Brand\u00e1n (TEM).<br>11\u2019ST: Franco Meritello (PAT).<br>12\u2019ST: Valent\u00edn Agui\u00f1agalde (TEM).<br>17\u2019ST: Lorenzo Monti (TEM).<br>40\u2019ST: Alejo Mir\u00f3 (PAT).<br><br><strong>\u00c1rbitro:<\/strong>&nbsp;Pablo Gim\u00e9nez.<\/p>\n\n\n\n<p>Este domingo hubo acci\u00f3n por la sexta fecha de la Zona 1 del Torneo Federal A. En ese marco, Gimnasia y Esgrima de Concepci\u00f3n del Uruguay recibi\u00f3 a Atl\u00e9tico Escobar de Ingeniero Maschwitz. El duelo en el estadio Manuel y Ram\u00f3n N\u00fa\u00f1ez cont\u00f3 con el arbitraje de Marcos Liuzzi.<\/p>\n\n\n\n<p>Para este partido, Luis Monge eligi\u00f3 como titulares a: Emilio R\u00e9bora; Nicol\u00e1s Su\u00e1rez, Jonathan Ben\u00edtez, Nicol\u00e1s G\u00f3mez, Ariel Gonz\u00e1lez; Agust\u00edn Favre, Santiago Lebus, Lautaro Altamirano, Nicol\u00e1s Germanier; Agust\u00edn Garc\u00eda y Augusto Sonzogni.<\/p>\n\n\n\n<p>La apertura del marcador en el juego lleg\u00f3 temprano, antes de los diez minutos. En un contexto en el que las banderas estaban colgadas de manera invertida a modo de protesta, Jonathan Ben\u00edtez acab\u00f3 metiendo el bal\u00f3n en contra de su propia valla. Fue tras un desborde de Luna por izquierda que luego de superar a Emilio R\u00e9bora con un enganche intent\u00f3 sacar un centro que el defensor meti\u00f3 en contra de su propio arco.<\/p>\n\n\n\n<p>Para fortuna del local, el empate de Gimnasia lleg\u00f3 pronto en el juego. Fue tras un bal\u00f3n largo por izquierda para Nicol\u00e1s Germanier, que desbord\u00f3 por l\u00ednea de fondo y envi\u00f3 el pase bajo para Augusto Sonzogni. La fuerte definici\u00f3n del atacante sobrepas\u00f3 la resistencia de las manos del arquero, que no pudo impedir el empate a los 13 minutos.<\/p>\n\n\n\n<p>Sin embargo, sobre los 23 minutos el \u00e1rbitro sancion\u00f3 penal por mano de Ben\u00edtez dentro del \u00e1rea luego de un cabezazo dentro del \u00e1rea grande. El defensor no tuvo tiempo de reacci\u00f3n al remate de cabeza y el bal\u00f3n le dio en el brazo justo delante de donde estaba parado el \u00e1rbitro.<\/p>\n\n\n\n<p>De la ejecuci\u00f3n se encarg\u00f3 Villalba, que eligi\u00f3 el poste izquierdo y encontr\u00f3 una buena atajada de Emilio R\u00e9bora, que se recost\u00f3 sobre ese lado. Sin embargo, en el rebote apareci\u00f3 m\u00e1s r\u00e1pido que todos Nahuel Luna para empujar el bal\u00f3n al fondo de la red y anotar as\u00ed el 2-1 a los 25 de la primera mitad.<\/p>\n\n\n\n<p>Cuando la situaci\u00f3n era cuesta arriba para el conjunto anfitri\u00f3n en el complemento, el \u00e1rbitro decidi\u00f3 la expulsi\u00f3n de Ariel Gonz\u00e1lez a los 14 minutos. El defensor se fue debido a que el \u00e1rbitro consider\u00f3 que se excedi\u00f3 en el lenguaje verbal. No hubo espacio alguno para la recuperaci\u00f3n del conjunto entrerriano.<\/p>\n\n\n\n<p>Sin ning\u00fan tipo de reacci\u00f3n, el equipo de Monge cay\u00f3 por quinta vez en el torneo luego de seis presentaciones y est\u00e1 \u00faltimo con un punto. Su rival de esta tarde est\u00e1 noveno, una posici\u00f3n por encima, con cuatro unidades.<\/p>\n\n\n\n<p>En la pr\u00f3xima fecha, Gimnasia visitar\u00e1 Rafaela para enfrentarse a 9 de Julio con el objetivo de ganar su primer partido en el torneo.<\/p>\n\n\n\n<blockquote class=\"wp-block-quote is-layout-flow wp-block-quote-is-layout-flow\">\n<p>www.analisisdigital.com.ar<\/p>\n<\/blockquote>\n","protected":false},"excerpt":{"rendered":"<p>El estadio Alfredo Beranger fue escenario este s\u00e1bado del partido entre Patronato y Temperley por&#8230;<\/p>\n","protected":false},"author":2,"featured_media":5368,"comment_status":"open","ping_status":"open","sticky":false,"template":"","format":"standard","meta":{"footnotes":""},"categories":[36],"tags":[],"class_list":["post-5367","post","type-post","status-publish","format-standard","has-post-thumbnail","hentry","category-futbol"],"featured_image_urls":{"full":["https:\/\/deportodos.com.ar\/2023\/wp-content\/uploads\/2026\/04\/temperley-patronato.jpg.webp",900,507,false],"thumbnail":["https:\/\/deportodos.com.ar\/2023\/wp-content\/uploads\/2026\/04\/temperley-patronato.jpg-150x150.webp",150,150,true],"medium":["https:\/\/deportodos.com.ar\/2023\/wp-content\/uploads\/2026\/04\/temperley-patronato.jpg-300x169.webp",300,169,true],"medium_large":["https:\/\/deportodos.com.ar\/2023\/wp-content\/uploads\/2026\/04\/temperley-patronato.jpg-768x433.webp",640,361,true],"large":["https:\/\/deportodos.com.ar\/2023\/wp-content\/uploads\/2026\/04\/temperley-patronato.jpg.webp",640,361,false],"1536x1536":["https:\/\/deportodos.com.ar\/2023\/wp-content\/uploads\/2026\/04\/temperley-patronato.jpg.webp",900,507,false],"2048x2048":["https:\/\/deportodos.com.ar\/2023\/wp-content\/uploads\/2026\/04\/temperley-patronato.jpg.webp",900,507,false],"covernews-featured":["https:\/\/deportodos.com.ar\/2023\/wp-content\/uploads\/2026\/04\/temperley-patronato.jpg.webp",900,507,false],"covernews-medium":["https:\/\/deportodos.com.ar\/2023\/wp-content\/uploads\/2026\/04\/temperley-patronato.jpg-540x340.webp",540,340,true]},"author_info":{"display_name":"c2530142","author_link":"https:\/\/deportodos.com.ar\/2023\/author\/c2530142\/"},"category_info":"<a href=\"https:\/\/deportodos.com.ar\/2023\/category\/futbol\/\" rel=\"category tag\">Futbol<\/a>","tag_info":"Futbol","comment_count":"0","_links":{"self":[{"href":"https:\/\/deportodos.com.ar\/2023\/wp-json\/wp\/v2\/posts\/5367","targetHints":{"allow":["GET"]}}],"collection":[{"href":"https:\/\/deportodos.com.ar\/2023\/wp-json\/wp\/v2\/posts"}],"about":[{"href":"https:\/\/deportodos.com.ar\/2023\/wp-json\/wp\/v2\/types\/post"}],"author":[{"embeddable":true,"href":"https:\/\/deportodos.com.ar\/2023\/wp-json\/wp\/v2\/users\/2"}],"replies":[{"embeddable":true,"href":"https:\/\/deportodos.com.ar\/2023\/wp-json\/wp\/v2\/comments?post=5367"}],"version-history":[{"count":1,"href":"https:\/\/deportodos.com.ar\/2023\/wp-json\/wp\/v2\/posts\/5367\/revisions"}],"predecessor-version":[{"id":5369,"href":"https:\/\/deportodos.com.ar\/2023\/wp-json\/wp\/v2\/posts\/5367\/revisions\/5369"}],"wp:featuredmedia":[{"embeddable":true,"href":"https:\/\/deportodos.com.ar\/2023\/wp-json\/wp\/v2\/media\/5368"}],"wp:attachment":[{"href":"https:\/\/deportodos.com.ar\/2023\/wp-json\/wp\/v2\/media?parent=5367"}],"wp:term":[{"taxonomy":"category","embeddable":true,"href":"https:\/\/deportodos.com.ar\/2023\/wp-json\/wp\/v2\/categories?post=5367"},{"taxonomy":"post_tag","embeddable":true,"href":"https:\/\/deportodos.com.ar\/2023\/wp-json\/wp\/v2\/tags?post=5367"}],"curies":[{"name":"wp","href":"https:\/\/api.w.org\/{rel}","templated":true}]}}