{"id":5373,"date":"2026-04-27T14:44:46","date_gmt":"2026-04-27T14:44:46","guid":{"rendered":"https:\/\/deportodos.com.ar\/2023\/?p=5373"},"modified":"2026-04-27T14:44:46","modified_gmt":"2026-04-27T14:44:46","slug":"se-fue-la-segunda-de-competicion-especial-entrerriana","status":"publish","type":"post","link":"https:\/\/deportodos.com.ar\/2023\/se-fue-la-segunda-de-competicion-especial-entrerriana\/","title":{"rendered":"SE FUE LA SEGUNDA DE COMPETICI\u00d3N ESPECIAL ENTRERRIANA"},"content":{"rendered":"\n<p>El Campeonato R\u00edo Uruguay Seguros 2026 cumpli\u00f3 la segunda exigencia del a\u00f1o en Concepci\u00f3n del Uruguay. Antes de partir en el mes de mayo a Concordia.<\/p>\n\n\n\n<p>Pese al clima ventoso; el p\u00fablico asisti\u00f3 como siempre para llenar el alambrado.<\/p>\n\n\n\n<p>F\u00f3rmula Entrerriana &#8211; No fu\u00e9 casualidad<\/p>\n\n\n\n<p>Alegr\u00f3 a todos la llegada de autos que se fueron confirmando en los \u00faltimos d\u00edas. Demostrando ya un espect\u00e1culo que incluy\u00f3 interesantes persecuciones en pista.<br>Vimos a lo largo de la final numerosas maniobras de \u00ablos pibes\u00bb que vienen del karting.<\/p>\n\n\n\n<p>El piloto de Caseros, Roberto Mosser mostr\u00f3 nuevamente gran contundencia en la final con el Berta. Emilio Villanova de gran recuperaci\u00f3n puso al Ralt segundo y sello el 1-2 para el equipo.<\/p>\n\n\n\n<p>Vimos a lo largo de la final numerosas maniobras de \u00ablos pibes\u00bb que vienen del karting. Entre ellos Uriel Rodriguez; que largando de boxes pudo escalar al tercer lugar. Bautista forclaz que hab\u00eda puesto resistencia, debi\u00f3 ir al abandono con problemas en caja de velocidades.<br>Debutaron Jonatan Icardo y Lucas Trossero.<\/p>\n\n\n\n<p>Clase 1 &#8211; El 1 de nuevo a Corrientes<br>Marco Risso repite victoria y se establece en punta del campeonato tempranamente.<br>A\u00fan sin poder expresar el potencial mostrado en clasificaci\u00f3n, Victorio Herbel escala al segundo lugar del podio y el mansillense&nbsp;Mariano Marozzini otra vez se codea con el podio y llega en tercer lugar con su Renault Gordini.<\/p>\n\n\n\n<p>Nicol\u00e1s Galvarini en otra gran obra, hizo rendir al 57 para llegar en cuarta ubicaci\u00f3n. Mientras que tras una d\u00e9cada y media sin actividad titular, Sergio Beorda regresa y muestra que no se olvid\u00f3 nada con un gran quinto puesto.<\/p>\n\n\n\n<p>Jornada negra para Fernando Elola y Guillermo Suarez que no pudieron sumar fuerte.<\/p>\n\n\n\n<p>Jorge Lambert ser\u00eda el mejor de Copa Seniors tras una exclusi\u00f3n t\u00e9cnica a Ricardo Droqui.<\/p>\n\n\n\n<p>Clase 2 &#8211; La revancha estaba cerca<br>Otra final de locos se vivi\u00f3 en la Clase 2. Una serie patas para arriba, donde fueron varias las incidencias, lo vi\u00f3 como ganador al gualeyo Luciano Dal B\u00f3.<\/p>\n\n\n\n<p>Para la final mov\u00eda con mucha decisi\u00f3n Leonardo Nattero; picando desde la cuarta ubicaci\u00f3n hasta el primer lugar, donde pudo establecer su ritmo y llegar (ahora si) al ep\u00edlogo de la carrera con una diferencia administrable.<br>Hasta ahora el piloto m\u00e1s constante, Julio Villa ingres\u00f3 en segundo lugar y suma fuerte.&nbsp;<br>Marcos Bonasegla regres\u00f3 a la actividad. Esta vez debutando en Clase 2 y obteniendo un tercer puesto que bien podr\u00eda haber sido mucho mas.<\/p>\n\n\n\n<p>Clase 3 &#8211; Auto lindo y que gana<br>El federaense Nahuel Zanandrea sell\u00f3 un inobjetable triunfo de punta a punta.&nbsp;<br>Nuevamente con el equipo de Carlos Morier regresaron a la categor\u00eda con un flamante Renault Clio que logra la victoria en su segunda aparici\u00f3n.<\/p>\n\n\n\n<p>Facundo Tamay vi\u00f3 la posibilidad de descontar sobre el final pero no pudo con Zanandrea. De todas maneras para el piloto del Bona Racing es un excelente resultado el segundo lugar, que los mantendr\u00e1 ocupados en el taller para limar las d\u00e9cimas que faltan.<br>Al tercer lugar arrib\u00f3 el chajariense Ger\u00f3nimo Gerlach. Que logr\u00f3 su primer podio en la categor\u00eda, demostrando que va por la buena senda de la mano del PCR Powerchip Race y el Chule Competici\u00f3n.<\/p>\n\n\n\n<p>En una final dura para la mayor\u00eda, hubo malas noticias para quien llegaba l\u00edder del certamen, Sebasti\u00e1n Elola. Partiendo al abandono.<\/p>\n\n\n\n<p>Eric Jhonston de Paran\u00e1 fu\u00e9 ganador de copa seniors<\/p>\n\n\n\n<p><\/p>\n","protected":false},"excerpt":{"rendered":"<p>El Campeonato R\u00edo Uruguay Seguros 2026 cumpli\u00f3 la segunda exigencia del a\u00f1o en Concepci\u00f3n del&#8230;<\/p>\n","protected":false},"author":2,"featured_media":5374,"comment_status":"open","ping_status":"open","sticky":false,"template":"","format":"standard","meta":{"footnotes":""},"categories":[6],"tags":[],"class_list":["post-5373","post","type-post","status-publish","format-standard","has-post-thumbnail","hentry","category-automovilismo"],"featured_image_urls":{"full":["https:\/\/deportodos.com.ar\/2023\/wp-content\/uploads\/2026\/04\/IMG-20260427-WA0014.jpg",1500,1000,false],"thumbnail":["https:\/\/deportodos.com.ar\/2023\/wp-content\/uploads\/2026\/04\/IMG-20260427-WA0014-150x150.jpg",150,150,true],"medium":["https:\/\/deportodos.com.ar\/2023\/wp-content\/uploads\/2026\/04\/IMG-20260427-WA0014-300x200.jpg",300,200,true],"medium_large":["https:\/\/deportodos.com.ar\/2023\/wp-content\/uploads\/2026\/04\/IMG-20260427-WA0014-768x512.jpg",640,427,true],"large":["https:\/\/deportodos.com.ar\/2023\/wp-content\/uploads\/2026\/04\/IMG-20260427-WA0014-1024x683.jpg",640,427,true],"1536x1536":["https:\/\/deportodos.com.ar\/2023\/wp-content\/uploads\/2026\/04\/IMG-20260427-WA0014.jpg",1500,1000,false],"2048x2048":["https:\/\/deportodos.com.ar\/2023\/wp-content\/uploads\/2026\/04\/IMG-20260427-WA0014.jpg",1500,1000,false],"covernews-featured":["https:\/\/deportodos.com.ar\/2023\/wp-content\/uploads\/2026\/04\/IMG-20260427-WA0014-1024x683.jpg",1024,683,true],"covernews-medium":["https:\/\/deportodos.com.ar\/2023\/wp-content\/uploads\/2026\/04\/IMG-20260427-WA0014-540x340.jpg",540,340,true]},"author_info":{"display_name":"c2530142","author_link":"https:\/\/deportodos.com.ar\/2023\/author\/c2530142\/"},"category_info":"<a href=\"https:\/\/deportodos.com.ar\/2023\/category\/automovilismo\/\" rel=\"category tag\">Automovilismo<\/a>","tag_info":"Automovilismo","comment_count":"0","_links":{"self":[{"href":"https:\/\/deportodos.com.ar\/2023\/wp-json\/wp\/v2\/posts\/5373","targetHints":{"allow":["GET"]}}],"collection":[{"href":"https:\/\/deportodos.com.ar\/2023\/wp-json\/wp\/v2\/posts"}],"about":[{"href":"https:\/\/deportodos.com.ar\/2023\/wp-json\/wp\/v2\/types\/post"}],"author":[{"embeddable":true,"href":"https:\/\/deportodos.com.ar\/2023\/wp-json\/wp\/v2\/users\/2"}],"replies":[{"embeddable":true,"href":"https:\/\/deportodos.com.ar\/2023\/wp-json\/wp\/v2\/comments?post=5373"}],"version-history":[{"count":1,"href":"https:\/\/deportodos.com.ar\/2023\/wp-json\/wp\/v2\/posts\/5373\/revisions"}],"predecessor-version":[{"id":5375,"href":"https:\/\/deportodos.com.ar\/2023\/wp-json\/wp\/v2\/posts\/5373\/revisions\/5375"}],"wp:featuredmedia":[{"embeddable":true,"href":"https:\/\/deportodos.com.ar\/2023\/wp-json\/wp\/v2\/media\/5374"}],"wp:attachment":[{"href":"https:\/\/deportodos.com.ar\/2023\/wp-json\/wp\/v2\/media?parent=5373"}],"wp:term":[{"taxonomy":"category","embeddable":true,"href":"https:\/\/deportodos.com.ar\/2023\/wp-json\/wp\/v2\/categories?post=5373"},{"taxonomy":"post_tag","embeddable":true,"href":"https:\/\/deportodos.com.ar\/2023\/wp-json\/wp\/v2\/tags?post=5373"}],"curies":[{"name":"wp","href":"https:\/\/api.w.org\/{rel}","templated":true}]}}