{"id":5383,"date":"2026-04-30T11:50:22","date_gmt":"2026-04-30T11:50:22","guid":{"rendered":"https:\/\/deportodos.com.ar\/2023\/?p=5383"},"modified":"2026-04-30T11:50:22","modified_gmt":"2026-04-30T11:50:22","slug":"asi-sera-crespo","status":"publish","type":"post","link":"https:\/\/deportodos.com.ar\/2023\/asi-sera-crespo\/","title":{"rendered":"ASI SER\u00c1 CRESPO"},"content":{"rendered":"\n<p>El Rally Entrerriano RUS visita por segundo a\u00f1o consecutivo la ciudad de Crespo, que luego de un largo impas retorn\u00f3 al calendario el a\u00f1o pasado con gran \u00e9xito.<\/p>\n\n\n\n<p>La segunda fecha del a\u00f1o se presentar\u00e1 desafiante, con caminos totalmente diferentes a los de la fecha anterior y cuatro pruebas especiales diferentes.<\/p>\n\n\n\n<p>El epicentro de la carrera volver\u00e1 a ser el Parque del Lago, que oficiara de Parque de Servicios y tambi\u00e9n albergara la Direcci\u00f3n de la Prueba; los primeros Equipos comenzaran a llegar a la Capital Nacional de la Avicultura el jueves por la tarde, en tanto que la actividad comenzara el viernes por la ma\u00f1ana con la Verificaci\u00f3n Administrativa, al mediod\u00eda las Tripulaciones comenzaran el Reconocimiento de los tramos mientras los Equipos ir\u00e1n llevando los autos a la T\u00e9cnica Previa; la actividad deportiva arranca a las 16:30hs con el Shakedown que nuevamente ser\u00e1 en Colonia Jacobi y la primera jornada culmina con la Largada Promocional en la Plaza Sarmiento a las 20:00hs.<\/p>\n\n\n\n<p>El s\u00e1bado la Primera Etapa tendr\u00e1 un total de cuatro tramos arrancando en Aldea San Rafael de 14,63km a las 12:13hs, tramo que se repite a las 15:11hs, alternando con la PE Colonia Merou que con 13,11km se corre a la hora 12:43 y se repite a las 15:41. Completando 55,48km cronometrados.<\/p>\n\n\n\n<p>El domingo la Segunda Etapa tendr\u00e1 tambi\u00e9n cuatro tramos de velocidad esta vez sobre las PE Aldea San Miguel de 10,34km que se corre a las 8:58hs y a las 11:59hs, la otra especial ser\u00e1 Aldea Santa Rosa que con sus 13,11km tendr\u00e1 dos pasadas a las 9:26hs y como Power Stage a las 12:27hs. completando 46,9km en la etapa y un total de 102,38km cronometrados totales.<\/p>\n\n\n\n<p>Es para destacar una vez mas el gran trabajo que vienen haciendo tanto la Municipalidad de Crespo como todas las localidades afectadas a la carrera en un evento que volver\u00e1 a generar un gran movimiento en la regi\u00f3n.<\/p>\n\n\n\n<p>Las inscripciones se encuentran abiertas en nuestra web desde el pasado lunes y dicho periodo cierra a las 20hs del pr\u00f3ximo jueves 30 de abril, teniendo varias tripulaciones ya confirmadas entre las que se encuentran los locales Juli\u00e1n Gottig y Maximiliano Zarate.<\/p>\n","protected":false},"excerpt":{"rendered":"<p>El Rally Entrerriano RUS visita por segundo a\u00f1o consecutivo la ciudad de Crespo, que luego&#8230;<\/p>\n","protected":false},"author":2,"featured_media":5384,"comment_status":"open","ping_status":"open","sticky":false,"template":"","format":"standard","meta":{"footnotes":""},"categories":[6],"tags":[],"class_list":["post-5383","post","type-post","status-publish","format-standard","has-post-thumbnail","hentry","category-automovilismo"],"featured_image_urls":{"full":["https:\/\/deportodos.com.ar\/2023\/wp-content\/uploads\/2026\/04\/Chapa-Crespo-1200x692-1.jpeg",1200,692,false],"thumbnail":["https:\/\/deportodos.com.ar\/2023\/wp-content\/uploads\/2026\/04\/Chapa-Crespo-1200x692-1-150x150.jpeg",150,150,true],"medium":["https:\/\/deportodos.com.ar\/2023\/wp-content\/uploads\/2026\/04\/Chapa-Crespo-1200x692-1-300x173.jpeg",300,173,true],"medium_large":["https:\/\/deportodos.com.ar\/2023\/wp-content\/uploads\/2026\/04\/Chapa-Crespo-1200x692-1-768x443.jpeg",640,369,true],"large":["https:\/\/deportodos.com.ar\/2023\/wp-content\/uploads\/2026\/04\/Chapa-Crespo-1200x692-1-1024x591.jpeg",640,369,true],"1536x1536":["https:\/\/deportodos.com.ar\/2023\/wp-content\/uploads\/2026\/04\/Chapa-Crespo-1200x692-1.jpeg",1200,692,false],"2048x2048":["https:\/\/deportodos.com.ar\/2023\/wp-content\/uploads\/2026\/04\/Chapa-Crespo-1200x692-1.jpeg",1200,692,false],"covernews-featured":["https:\/\/deportodos.com.ar\/2023\/wp-content\/uploads\/2026\/04\/Chapa-Crespo-1200x692-1-1024x591.jpeg",1024,591,true],"covernews-medium":["https:\/\/deportodos.com.ar\/2023\/wp-content\/uploads\/2026\/04\/Chapa-Crespo-1200x692-1-540x340.jpeg",540,340,true]},"author_info":{"display_name":"c2530142","author_link":"https:\/\/deportodos.com.ar\/2023\/author\/c2530142\/"},"category_info":"<a href=\"https:\/\/deportodos.com.ar\/2023\/category\/automovilismo\/\" rel=\"category tag\">Automovilismo<\/a>","tag_info":"Automovilismo","comment_count":"0","_links":{"self":[{"href":"https:\/\/deportodos.com.ar\/2023\/wp-json\/wp\/v2\/posts\/5383","targetHints":{"allow":["GET"]}}],"collection":[{"href":"https:\/\/deportodos.com.ar\/2023\/wp-json\/wp\/v2\/posts"}],"about":[{"href":"https:\/\/deportodos.com.ar\/2023\/wp-json\/wp\/v2\/types\/post"}],"author":[{"embeddable":true,"href":"https:\/\/deportodos.com.ar\/2023\/wp-json\/wp\/v2\/users\/2"}],"replies":[{"embeddable":true,"href":"https:\/\/deportodos.com.ar\/2023\/wp-json\/wp\/v2\/comments?post=5383"}],"version-history":[{"count":1,"href":"https:\/\/deportodos.com.ar\/2023\/wp-json\/wp\/v2\/posts\/5383\/revisions"}],"predecessor-version":[{"id":5385,"href":"https:\/\/deportodos.com.ar\/2023\/wp-json\/wp\/v2\/posts\/5383\/revisions\/5385"}],"wp:featuredmedia":[{"embeddable":true,"href":"https:\/\/deportodos.com.ar\/2023\/wp-json\/wp\/v2\/media\/5384"}],"wp:attachment":[{"href":"https:\/\/deportodos.com.ar\/2023\/wp-json\/wp\/v2\/media?parent=5383"}],"wp:term":[{"taxonomy":"category","embeddable":true,"href":"https:\/\/deportodos.com.ar\/2023\/wp-json\/wp\/v2\/categories?post=5383"},{"taxonomy":"post_tag","embeddable":true,"href":"https:\/\/deportodos.com.ar\/2023\/wp-json\/wp\/v2\/tags?post=5383"}],"curies":[{"name":"wp","href":"https:\/\/api.w.org\/{rel}","templated":true}]}}