{"id":542,"date":"2024-01-03T16:18:08","date_gmt":"2024-01-03T16:18:08","guid":{"rendered":"https:\/\/deportodos.com.ar\/2023\/?p=542"},"modified":"2024-01-03T16:18:08","modified_gmt":"2024-01-03T16:18:08","slug":"barrio-y-rodriguez-ganadores","status":"publish","type":"post","link":"https:\/\/deportodos.com.ar\/2023\/barrio-y-rodriguez-ganadores\/","title":{"rendered":"BARRIO Y RODRIGUEZ GANADORES"},"content":{"rendered":"\n<p>Luis Barrio y Greta Rodriguez ganaron la maraton nocturna 134\u00b0 Aniv. de San Salvador repitiendo triunfos de a\u00f1os pasado ya que los dosen alguna ocacion ganaron esta prueba<br>Este s\u00e1bado 16 de diciembre y como viene realiz\u00e1ndose hace varios a\u00f1os la marat\u00f3n134\u00b0 aniversario de la Ciudad de San Salvador Entre R\u00edos Capital nacional del arroz, organizado por la Agrupaci\u00f3n la pantera en horario nocturno y conto con unos 120 participante de la zonal del litoral argentino.<\/p>\n\n\n\n<p>La carrera se larg\u00f3 a las 7:45 ya que para esa hora el calor era agobiante y con una presi\u00f3n atmosf\u00e9rica bastante alta y con mucha humedad, la prueba fue por las avenidas principales de esta ciudad, con dos tramos de cuatro km y en dos vueltas para completar los 8 km 80m del trazado enmarcado por la organizaci\u00f3n.<br>La largada fue frente al palacio municipal, donde los corredores tomaron la salida a rauda velocidad algunos dispuestos a ganar la general y otros a ganar su categor\u00eda, en los candidatos a ganar Juan Saboredo tomo la punta, pero Luis Barrio ya promediando el primer km de la carrera se le la arrebato para no soltarla m\u00e1s hasta pasar el arco blanco de la llegada con un tiempo de 26:30 segundo Juan Saboredo 27:30 y tercero llego Isa\u00edas Sacur con un crono de 27:33 los tres primeros de la capital del Citrus Concordia el cuarto Juan Ram\u00edrez de Federal en top 5 lo completo Hugo Arellano de Villaguay .<\/p>\n","protected":false},"excerpt":{"rendered":"<p>Luis Barrio y Greta Rodriguez ganaron la maraton nocturna 134\u00b0 Aniv. de San Salvador repitiendo&#8230;<\/p>\n","protected":false},"author":2,"featured_media":543,"comment_status":"open","ping_status":"open","sticky":false,"template":"","format":"standard","meta":{"footnotes":""},"categories":[5],"tags":[],"class_list":["post-542","post","type-post","status-publish","format-standard","has-post-thumbnail","hentry","category-atletismo"],"featured_image_urls":{"full":["https:\/\/deportodos.com.ar\/2023\/wp-content\/uploads\/2023\/12\/IMG-20231217-WA0017.jpg",1152,768,false],"thumbnail":["https:\/\/deportodos.com.ar\/2023\/wp-content\/uploads\/2023\/12\/IMG-20231217-WA0017-150x150.jpg",150,150,true],"medium":["https:\/\/deportodos.com.ar\/2023\/wp-content\/uploads\/2023\/12\/IMG-20231217-WA0017-300x200.jpg",300,200,true],"medium_large":["https:\/\/deportodos.com.ar\/2023\/wp-content\/uploads\/2023\/12\/IMG-20231217-WA0017-768x512.jpg",640,427,true],"large":["https:\/\/deportodos.com.ar\/2023\/wp-content\/uploads\/2023\/12\/IMG-20231217-WA0017-1024x683.jpg",640,427,true],"1536x1536":["https:\/\/deportodos.com.ar\/2023\/wp-content\/uploads\/2023\/12\/IMG-20231217-WA0017.jpg",1152,768,false],"2048x2048":["https:\/\/deportodos.com.ar\/2023\/wp-content\/uploads\/2023\/12\/IMG-20231217-WA0017.jpg",1152,768,false],"covernews-featured":["https:\/\/deportodos.com.ar\/2023\/wp-content\/uploads\/2023\/12\/IMG-20231217-WA0017-1024x683.jpg",1024,683,true],"covernews-medium":["https:\/\/deportodos.com.ar\/2023\/wp-content\/uploads\/2023\/12\/IMG-20231217-WA0017-540x340.jpg",540,340,true]},"author_info":{"display_name":"c2530142","author_link":"https:\/\/deportodos.com.ar\/2023\/author\/c2530142\/"},"category_info":"<a href=\"https:\/\/deportodos.com.ar\/2023\/category\/atletismo\/\" rel=\"category tag\">Atletismo<\/a>","tag_info":"Atletismo","comment_count":"0","_links":{"self":[{"href":"https:\/\/deportodos.com.ar\/2023\/wp-json\/wp\/v2\/posts\/542","targetHints":{"allow":["GET"]}}],"collection":[{"href":"https:\/\/deportodos.com.ar\/2023\/wp-json\/wp\/v2\/posts"}],"about":[{"href":"https:\/\/deportodos.com.ar\/2023\/wp-json\/wp\/v2\/types\/post"}],"author":[{"embeddable":true,"href":"https:\/\/deportodos.com.ar\/2023\/wp-json\/wp\/v2\/users\/2"}],"replies":[{"embeddable":true,"href":"https:\/\/deportodos.com.ar\/2023\/wp-json\/wp\/v2\/comments?post=542"}],"version-history":[{"count":1,"href":"https:\/\/deportodos.com.ar\/2023\/wp-json\/wp\/v2\/posts\/542\/revisions"}],"predecessor-version":[{"id":544,"href":"https:\/\/deportodos.com.ar\/2023\/wp-json\/wp\/v2\/posts\/542\/revisions\/544"}],"wp:featuredmedia":[{"embeddable":true,"href":"https:\/\/deportodos.com.ar\/2023\/wp-json\/wp\/v2\/media\/543"}],"wp:attachment":[{"href":"https:\/\/deportodos.com.ar\/2023\/wp-json\/wp\/v2\/media?parent=542"}],"wp:term":[{"taxonomy":"category","embeddable":true,"href":"https:\/\/deportodos.com.ar\/2023\/wp-json\/wp\/v2\/categories?post=542"},{"taxonomy":"post_tag","embeddable":true,"href":"https:\/\/deportodos.com.ar\/2023\/wp-json\/wp\/v2\/tags?post=542"}],"curies":[{"name":"wp","href":"https:\/\/api.w.org\/{rel}","templated":true}]}}