{"id":580,"date":"2024-01-03T16:18:43","date_gmt":"2024-01-03T16:18:43","guid":{"rendered":"https:\/\/deportodos.com.ar\/2023\/?p=580"},"modified":"2024-01-03T16:18:43","modified_gmt":"2024-01-03T16:18:43","slug":"el-rally-entrerriano-rus-cerro-su-ano","status":"publish","type":"post","link":"https:\/\/deportodos.com.ar\/2023\/el-rally-entrerriano-rus-cerro-su-ano\/","title":{"rendered":"EL RALLY ENTRERRIANO RUS CERRO SU A\u00d1O"},"content":{"rendered":"\n<p>Con la realizaci\u00f3n de la Segunda Etapa en la tarde de hoy culmino la temporada 2023 del Rally Entrerriano RUS, el Gran Premio fue ganado por Daniel Bonnin y Walter Traverso.<br>Por la ma\u00f1ana se hab\u00eda disputado la Primera Etapa y con un diagrama igual se completaron por los 121,32km cronometrados de la ultima del a\u00f1o, que conto con un buen numero de publico que se acerco a ver el ultimo evento automovil\u00edstico del a\u00f1o.<br>La Clase A6.<br>Bonnin-Traverso redondearon el resultado de la primera etapa dejando en segundo lugar a Rodrigo Etchepare y Nicolas Lauria, que sumaron los puntos necesarios para ser los Sub Campeones 2023 de la divisional donde ya estaban consagrados Guillermo Piton y Juan Capurro; terceros terminaron Nelson Bonnin y Javier Benitez.<br>La Clase N7.<br>La carrera y el Titulo 2023 fue para Nestor Ramirez y Javier Taboada, seguidos de Leonardo Nattero y Veronica Wetzel que son los Sub Campeones y terceros terminaron Gustavo Paiva y Ariel Benedetti.<br>La Clase N7 Ligth.<br>Angel e Ignacio Gonzalez se quedaron con la carrera, escoltados por Juan Formigo y Hugo Carrazco, flamantes Campeones, completaron el podio Golzalo Spinzo y Matias Voeffray; el Sub Campeonato quedo en manos de Daniel y Melisa Baez.<br>La Clase N9 16v.<br>Con el triunfo Cristian D\u2019Elia y Darcy Frascheri se consagraron Campeones, segundas y Sub Campeonas fueron Juliana Rodiferr y Sofia Giebert y terceros Manuel y Diego Cergneux.<br>La Clase N9 8v<br>Jos\u00e9 Morad obtuvo su primer triunfo en la clase y sumo los puntos necesarios para el Subcampeonato junto a Julian Salvo, en esta clase se hab\u00edan consagrado Campeones Julio Erpen y Pablo Salvid\u00eda.<br>Des esta manera el Rally Entrerriano RUS pudo completar la temporada luego de varias postergaciones y cambio de sede a causa del clima; ya se trabaja desde la organizaci\u00f3n en el Calendario 2023 con la intenci\u00f3n de arrancar a mediados de marzo, lo que ser\u00e1 informado oportunamente.<br>Gracias a todos por haber sido una a\u00f1o mas parte de nuestro Campeonato y queremos desearles felices fiestas y un exitoso 2024<\/p>\n","protected":false},"excerpt":{"rendered":"<p>Con la realizaci\u00f3n de la Segunda Etapa en la tarde de hoy culmino la temporada&#8230;<\/p>\n","protected":false},"author":2,"featured_media":581,"comment_status":"open","ping_status":"open","sticky":false,"template":"","format":"standard","meta":{"footnotes":""},"categories":[6],"tags":[],"class_list":["post-580","post","type-post","status-publish","format-standard","has-post-thumbnail","hentry","category-automovilismo"],"featured_image_urls":{"full":["https:\/\/deportodos.com.ar\/2023\/wp-content\/uploads\/2023\/12\/FB_IMG_1704000812220.jpg",1080,718,false],"thumbnail":["https:\/\/deportodos.com.ar\/2023\/wp-content\/uploads\/2023\/12\/FB_IMG_1704000812220-150x150.jpg",150,150,true],"medium":["https:\/\/deportodos.com.ar\/2023\/wp-content\/uploads\/2023\/12\/FB_IMG_1704000812220-300x199.jpg",300,199,true],"medium_large":["https:\/\/deportodos.com.ar\/2023\/wp-content\/uploads\/2023\/12\/FB_IMG_1704000812220-768x511.jpg",640,426,true],"large":["https:\/\/deportodos.com.ar\/2023\/wp-content\/uploads\/2023\/12\/FB_IMG_1704000812220-1024x681.jpg",640,426,true],"1536x1536":["https:\/\/deportodos.com.ar\/2023\/wp-content\/uploads\/2023\/12\/FB_IMG_1704000812220.jpg",1080,718,false],"2048x2048":["https:\/\/deportodos.com.ar\/2023\/wp-content\/uploads\/2023\/12\/FB_IMG_1704000812220.jpg",1080,718,false],"covernews-featured":["https:\/\/deportodos.com.ar\/2023\/wp-content\/uploads\/2023\/12\/FB_IMG_1704000812220-1024x681.jpg",1024,681,true],"covernews-medium":["https:\/\/deportodos.com.ar\/2023\/wp-content\/uploads\/2023\/12\/FB_IMG_1704000812220-540x340.jpg",540,340,true]},"author_info":{"display_name":"c2530142","author_link":"https:\/\/deportodos.com.ar\/2023\/author\/c2530142\/"},"category_info":"<a href=\"https:\/\/deportodos.com.ar\/2023\/category\/automovilismo\/\" rel=\"category tag\">Automovilismo<\/a>","tag_info":"Automovilismo","comment_count":"0","_links":{"self":[{"href":"https:\/\/deportodos.com.ar\/2023\/wp-json\/wp\/v2\/posts\/580","targetHints":{"allow":["GET"]}}],"collection":[{"href":"https:\/\/deportodos.com.ar\/2023\/wp-json\/wp\/v2\/posts"}],"about":[{"href":"https:\/\/deportodos.com.ar\/2023\/wp-json\/wp\/v2\/types\/post"}],"author":[{"embeddable":true,"href":"https:\/\/deportodos.com.ar\/2023\/wp-json\/wp\/v2\/users\/2"}],"replies":[{"embeddable":true,"href":"https:\/\/deportodos.com.ar\/2023\/wp-json\/wp\/v2\/comments?post=580"}],"version-history":[{"count":1,"href":"https:\/\/deportodos.com.ar\/2023\/wp-json\/wp\/v2\/posts\/580\/revisions"}],"predecessor-version":[{"id":582,"href":"https:\/\/deportodos.com.ar\/2023\/wp-json\/wp\/v2\/posts\/580\/revisions\/582"}],"wp:featuredmedia":[{"embeddable":true,"href":"https:\/\/deportodos.com.ar\/2023\/wp-json\/wp\/v2\/media\/581"}],"wp:attachment":[{"href":"https:\/\/deportodos.com.ar\/2023\/wp-json\/wp\/v2\/media?parent=580"}],"wp:term":[{"taxonomy":"category","embeddable":true,"href":"https:\/\/deportodos.com.ar\/2023\/wp-json\/wp\/v2\/categories?post=580"},{"taxonomy":"post_tag","embeddable":true,"href":"https:\/\/deportodos.com.ar\/2023\/wp-json\/wp\/v2\/tags?post=580"}],"curies":[{"name":"wp","href":"https:\/\/api.w.org\/{rel}","templated":true}]}}