{"id":583,"date":"2024-01-03T16:18:43","date_gmt":"2024-01-03T16:18:43","guid":{"rendered":"https:\/\/deportodos.com.ar\/2023\/?p=583"},"modified":"2024-01-03T16:18:43","modified_gmt":"2024-01-03T16:18:43","slug":"se-confirmo-la-fecha-de-realizacion-del-seven-del-lago","status":"publish","type":"post","link":"https:\/\/deportodos.com.ar\/2023\/se-confirmo-la-fecha-de-realizacion-del-seven-del-lago\/","title":{"rendered":"SE CONFIRM\u00d3 LA FECHA DE REALIZACI\u00d3N DEL SEVEN DEL LAGO"},"content":{"rendered":"\n<p>En los \u00faltimos d\u00edas se dio a conocer la fecha en que se disputar\u00e1 uno de los eventos de rugby y hockey m\u00e1s importantes de la costa del r\u00edo Uruguay. En Concordia se desarrollar\u00e1 la pr\u00f3xima edici\u00f3n del Seven del Lago, organizado en esta ocasi\u00f3n por el Club Espinillos.<\/p>\n\n\n\n<p>Se aprovechar\u00e1 el predio de la playa Sol del Lago Salto Grande para la realizaci\u00f3n del evento que involucra a una importante cantidad de deportistas de la regi\u00f3n. Se dividir\u00e1n en la disputa de rugby masculino y femenino; y hockey mixto.<\/p>\n\n\n\n<p>Quien brind\u00f3 detalles al respecto fue el presidente del Club Espinillos, Mat\u00edas Jenko, quien revel\u00f3 que se trata de un gran desaf\u00edo para la instituci\u00f3n el organizar el evento. \u201cEn silencio, estuvimos trabajando para poder organizar un a\u00f1o m\u00e1s este evento tan caracter\u00edstico para la ciudad\u201d, cont\u00f3.<\/p>\n\n\n\n<p>Luego dio el dato que todos esperaban: la fecha. Coment\u00f3 que la organizaci\u00f3n decidi\u00f3 desarrollar el evento en el tercer s\u00e1bado de enero, para que coincida con el inicio del Carnaval de Concordia. Esto quiere decir que el evento tendr\u00e1 lugar el 20 de enero de 2024.<\/p>\n\n\n\n<p>De esta manera, Concordia tendr\u00e1 coordinadas sus actividades deportivas y tur\u00edsticas para el disfrute de quienes visitan la ciudad. Adem\u00e1s, se advirti\u00f3 que en los pr\u00f3ximos d\u00edas se brindar\u00e1n m\u00e1s detalles sobre las inscripciones y costos del evento.<\/p>\n\n\n\n<blockquote class=\"wp-block-quote is-layout-flow wp-block-quote-is-layout-flow\">\n<p><\/p>\n<cite>www.analisisdigital.com.ar<\/cite><\/blockquote>\n","protected":false},"excerpt":{"rendered":"<p>En los \u00faltimos d\u00edas se dio a conocer la fecha en que se disputar\u00e1 uno&#8230;<\/p>\n","protected":false},"author":2,"featured_media":584,"comment_status":"open","ping_status":"open","sticky":false,"template":"","format":"standard","meta":{"footnotes":""},"categories":[26],"tags":[],"class_list":["post-583","post","type-post","status-publish","format-standard","has-post-thumbnail","hentry","category-rugby"],"featured_image_urls":{"full":["https:\/\/deportodos.com.ar\/2023\/wp-content\/uploads\/2024\/01\/seven_del_lago.jpg",450,300,false],"thumbnail":["https:\/\/deportodos.com.ar\/2023\/wp-content\/uploads\/2024\/01\/seven_del_lago-150x150.jpg",150,150,true],"medium":["https:\/\/deportodos.com.ar\/2023\/wp-content\/uploads\/2024\/01\/seven_del_lago-300x200.jpg",300,200,true],"medium_large":["https:\/\/deportodos.com.ar\/2023\/wp-content\/uploads\/2024\/01\/seven_del_lago.jpg",450,300,false],"large":["https:\/\/deportodos.com.ar\/2023\/wp-content\/uploads\/2024\/01\/seven_del_lago.jpg",450,300,false],"1536x1536":["https:\/\/deportodos.com.ar\/2023\/wp-content\/uploads\/2024\/01\/seven_del_lago.jpg",450,300,false],"2048x2048":["https:\/\/deportodos.com.ar\/2023\/wp-content\/uploads\/2024\/01\/seven_del_lago.jpg",450,300,false],"covernews-featured":["https:\/\/deportodos.com.ar\/2023\/wp-content\/uploads\/2024\/01\/seven_del_lago.jpg",450,300,false],"covernews-medium":["https:\/\/deportodos.com.ar\/2023\/wp-content\/uploads\/2024\/01\/seven_del_lago.jpg",450,300,false]},"author_info":{"display_name":"c2530142","author_link":"https:\/\/deportodos.com.ar\/2023\/author\/c2530142\/"},"category_info":"<a href=\"https:\/\/deportodos.com.ar\/2023\/category\/rugby\/\" rel=\"category tag\">Rugby<\/a>","tag_info":"Rugby","comment_count":"0","_links":{"self":[{"href":"https:\/\/deportodos.com.ar\/2023\/wp-json\/wp\/v2\/posts\/583","targetHints":{"allow":["GET"]}}],"collection":[{"href":"https:\/\/deportodos.com.ar\/2023\/wp-json\/wp\/v2\/posts"}],"about":[{"href":"https:\/\/deportodos.com.ar\/2023\/wp-json\/wp\/v2\/types\/post"}],"author":[{"embeddable":true,"href":"https:\/\/deportodos.com.ar\/2023\/wp-json\/wp\/v2\/users\/2"}],"replies":[{"embeddable":true,"href":"https:\/\/deportodos.com.ar\/2023\/wp-json\/wp\/v2\/comments?post=583"}],"version-history":[{"count":1,"href":"https:\/\/deportodos.com.ar\/2023\/wp-json\/wp\/v2\/posts\/583\/revisions"}],"predecessor-version":[{"id":585,"href":"https:\/\/deportodos.com.ar\/2023\/wp-json\/wp\/v2\/posts\/583\/revisions\/585"}],"wp:featuredmedia":[{"embeddable":true,"href":"https:\/\/deportodos.com.ar\/2023\/wp-json\/wp\/v2\/media\/584"}],"wp:attachment":[{"href":"https:\/\/deportodos.com.ar\/2023\/wp-json\/wp\/v2\/media?parent=583"}],"wp:term":[{"taxonomy":"category","embeddable":true,"href":"https:\/\/deportodos.com.ar\/2023\/wp-json\/wp\/v2\/categories?post=583"},{"taxonomy":"post_tag","embeddable":true,"href":"https:\/\/deportodos.com.ar\/2023\/wp-json\/wp\/v2\/tags?post=583"}],"curies":[{"name":"wp","href":"https:\/\/api.w.org\/{rel}","templated":true}]}}