{"id":586,"date":"2024-01-03T16:18:43","date_gmt":"2024-01-03T16:18:43","guid":{"rendered":"https:\/\/deportodos.com.ar\/2023\/?p=586"},"modified":"2024-01-03T16:18:43","modified_gmt":"2024-01-03T16:18:43","slug":"victoria-recibe-este-domingo-al-triatlon-jeep","status":"publish","type":"post","link":"https:\/\/deportodos.com.ar\/2023\/victoria-recibe-este-domingo-al-triatlon-jeep\/","title":{"rendered":"VICTORIA RECIBE ESTE DOMINGO AL TRIATL\u00d3N JEEP"},"content":{"rendered":"\n<p>Este domingo desde las 9 hs. en Victoria se llevar\u00e1 a cabo la tercera fecha del Circuito Provincial de Triatl\u00f3n Jeep con una distancia sprint y cuyo epicentro ser\u00e1 en Playa Punta Alta sobre la costanera de esta ciudad.<\/p>\n\n\n\n<p>Con gran expectativa se espera este primer triatl\u00f3n del 2024 para este Circuito, que ha tenido un gran comienzo hasta el momento con dos fechas muy convocantes como lo fueron Concordia y Federaci\u00f3n.<\/p>\n\n\n\n<p>Las inscripciones marchan a muy buen ritmo y se espera alcanzar o superar los 160 corredores que tuvo la \u00faltima edici\u00f3n en esta ciudad de la costa del Paran\u00e1, siendo la primer incursi\u00f3n de la ACPC sobre esta costa en esta edici\u00f3n del Circuito. Tambi\u00e9n se seguir\u00e1 en esta costa el 11 de febrero cuando el Triatl\u00f3n Jeep desembarque en la hist\u00f3rica sede de La Paz.<\/p>\n\n\n\n<p>Recordemos que el a\u00f1o pasado se impusieron en gran carrera los locales Tomas Clivio y Maria Victoria Rivero, esperando con ansias quien ser\u00e1 el que inscriba su nombre en esta nueva edici\u00f3n.<\/p>\n\n\n\n<p>En lo que hace a la marcha de este circuito cabe destacar que en la modalidad age group se impuso en las dos primeras fechas el concordiense Alejandro Ricagno, mientras que en damas ganaron Judith Marsilli de Chajar\u00ed en la primera fecha y se impuso en Federaci\u00f3n la representante de Escobar Loana Coronel.<\/p>\n\n\n\n<p>Cabe destacar que las inscripci\u00f3n presencial ser\u00e1 solamente el d\u00eda s\u00e1bado previo en el epicentro de la carrera de 20 a 21.30 hs. y tambi\u00e9n el domingo desde las 7.30hs. , pero no habr\u00e1 presencial de concordienses en el habitual d\u00eda viernes, ya que la gran mayor\u00eda que este participando de esta fecha se encontrar\u00e1 presente el d\u00eda previo en la ciudad de la siete colinas.<\/p>\n\n\n\n<blockquote class=\"wp-block-quote is-layout-flow wp-block-quote-is-layout-flow\">\n<p><\/p>\n<cite>www.7paginas.com.ar<\/cite><\/blockquote>\n","protected":false},"excerpt":{"rendered":"<p>Este domingo desde las 9 hs. en Victoria se llevar\u00e1 a cabo la tercera fecha&#8230;<\/p>\n","protected":false},"author":2,"featured_media":587,"comment_status":"open","ping_status":"open","sticky":false,"template":"","format":"standard","meta":{"footnotes":""},"categories":[33],"tags":[],"class_list":["post-586","post","type-post","status-publish","format-standard","has-post-thumbnail","hentry","category-triatlon"],"featured_image_urls":{"full":["https:\/\/deportodos.com.ar\/2023\/wp-content\/uploads\/2024\/01\/1.jpg",320,320,false],"thumbnail":["https:\/\/deportodos.com.ar\/2023\/wp-content\/uploads\/2024\/01\/1-150x150.jpg",150,150,true],"medium":["https:\/\/deportodos.com.ar\/2023\/wp-content\/uploads\/2024\/01\/1-300x300.jpg",300,300,true],"medium_large":["https:\/\/deportodos.com.ar\/2023\/wp-content\/uploads\/2024\/01\/1.jpg",320,320,false],"large":["https:\/\/deportodos.com.ar\/2023\/wp-content\/uploads\/2024\/01\/1.jpg",320,320,false],"1536x1536":["https:\/\/deportodos.com.ar\/2023\/wp-content\/uploads\/2024\/01\/1.jpg",320,320,false],"2048x2048":["https:\/\/deportodos.com.ar\/2023\/wp-content\/uploads\/2024\/01\/1.jpg",320,320,false],"covernews-featured":["https:\/\/deportodos.com.ar\/2023\/wp-content\/uploads\/2024\/01\/1.jpg",320,320,false],"covernews-medium":["https:\/\/deportodos.com.ar\/2023\/wp-content\/uploads\/2024\/01\/1.jpg",320,320,false]},"author_info":{"display_name":"c2530142","author_link":"https:\/\/deportodos.com.ar\/2023\/author\/c2530142\/"},"category_info":"<a href=\"https:\/\/deportodos.com.ar\/2023\/category\/triatlon\/\" rel=\"category tag\">Triatlon<\/a>","tag_info":"Triatlon","comment_count":"0","_links":{"self":[{"href":"https:\/\/deportodos.com.ar\/2023\/wp-json\/wp\/v2\/posts\/586","targetHints":{"allow":["GET"]}}],"collection":[{"href":"https:\/\/deportodos.com.ar\/2023\/wp-json\/wp\/v2\/posts"}],"about":[{"href":"https:\/\/deportodos.com.ar\/2023\/wp-json\/wp\/v2\/types\/post"}],"author":[{"embeddable":true,"href":"https:\/\/deportodos.com.ar\/2023\/wp-json\/wp\/v2\/users\/2"}],"replies":[{"embeddable":true,"href":"https:\/\/deportodos.com.ar\/2023\/wp-json\/wp\/v2\/comments?post=586"}],"version-history":[{"count":1,"href":"https:\/\/deportodos.com.ar\/2023\/wp-json\/wp\/v2\/posts\/586\/revisions"}],"predecessor-version":[{"id":588,"href":"https:\/\/deportodos.com.ar\/2023\/wp-json\/wp\/v2\/posts\/586\/revisions\/588"}],"wp:featuredmedia":[{"embeddable":true,"href":"https:\/\/deportodos.com.ar\/2023\/wp-json\/wp\/v2\/media\/587"}],"wp:attachment":[{"href":"https:\/\/deportodos.com.ar\/2023\/wp-json\/wp\/v2\/media?parent=586"}],"wp:term":[{"taxonomy":"category","embeddable":true,"href":"https:\/\/deportodos.com.ar\/2023\/wp-json\/wp\/v2\/categories?post=586"},{"taxonomy":"post_tag","embeddable":true,"href":"https:\/\/deportodos.com.ar\/2023\/wp-json\/wp\/v2\/tags?post=586"}],"curies":[{"name":"wp","href":"https:\/\/api.w.org\/{rel}","templated":true}]}}