{"id":595,"date":"2024-01-03T16:18:43","date_gmt":"2024-01-03T16:18:43","guid":{"rendered":"https:\/\/deportodos.com.ar\/2023\/?p=595"},"modified":"2024-01-03T16:18:43","modified_gmt":"2024-01-03T16:18:43","slug":"patronato-comienza-la-pre-temporada","status":"publish","type":"post","link":"https:\/\/deportodos.com.ar\/2023\/patronato-comienza-la-pre-temporada\/","title":{"rendered":"PATRONATO COMIENZA LA PRE-TEMPORADA"},"content":{"rendered":"\n<p>Patronato, bajo las \u00f3rdenes de\u00a0 Walter Perazzo, que comenz\u00f3 su ciclo al frente del Rojinegro el pasado 1 de diciembre, comenzaran hoy con la segunda etapa de pretemporada. Esta ser\u00e1 m\u00e1s intensa.                                              El primer ensayo ser\u00e1 esta tarde desde las 18 en el Predio La Capillita, donde se destacar\u00e1 la presencia de tres jugadores que no fueron confirmados a\u00fan como refuerzos. Se trata del lateral izquierdo Juan Perotti, del volante Gustavo Turraca y del delantero Fabricio Sanguineti.\u00a0<\/p>\n\n\n\n<p>Ser\u00e1n en total 21 los futbolistas del plantel profesional que est\u00e1n citados para este primer ensayo. Entre ellos los seis refuerzos que Patr\u00f3n ha conseguido en el mercado de pases.\u00a0                                                           Adem\u00e1s se espera que durante el jueves y el viernes, aparezcan nuevas caras nuevas para seguir conformando lo que el cuerpo t\u00e9cnico del Negro pretende para la temporada que se avecina.\u00a0<\/p>\n\n\n\n<blockquote class=\"wp-block-quote is-layout-flow wp-block-quote-is-layout-flow\">\n<p><\/p>\n<cite>Www.eldiario.com.ar<\/cite><\/blockquote>\n","protected":false},"excerpt":{"rendered":"<p>Patronato, bajo las \u00f3rdenes de\u00a0 Walter Perazzo, que comenz\u00f3 su ciclo al frente del Rojinegro&#8230;<\/p>\n","protected":false},"author":2,"featured_media":596,"comment_status":"open","ping_status":"open","sticky":false,"template":"","format":"standard","meta":{"footnotes":""},"categories":[36],"tags":[],"class_list":["post-595","post","type-post","status-publish","format-standard","has-post-thumbnail","hentry","category-futbol"],"featured_image_urls":{"full":["https:\/\/deportodos.com.ar\/2023\/wp-content\/uploads\/2024\/01\/Walter-Perazzo.jpeg",1600,1063,false],"thumbnail":["https:\/\/deportodos.com.ar\/2023\/wp-content\/uploads\/2024\/01\/Walter-Perazzo-150x150.jpeg",150,150,true],"medium":["https:\/\/deportodos.com.ar\/2023\/wp-content\/uploads\/2024\/01\/Walter-Perazzo-300x199.jpeg",300,199,true],"medium_large":["https:\/\/deportodos.com.ar\/2023\/wp-content\/uploads\/2024\/01\/Walter-Perazzo-768x510.jpeg",640,425,true],"large":["https:\/\/deportodos.com.ar\/2023\/wp-content\/uploads\/2024\/01\/Walter-Perazzo-1024x680.jpeg",640,425,true],"1536x1536":["https:\/\/deportodos.com.ar\/2023\/wp-content\/uploads\/2024\/01\/Walter-Perazzo-1536x1020.jpeg",1536,1020,true],"2048x2048":["https:\/\/deportodos.com.ar\/2023\/wp-content\/uploads\/2024\/01\/Walter-Perazzo.jpeg",1600,1063,false],"covernews-featured":["https:\/\/deportodos.com.ar\/2023\/wp-content\/uploads\/2024\/01\/Walter-Perazzo-1024x680.jpeg",1024,680,true],"covernews-medium":["https:\/\/deportodos.com.ar\/2023\/wp-content\/uploads\/2024\/01\/Walter-Perazzo-540x340.jpeg",540,340,true]},"author_info":{"display_name":"c2530142","author_link":"https:\/\/deportodos.com.ar\/2023\/author\/c2530142\/"},"category_info":"<a href=\"https:\/\/deportodos.com.ar\/2023\/category\/futbol\/\" rel=\"category tag\">Futbol<\/a>","tag_info":"Futbol","comment_count":"0","_links":{"self":[{"href":"https:\/\/deportodos.com.ar\/2023\/wp-json\/wp\/v2\/posts\/595","targetHints":{"allow":["GET"]}}],"collection":[{"href":"https:\/\/deportodos.com.ar\/2023\/wp-json\/wp\/v2\/posts"}],"about":[{"href":"https:\/\/deportodos.com.ar\/2023\/wp-json\/wp\/v2\/types\/post"}],"author":[{"embeddable":true,"href":"https:\/\/deportodos.com.ar\/2023\/wp-json\/wp\/v2\/users\/2"}],"replies":[{"embeddable":true,"href":"https:\/\/deportodos.com.ar\/2023\/wp-json\/wp\/v2\/comments?post=595"}],"version-history":[{"count":1,"href":"https:\/\/deportodos.com.ar\/2023\/wp-json\/wp\/v2\/posts\/595\/revisions"}],"predecessor-version":[{"id":597,"href":"https:\/\/deportodos.com.ar\/2023\/wp-json\/wp\/v2\/posts\/595\/revisions\/597"}],"wp:featuredmedia":[{"embeddable":true,"href":"https:\/\/deportodos.com.ar\/2023\/wp-json\/wp\/v2\/media\/596"}],"wp:attachment":[{"href":"https:\/\/deportodos.com.ar\/2023\/wp-json\/wp\/v2\/media?parent=595"}],"wp:term":[{"taxonomy":"category","embeddable":true,"href":"https:\/\/deportodos.com.ar\/2023\/wp-json\/wp\/v2\/categories?post=595"},{"taxonomy":"post_tag","embeddable":true,"href":"https:\/\/deportodos.com.ar\/2023\/wp-json\/wp\/v2\/tags?post=595"}],"curies":[{"name":"wp","href":"https:\/\/api.w.org\/{rel}","templated":true}]}}