{"id":674,"date":"2024-01-22T04:07:26","date_gmt":"2024-01-22T04:07:26","guid":{"rendered":"https:\/\/deportodos.com.ar\/2023\/?p=674"},"modified":"2024-01-22T04:08:07","modified_gmt":"2024-01-22T04:08:07","slug":"se-puso-en-marcha-la-copa","status":"publish","type":"post","link":"https:\/\/deportodos.com.ar\/2023\/se-puso-en-marcha-la-copa\/","title":{"rendered":"SE PUSO EN MARCHA LA COPA"},"content":{"rendered":"\n<p>Con la disputa de veintitr\u00e9s encuentros, se puso en marcha este fin de semana el certamen de clubes masculinos m\u00e1s importantes de la provincia.<\/p>\n\n\n\n<p>La fecha inaugural de la Copa Entre R\u00edos \u201cArgentina Campe\u00f3n del Mundo\u201d desarroll\u00f3 su primer cap\u00edtulo entre s\u00e1bado y domingo.<\/p>\n\n\n\n<p>En esta jornada inicial, once equipos locales lograron la victoria, se registraron siete empates y hubo cinco triunfos visitantes.<\/p>\n\n\n\n<p>En la suma de todos los encuentros se marcaron un total de sesenta y siete goles, un promedio de 2,91 por juego. S\u00f3lo en dos partidos no hubo emociones fuertes.<\/p>\n\n\n\n<p>La contracara fue el triunfo de Gimnasia de Concepci\u00f3n del Uruguay como visitante de San Marcial. El 7 a 3 final brind\u00f3 goles para todos los gustos.<\/p>\n\n\n\n<p>En resumen, estos fueron todos los resultados registrados en la fecha inaugural de la competencia provincial:<\/p>\n\n\n\n<p><em>Zona 1<\/em><\/p>\n\n\n\n<p>Don Bosco (Paran\u00e1) 2 \u2013 Sarmiento (Crespo) 0<\/p>\n\n\n\n<p>Atl\u00e9tico Diamantino 1 \u2013 Ministerio (Paran\u00e1) 1<\/p>\n\n\n\n<hr class=\"wp-block-separator has-alpha-channel-opacity\"\/>\n\n\n\n<p><em>Zona 2<\/em><\/p>\n\n\n\n<p>Caball\u00fa (LP) 3 \u2013 Hip\u00f3lito Yrigoyen (SE) 2<\/p>\n\n\n\n<p>Santa Marta (SE) 1 \u2013 Malvinas (LP) 1<\/p>\n\n\n\n<hr class=\"wp-block-separator has-alpha-channel-opacity\"\/>\n\n\n\n<p><em>Zona 3<\/em><\/p>\n\n\n\n<p>Ramsar Jrs. (BB) 2 \u2013 Defensores del Oeste (BB) 0<\/p>\n\n\n\n<p>Uni\u00f3n (Crespo) 2 \u2013 Pe\u00f1arol (Paran\u00e1) 1<\/p>\n\n\n\n<hr class=\"wp-block-separator has-alpha-channel-opacity\"\/>\n\n\n\n<p><em>Zona 4<\/em><\/p>\n\n\n\n<p>Cultural (Crespo) 2 \u2013 Atl\u00e9tico Oro Verde 3<\/p>\n\n\n\n<p>Patronato (Paran\u00e1) 1 \u2013 Deportivo Tabossi 0<\/p>\n\n\n\n<hr class=\"wp-block-separator has-alpha-channel-opacity\"\/>\n\n\n\n<p><em>Zona 5<\/em><\/p>\n\n\n\n<p>Gualeguay Central 2 \u2013 Libertad (Gualeguay) 0<\/p>\n\n\n\n<p>Roma (Ram\u00edrez) 2 \u2013 Hurac\u00e1n (Victoria) 1<\/p>\n\n\n\n<hr class=\"wp-block-separator has-alpha-channel-opacity\"\/>\n\n\n\n<p><em>Zona 6<\/em><\/p>\n\n\n\n<p>Sarmiento (Gualeguaych\u00fa) 1 \u2013 Atl\u00e9tico Maci\u00e1 1<\/p>\n\n\n\n<p>Sociedad Sportiva (Gualeguay) 2 \u2013 Pe\u00f1arol (BB) 2<\/p>\n\n\n\n<hr class=\"wp-block-separator has-alpha-channel-opacity\"\/>\n\n\n\n<p><em>Zona 7<\/em><\/p>\n\n\n\n<p>Uni\u00f3n y Recreo (San Justo) 0 \u2013 San Jos\u00e9 0<\/p>\n\n\n\n<p>Deportivo Urdinarrain 4 \u2013 Lan\u00fas (CdU) 2<\/p>\n\n\n\n<hr class=\"wp-block-separator has-alpha-channel-opacity\"\/>\n\n\n\n<p><em>Zona 8<\/em><\/p>\n\n\n\n<p>Atl\u00e9tico Basavilbaso 1 \u2013 Central Entrerriano (Gch\u00fa.) 2<\/p>\n\n\n\n<p>Juventud Urdinarrain 4 \u2013 Rivadavia (CdU) 1<\/p>\n\n\n\n<hr class=\"wp-block-separator has-alpha-channel-opacity\"\/>\n\n\n\n<p><em>Zona 9<\/em><\/p>\n\n\n\n<p>Atl\u00e9tico Colonia El\u00eda 1 \u2013 Mart\u00edn Fierro (Maci\u00e1) 0<\/p>\n\n\n\n<p>Deportivo San Marcial 3 \u2013 Gimnasia (CdU) 7<\/p>\n\n\n\n<hr class=\"wp-block-separator has-alpha-channel-opacity\"\/>\n\n\n\n<p><em>Zona 10<\/em><\/p>\n\n\n\n<p>San Jorge (VE) 1 \u2013 Libertad (Cdia.) 2<\/p>\n\n\n\n<p>Colegiales (Cdia.) 1 \u2013 Independiente (VdR) 0<\/p>\n\n\n\n<hr class=\"wp-block-separator has-alpha-channel-opacity\"\/>\n\n\n\n<p><em>Zona 11<\/em><\/p>\n\n\n\n<p>Santa Mar\u00eda de Oro (Cdia.) 1 \u2013 Juventud Unida (GC) 1<\/p>\n\n\n\n<p>Almafuerte (Federaci\u00f3n) 1 \u2013 Real Concordia 2<\/p>\n\n\n\n<hr class=\"wp-block-separator has-alpha-channel-opacity\"\/>\n\n\n\n<p><em>Zona 12<\/em><\/p>\n\n\n\n<p>Victoria (Cdia.) 0 \u2013 Talleres (Federal) 0<\/p>\n\n\n\n<p>Libre: Juventud (Feliciano)<\/p>\n","protected":false},"excerpt":{"rendered":"<p>Con la disputa de veintitr\u00e9s encuentros, se puso en marcha este fin de semana el&#8230;<\/p>\n","protected":false},"author":2,"featured_media":675,"comment_status":"open","ping_status":"open","sticky":false,"template":"","format":"standard","meta":{"footnotes":""},"categories":[36],"tags":[],"class_list":["post-674","post","type-post","status-publish","format-standard","has-post-thumbnail","hentry","category-futbol"],"featured_image_urls":{"full":["https:\/\/deportodos.com.ar\/2023\/wp-content\/uploads\/2024\/01\/FEF-6.png",600,380,false],"thumbnail":["https:\/\/deportodos.com.ar\/2023\/wp-content\/uploads\/2024\/01\/FEF-6-150x150.png",150,150,true],"medium":["https:\/\/deportodos.com.ar\/2023\/wp-content\/uploads\/2024\/01\/FEF-6-300x190.png",300,190,true],"medium_large":["https:\/\/deportodos.com.ar\/2023\/wp-content\/uploads\/2024\/01\/FEF-6.png",600,380,false],"large":["https:\/\/deportodos.com.ar\/2023\/wp-content\/uploads\/2024\/01\/FEF-6.png",600,380,false],"1536x1536":["https:\/\/deportodos.com.ar\/2023\/wp-content\/uploads\/2024\/01\/FEF-6.png",600,380,false],"2048x2048":["https:\/\/deportodos.com.ar\/2023\/wp-content\/uploads\/2024\/01\/FEF-6.png",600,380,false],"covernews-featured":["https:\/\/deportodos.com.ar\/2023\/wp-content\/uploads\/2024\/01\/FEF-6.png",600,380,false],"covernews-medium":["https:\/\/deportodos.com.ar\/2023\/wp-content\/uploads\/2024\/01\/FEF-6-540x340.png",540,340,true]},"author_info":{"display_name":"c2530142","author_link":"https:\/\/deportodos.com.ar\/2023\/author\/c2530142\/"},"category_info":"<a href=\"https:\/\/deportodos.com.ar\/2023\/category\/futbol\/\" rel=\"category tag\">Futbol<\/a>","tag_info":"Futbol","comment_count":"0","_links":{"self":[{"href":"https:\/\/deportodos.com.ar\/2023\/wp-json\/wp\/v2\/posts\/674","targetHints":{"allow":["GET"]}}],"collection":[{"href":"https:\/\/deportodos.com.ar\/2023\/wp-json\/wp\/v2\/posts"}],"about":[{"href":"https:\/\/deportodos.com.ar\/2023\/wp-json\/wp\/v2\/types\/post"}],"author":[{"embeddable":true,"href":"https:\/\/deportodos.com.ar\/2023\/wp-json\/wp\/v2\/users\/2"}],"replies":[{"embeddable":true,"href":"https:\/\/deportodos.com.ar\/2023\/wp-json\/wp\/v2\/comments?post=674"}],"version-history":[{"count":1,"href":"https:\/\/deportodos.com.ar\/2023\/wp-json\/wp\/v2\/posts\/674\/revisions"}],"predecessor-version":[{"id":676,"href":"https:\/\/deportodos.com.ar\/2023\/wp-json\/wp\/v2\/posts\/674\/revisions\/676"}],"wp:featuredmedia":[{"embeddable":true,"href":"https:\/\/deportodos.com.ar\/2023\/wp-json\/wp\/v2\/media\/675"}],"wp:attachment":[{"href":"https:\/\/deportodos.com.ar\/2023\/wp-json\/wp\/v2\/media?parent=674"}],"wp:term":[{"taxonomy":"category","embeddable":true,"href":"https:\/\/deportodos.com.ar\/2023\/wp-json\/wp\/v2\/categories?post=674"},{"taxonomy":"post_tag","embeddable":true,"href":"https:\/\/deportodos.com.ar\/2023\/wp-json\/wp\/v2\/tags?post=674"}],"curies":[{"name":"wp","href":"https:\/\/api.w.org\/{rel}","templated":true}]}}