{"id":747,"date":"2024-02-04T17:01:58","date_gmt":"2024-02-04T17:01:58","guid":{"rendered":"https:\/\/deportodos.com.ar\/2023\/?p=747"},"modified":"2024-02-04T17:01:58","modified_gmt":"2024-02-04T17:01:58","slug":"ferro-se-llevo-el-primer-punto-de-la-final","status":"publish","type":"post","link":"https:\/\/deportodos.com.ar\/2023\/ferro-se-llevo-el-primer-punto-de-la-final\/","title":{"rendered":"FERRO SE LLEV\u00d3 EL PRIMER PUNTO DE LA FINAL"},"content":{"rendered":"\n<p>Se puso en marcha la Final del Torneo Pre Federal Masculino y en el primer punto de la eliminatoria Deportivo Ferrocarril de San Salvador super\u00f3 por 82-71 a Parque Sur de Concepci\u00f3n del Uruguay en condici\u00f3n de visitante. El juego se desarroll\u00f3 en el gimnasio de Puerto Viejo ante un gran marco de p\u00fablico.<\/p>\n\n\n\n<p>Los parciales fueron favorables para el \u201cVerde\u201d por 35-18, 52-43 y 68-60. En el vencedor los m\u00e1ximos anotadores fueron Marcos Revello, autor de 28 puntos, secundado por Mart\u00edn Escalada y Jos\u00e9 Luis Melchiori, con 20 y 19 unidades respectivamente. En el anfitri\u00f3n lo mejor pas\u00f3 por las manos de Mat\u00edas Novello, que complet\u00f3 su planilla con 27 unidades, y Jerem\u00edas Dreiling, con 20.<\/p>\n\n\n\n<p>El conjunto dirigido por Fernando Malara jug\u00f3 un extraordinario primer cuarto de la mano de Revello (12 tantos en el 1C) y Escalada (10) y desde all\u00ed fue due\u00f1o del desarrollo del primer tiempo, dominando el marcador por doble d\u00edgito. Lleg\u00f3 a sacar 19 de renta (45-26, minuto 14) en base a una notable efectividad y un gran trabajo de conjunto.<\/p>\n\n\n\n<p>Como era de esperar, con el empuje de su gente, en el complemento Parque Sur pis\u00f3 el acelerador y mejor\u00f3 en ambos costados de la cancha. El elenco conducido por Ren\u00e9 Richard redujo a cuatro la desventaja (64-68) y tuvo dos chances ofensivas para acercarse a\u00fan m\u00e1s; y all\u00ed emergieron Escalada y Challio con un par de \u201cbombazos\u201d para que Ferro vuelva a despegarse.<\/p>\n\n\n\n<p>El segundo juego ser\u00e1 el martes 6\/2 en la Capital Nacional del Arroz, mientras que un hipot\u00e9tico tercer encuentro se desarrollar\u00e1 el 9\/2 en la localidad de la costa del Uruguay.<\/p>\n\n\n\n<blockquote class=\"wp-block-quote is-layout-flow wp-block-quote-is-layout-flow\">\n<p><\/p>\n<cite>www.basquetentrerios.com<\/cite><\/blockquote>\n","protected":false},"excerpt":{"rendered":"<p>Se puso en marcha la Final del Torneo Pre Federal Masculino y en el primer&#8230;<\/p>\n","protected":false},"author":2,"featured_media":748,"comment_status":"open","ping_status":"open","sticky":false,"template":"","format":"standard","meta":{"footnotes":""},"categories":[9],"tags":[],"class_list":["post-747","post","type-post","status-publish","format-standard","has-post-thumbnail","hentry","category-basquet"],"featured_image_urls":{"full":["https:\/\/deportodos.com.ar\/2023\/wp-content\/uploads\/2024\/02\/FB_IMG_1707066058336.jpg",1076,917,false],"thumbnail":["https:\/\/deportodos.com.ar\/2023\/wp-content\/uploads\/2024\/02\/FB_IMG_1707066058336-150x150.jpg",150,150,true],"medium":["https:\/\/deportodos.com.ar\/2023\/wp-content\/uploads\/2024\/02\/FB_IMG_1707066058336-300x256.jpg",300,256,true],"medium_large":["https:\/\/deportodos.com.ar\/2023\/wp-content\/uploads\/2024\/02\/FB_IMG_1707066058336-768x655.jpg",640,546,true],"large":["https:\/\/deportodos.com.ar\/2023\/wp-content\/uploads\/2024\/02\/FB_IMG_1707066058336-1024x873.jpg",640,546,true],"1536x1536":["https:\/\/deportodos.com.ar\/2023\/wp-content\/uploads\/2024\/02\/FB_IMG_1707066058336.jpg",1076,917,false],"2048x2048":["https:\/\/deportodos.com.ar\/2023\/wp-content\/uploads\/2024\/02\/FB_IMG_1707066058336.jpg",1076,917,false],"covernews-featured":["https:\/\/deportodos.com.ar\/2023\/wp-content\/uploads\/2024\/02\/FB_IMG_1707066058336-1024x873.jpg",1024,873,true],"covernews-medium":["https:\/\/deportodos.com.ar\/2023\/wp-content\/uploads\/2024\/02\/FB_IMG_1707066058336-540x340.jpg",540,340,true]},"author_info":{"display_name":"c2530142","author_link":"https:\/\/deportodos.com.ar\/2023\/author\/c2530142\/"},"category_info":"<a href=\"https:\/\/deportodos.com.ar\/2023\/category\/basquet\/\" rel=\"category tag\">Basquet<\/a>","tag_info":"Basquet","comment_count":"0","_links":{"self":[{"href":"https:\/\/deportodos.com.ar\/2023\/wp-json\/wp\/v2\/posts\/747","targetHints":{"allow":["GET"]}}],"collection":[{"href":"https:\/\/deportodos.com.ar\/2023\/wp-json\/wp\/v2\/posts"}],"about":[{"href":"https:\/\/deportodos.com.ar\/2023\/wp-json\/wp\/v2\/types\/post"}],"author":[{"embeddable":true,"href":"https:\/\/deportodos.com.ar\/2023\/wp-json\/wp\/v2\/users\/2"}],"replies":[{"embeddable":true,"href":"https:\/\/deportodos.com.ar\/2023\/wp-json\/wp\/v2\/comments?post=747"}],"version-history":[{"count":1,"href":"https:\/\/deportodos.com.ar\/2023\/wp-json\/wp\/v2\/posts\/747\/revisions"}],"predecessor-version":[{"id":749,"href":"https:\/\/deportodos.com.ar\/2023\/wp-json\/wp\/v2\/posts\/747\/revisions\/749"}],"wp:featuredmedia":[{"embeddable":true,"href":"https:\/\/deportodos.com.ar\/2023\/wp-json\/wp\/v2\/media\/748"}],"wp:attachment":[{"href":"https:\/\/deportodos.com.ar\/2023\/wp-json\/wp\/v2\/media?parent=747"}],"wp:term":[{"taxonomy":"category","embeddable":true,"href":"https:\/\/deportodos.com.ar\/2023\/wp-json\/wp\/v2\/categories?post=747"},{"taxonomy":"post_tag","embeddable":true,"href":"https:\/\/deportodos.com.ar\/2023\/wp-json\/wp\/v2\/tags?post=747"}],"curies":[{"name":"wp","href":"https:\/\/api.w.org\/{rel}","templated":true}]}}