{"id":783,"date":"2024-02-08T01:44:45","date_gmt":"2024-02-08T01:44:45","guid":{"rendered":"https:\/\/deportodos.com.ar\/2023\/?p=783"},"modified":"2024-02-08T01:44:46","modified_gmt":"2024-02-08T01:44:46","slug":"con-la-presencia-del-campeon-se-inicia-la-temporada-de-las-pick-up","status":"publish","type":"post","link":"https:\/\/deportodos.com.ar\/2023\/con-la-presencia-del-campeon-se-inicia-la-temporada-de-las-pick-up\/","title":{"rendered":"CON LA PRESENCIA DEL CAMPE\u00d3N SE INICIA LA TEMPORADA DE LAS PICK UP"},"content":{"rendered":"\n<p>Este fin de semana arranca una nueva temporada del TC Pick Up en La Plata. Los 25 pilotos confirmados dar\u00e1n inicio a la 7\u00aa edici\u00f3n del campeonato. Adem\u00e1s, habr\u00e1 2 debutantes top.<\/p>\n\n\n\n<p>El\u00a0aut\u00f3dromo \u201cRoberto Mouras\u201d de\u00a0La Plata\u00a0albergar\u00e1 la\u00a01\u00aa fecha\u00a0del\u00a0TC Pick Up\u00a0que se disputar\u00e1 este fin de semana. En el inicio de la\u00a07\u00aa temporada\u00a0de la especialidad hay\u00a025 pilotos inscriptos\u00a0para correr durante el fin de semana, de los cuales hay 2 pilotos top que debutar\u00e1n como titulares en la especialidad. A su vez, hay\u00a03 bajas sensibles\u00a0con respecto al a\u00f1o pasado.<\/p>\n\n\n\n<p>Facundo Ardusso\u00a0(Chevrolet S10 del\u00a0RUS Med Team) y\u00a0Juli\u00e1n Santero\u00a0(Toyota Hilux del\u00a0LCA Racing) har\u00e1n su estreno en el TCPU. Ambos gozar\u00e1n de una sesi\u00f3n de entrenamientos extraoficial a realizarse el viernes 9, en la cual podr\u00e1n probar las camionetas y sumar kilometraje ya que ninguno tiene experiencia previa en estos tipos de veh\u00edculos.<\/p>\n\n\n\n<p>Uno de los grandes ausentes ser\u00e1\u00a0Omar \u201cGur\u00ed\u201d Mart\u00ednez\u00a0quien no estar\u00e1 presente en el inicio de la 7\u00aa temporada. El\u00a0campe\u00f3n 2022\u00a0de la especialidad dio un paso al costado para priorizar el debut de su hijo,\u00a0Agust\u00edn Mart\u00ednez, en el Turismo Carretera. La Ford Ranger que condujo el a\u00f1o pasado qued\u00f3 en manos de\u00a0Rodrigo Lug\u00f3n. El cordob\u00e9s regres\u00f3 a la escuder\u00eda entrerriana para disputar su 2\u00b0 a\u00f1o completo en la categor\u00eda.<\/p>\n\n\n\n<p>Por otro lado,\u00a0Facundo Chapur\u00a0se baj\u00f3 de la apertura del campeonato debido a la\u00a0falta de presupuesto. En consecuencia, el \u00faltimo ganador de la categor\u00eda pospuso la puesta en pista de la\u00a0Toyota Hilux\u00a0del\u00a0LCA Racing. Lo mismo le sucedi\u00f3 a\u00a0Diego Ciantini<\/p>\n\n\n\n<blockquote class=\"wp-block-quote is-layout-flow wp-block-quote-is-layout-flow\">\n<p><\/p>\n<cite>www.solotc.com.ar<\/cite><\/blockquote>\n","protected":false},"excerpt":{"rendered":"<p>Este fin de semana arranca una nueva temporada del TC Pick Up en La Plata&#8230;.<\/p>\n","protected":false},"author":2,"featured_media":784,"comment_status":"open","ping_status":"open","sticky":false,"template":"","format":"standard","meta":{"footnotes":""},"categories":[6],"tags":[],"class_list":["post-783","post","type-post","status-publish","format-standard","has-post-thumbnail","hentry","category-automovilismo"],"featured_image_urls":{"full":["https:\/\/deportodos.com.ar\/2023\/wp-content\/uploads\/2024\/02\/tc-pick-up-actc-1024x623-1.jpg",1024,623,false],"thumbnail":["https:\/\/deportodos.com.ar\/2023\/wp-content\/uploads\/2024\/02\/tc-pick-up-actc-1024x623-1-150x150.jpg",150,150,true],"medium":["https:\/\/deportodos.com.ar\/2023\/wp-content\/uploads\/2024\/02\/tc-pick-up-actc-1024x623-1-300x183.jpg",300,183,true],"medium_large":["https:\/\/deportodos.com.ar\/2023\/wp-content\/uploads\/2024\/02\/tc-pick-up-actc-1024x623-1-768x467.jpg",640,389,true],"large":["https:\/\/deportodos.com.ar\/2023\/wp-content\/uploads\/2024\/02\/tc-pick-up-actc-1024x623-1.jpg",640,389,false],"1536x1536":["https:\/\/deportodos.com.ar\/2023\/wp-content\/uploads\/2024\/02\/tc-pick-up-actc-1024x623-1.jpg",1024,623,false],"2048x2048":["https:\/\/deportodos.com.ar\/2023\/wp-content\/uploads\/2024\/02\/tc-pick-up-actc-1024x623-1.jpg",1024,623,false],"covernews-featured":["https:\/\/deportodos.com.ar\/2023\/wp-content\/uploads\/2024\/02\/tc-pick-up-actc-1024x623-1.jpg",1024,623,false],"covernews-medium":["https:\/\/deportodos.com.ar\/2023\/wp-content\/uploads\/2024\/02\/tc-pick-up-actc-1024x623-1-540x340.jpg",540,340,true]},"author_info":{"display_name":"c2530142","author_link":"https:\/\/deportodos.com.ar\/2023\/author\/c2530142\/"},"category_info":"<a href=\"https:\/\/deportodos.com.ar\/2023\/category\/automovilismo\/\" rel=\"category tag\">Automovilismo<\/a>","tag_info":"Automovilismo","comment_count":"0","_links":{"self":[{"href":"https:\/\/deportodos.com.ar\/2023\/wp-json\/wp\/v2\/posts\/783","targetHints":{"allow":["GET"]}}],"collection":[{"href":"https:\/\/deportodos.com.ar\/2023\/wp-json\/wp\/v2\/posts"}],"about":[{"href":"https:\/\/deportodos.com.ar\/2023\/wp-json\/wp\/v2\/types\/post"}],"author":[{"embeddable":true,"href":"https:\/\/deportodos.com.ar\/2023\/wp-json\/wp\/v2\/users\/2"}],"replies":[{"embeddable":true,"href":"https:\/\/deportodos.com.ar\/2023\/wp-json\/wp\/v2\/comments?post=783"}],"version-history":[{"count":1,"href":"https:\/\/deportodos.com.ar\/2023\/wp-json\/wp\/v2\/posts\/783\/revisions"}],"predecessor-version":[{"id":785,"href":"https:\/\/deportodos.com.ar\/2023\/wp-json\/wp\/v2\/posts\/783\/revisions\/785"}],"wp:featuredmedia":[{"embeddable":true,"href":"https:\/\/deportodos.com.ar\/2023\/wp-json\/wp\/v2\/media\/784"}],"wp:attachment":[{"href":"https:\/\/deportodos.com.ar\/2023\/wp-json\/wp\/v2\/media?parent=783"}],"wp:term":[{"taxonomy":"category","embeddable":true,"href":"https:\/\/deportodos.com.ar\/2023\/wp-json\/wp\/v2\/categories?post=783"},{"taxonomy":"post_tag","embeddable":true,"href":"https:\/\/deportodos.com.ar\/2023\/wp-json\/wp\/v2\/tags?post=783"}],"curies":[{"name":"wp","href":"https:\/\/api.w.org\/{rel}","templated":true}]}}