{"id":79,"date":"2023-10-10T18:33:07","date_gmt":"2023-10-10T18:33:07","guid":{"rendered":"https:\/\/deportodos.com.ar\/2023\/?p=79"},"modified":"2023-10-10T18:33:08","modified_gmt":"2023-10-10T18:33:08","slug":"un-autentico-show-de-enduro-cross","status":"publish","type":"post","link":"https:\/\/deportodos.com.ar\/2023\/un-autentico-show-de-enduro-cross\/","title":{"rendered":"UN AUT\u00c9NTICO SHOW DE ENDURO CROSS"},"content":{"rendered":"\n<p>Gran jornada vivi\u00f3 este fin de semana el Endurocross Entrerriano fiscalizado por APEMA, en La Criolla (Dpto. Concordia) dando cumplimiento a la 7ma. Fecha Del Calendario 2023, luego de una postergaci\u00f3n por cuestiones clim\u00e1ticas se concret\u00f3 exitosamente en Circuito \u00a8La Calesita\u00a8, con 90 pilotos presentes de distintos puntos de Entre R\u00edos, como as\u00ed tambi\u00e9n de las Provincias de Santa Fe, Corrientes y Buenos Aires, y varios pilotos uruguayos. El piso con muy buena preparaci\u00f3n a pesar de la falta de lluvia, pero con el regado del trazado permiti\u00f3 que el desarrollo del evento se concretara normalmente. Para destacar el triunfo en las Categor\u00edas Principales ( Seniors Open y Expertos A) del Concordiense Joaqu\u00edn Guinsel dominando claramente en ambas Mangas donde tuvo que lidiar con rivales de la talla del Correntino Mart\u00edn Perotti y Casiano Barrios de Gualeguaych\u00fa. Por su parte Santiago Micheloud de Paran\u00e1 logr\u00f3 ganar la Cat. Expertos 125 cc. En Seniors \u201cB\u201d se destac\u00f3 Facundo Lorenz y Valent\u00edn Spinelli se impuso en Juniors Open. En Master \u201cB\u201d logr\u00f3 quedarse con la victoria Sebasti\u00e1n Iregui de Gualeguaych\u00fa, en tanto en Master \u201cA\u201d logr\u00f3 el triunfo Ebenezer Garc\u00eda de Victoria, mientras en Master \u201cC\u201d repiti\u00f3 el Uruguayo Esteban Chappuis de Paysand\u00fa . Los restantes ganadores resultaron: en Juniors Limitada Mateo Lopepe de Paysand\u00fa. En Expertos \u00a8C\u00a8 el ganador fue Rafael Velardis de Victoria, en la Juvenil 85 cc Marco Gambaro de Paran\u00e1, mientras tanto en Enduro calle domin\u00f3 Milton Espindola de Paran\u00e1 y en Principiantes la suma de puntos favoreci\u00f3 a Enzo Modernell.de Paysand\u00fa.-<br>Pr\u00f3xima fecha: Gran Premio Coronaci\u00f3n, 4 y 5 de Noviembre (8va.) en el circuito Municipal \u00a8MX Galarza\u201d de Gral. Galarza (Dpto. Gualeguay).-<\/p>\n\n\n\n<p>RESULTADOS GENERALES<br>7\u00aa Fecha Certamen Entrerriano de Enduro Cross<br>Circuito \u201cLa Calesita\u201d, La Criolla.<br>Fiscalizaci\u00f3n: APEMA.<\/p>\n\n\n\n<p>CATEGOR\u00cdA SENIORS OPEN. \u201cA\u201d y \u201cB<br>1\u00b0- Joaqu\u00edn Guinsel \u2013Concordia \u2013KXF 250<br>2\u00b0- Mart\u00edn Perotti \u2013Esquina- Ctes.-<br>3\u00b0- Casiano Barrios \u2013Gch\u00fa- YZF 250<br>4\u00b0- Facundo Lorenz- S. Salvador- YZF 250 (1\u00b0 B)<br>5\u00b0- Valent\u00edn Spinelli \u2013Concordia CRF 250 (2\u00b0 B)<\/p>\n\n\n\n<p>CATEGORIA EXPERTOS \u201cA\u201d<br>1\u00b0- Joaqu\u00edn Guinsel \u2013Concordia \u2013 KXF 250<br>2\u00b0- Casiano Barrios \u2013 Gualeguay- CRF 250<br>3\u00b0- Claudio Bonzi \u2013 R. del Tala \u2013 KTM 250<br>4\u00b0- Facundo Lorenz \u2013S. Salvador-YZF 250<br>5\u00b0- Ricardo P\u00e9rez \u2013Federal &#8211; KTM 250<\/p>\n\n\n\n<p>CATEGOR\u00cdA JUNIORS OPEN .<br>1\u00b0- Valent\u00edn Spinelli- Concordia- CRF 250<br>2\u00b0- Sebasti\u00e1n Gange- 1\u00b0 de Mayo- YZF 250<br>3\u00b0- Sebasti\u00e1n Chappuis-Paysand\u00fa- KXF 250<br>4\u00b0- Ebenezer Garc\u00eda- Victoria \u2013YZF 450<br>5\u00b0- Brumo Muller- A.San Antonio- RMZ 450<\/p>\n\n\n\n<p>CAT. EXPERTOS 125 cc<br>1\u00b0- Santiago Micheloud \u2013Paran\u00e1 \u2013YZ 125<br>2\u00b0- Cristian Bauer \u2013A.San Antonio \u2013 YZ 125<br>3\u00b0- Juan Pablo Gonz\u00e1lez-San Lorenzo-YZ 125<br>4\u00b0- Rodrigo Barrios \u2013 Gualeguay- YZ 125<br>5\u00b0- Juan Rohr- Valle Maria \u2013 YZ 125<\/p>\n\n\n\n<p>CATEGOR\u00cdA JUNIORS LIMITADA<br>1\u00b0- Mateo Lopepe- Paysand\u00fa- KTM 150<br>2\u00b0- Sebasti\u00e1n Chappuis- Paysand\u00fa- KXF 250<br>3\u00b0- Luca Arbe \u2013 Concordia- YZF 250<br>4\u00b0- Mart\u00edn Lopepe- Paysand\u00fa \u2013<br>5\u00b0- Lautaro Sacks- Paran\u00e1 \u2013KXF 450<\/p>\n\n\n\n<p>CATEGOR\u00cdA EXPERTOS \u201cC\u201d<br>1\u00b0- Rafael Velardis \u2013 Victoria- WR 400<br>2\u00b0- Adri\u00e1n Mart\u00ednez-Diamante \u2013CR 125<br>3\u00b0- Fabi\u00e1n Bonvin- Colon \u2013 KX 250<br>4\u00b0- Oreste Planisg-Paran\u00e1- CR 125<br>5\u00b0- Hern\u00e1n Garnier- Villa Elisa \u2013XR 400<\/p>\n\n\n\n<p>Cat. 85 cc<br>1\u00b0- Marco Gambaro \u2013Paran\u00e1 \u2013KTM 85<br>2\u00b0-Joaqu\u00edn Duarte- Federal- KTM 85<br>3\u00b0- Mateo Grant\u00f3n- Villa Elisa-KTM 85<br>4\u00b0- Mateo Silva \u2013 Paran\u00e1- YZ 85<\/p>\n\n\n\n<p>CATEGOR\u00cdA MASTERS \u00a8A\u00a8<br>1\u00b0- Ebenezer Garc\u00eda \u2013 Victoria- YZF 450<br>2\u00b0- Jos\u00e9 Luis Arralde \u2013Chajar\u00ed- CRF 250<br>3\u00b0- Daniel Popelka \u2013Concordia-KXF 250<br>4\u00b0- Guillermo Villanova-Concordia-CRF 250<br>5\u00b0- Hern\u00e1n Garnier \u2013Villa Elisa- XR 400<\/p>\n\n\n\n<p>CATEGOR\u00cdA MASTERS \u00a8B\u00a8<br>1\u00b0- Sebasti\u00e1n Iregui\u2013 Gch\u00fa,-YZF 250<br>2\u00b0- Joaqu\u00edn Negri &#8211; Concordia-KTM 350<br>3\u00b0- Guillermo Calero- Concordia-CRF 250<br>4\u00b0- Pablo Brem \u2013Villa Elisa- CRF 250<br>5\u00b0- Pablo Acevedo \u2013 Gualeguaych\u00fa- RMZ 450<\/p>\n\n\n\n<p>CATEGOR\u00cdA MASTERS \u00a8C\u00a8<br>1\u00b0- Esteban Chappuis-Paysand\u00fa- CRF 250<br>2\u00b0- Gonzalo Arbe-Concordia \u2013YZF 450<br>3\u00b0- Cristian Ava- Federal- KTM 250<br>4\u00b0- Gustavo Guinsel-Concordia \u2013KXF 450<br>5\u00b0- Cristian Portillo- Paran\u00e1- KXF 250<\/p>\n\n\n\n<p>CATEGOR\u00cdA PRINCIPIANTES (sin puntaje)<br>1\u00b0- Enzo Modernell \u2013 Paysandu (ROU) \u2013 YZF 250<br>2\u00b0- Lautaro Belmonte \u2013 Concordia- CRF 250<br>3\u00b0- Oreste Planisg- Paran\u00e1- CR 125<br>4\u00b0- Sebasti\u00e1n S\u00e1nchez-Gualeguay- KXF 250<br>5\u00b0- Bautista Alb\u00f3nico-Gch\u00fa- CRF 250<\/p>\n\n\n\n<p>CATEGOR\u00cdA ENDURO CALLE<br>1\u00b0- Milton Esp\u00edndola \u2013 Paran\u00e1- Tornado 250<br>2\u00b0- Victorio Francischelli-Paran\u00e1- CRF 230<br>3\u00b0- Facundo Mihlnikel- Pueblo Liebing-Tornado<br>4\u00b0- Emiliano Ch\u00e1vez \u2013 Concordia \u2013 Tornado 250<br>5\u00b0- Alejandro Francou-Caseros- Tornado<\/p>\n\n\n\n<p>Mini Enduro \u2013Exhibici\u00f3n-<br>Francesca Catalano \u2013 Paran\u00e1<br>Joaquina Truffer- Paran\u00e1<br>Valentino Iregui- Gualeguaych\u00fa<br>Fiorella Catalano \u2013 Paran\u00e1<br>Alfonso Martinez Pohl \u2013 Urdinarrain.<\/p>\n","protected":false},"excerpt":{"rendered":"<p>Gran jornada vivi\u00f3 este fin de semana el Endurocross Entrerriano fiscalizado por APEMA, en La&#8230;<\/p>\n","protected":false},"author":2,"featured_media":80,"comment_status":"open","ping_status":"open","sticky":false,"template":"","format":"standard","meta":{"footnotes":""},"categories":[20],"tags":[],"class_list":["post-79","post","type-post","status-publish","format-standard","has-post-thumbnail","hentry","category-enduro"],"featured_image_urls":{"full":["https:\/\/deportodos.com.ar\/2023\/wp-content\/uploads\/2023\/10\/IMG-20231010-WA0044.jpg",720,1100,false],"thumbnail":["https:\/\/deportodos.com.ar\/2023\/wp-content\/uploads\/2023\/10\/IMG-20231010-WA0044-150x150.jpg",150,150,true],"medium":["https:\/\/deportodos.com.ar\/2023\/wp-content\/uploads\/2023\/10\/IMG-20231010-WA0044-196x300.jpg",196,300,true],"medium_large":["https:\/\/deportodos.com.ar\/2023\/wp-content\/uploads\/2023\/10\/IMG-20231010-WA0044.jpg",640,978,false],"large":["https:\/\/deportodos.com.ar\/2023\/wp-content\/uploads\/2023\/10\/IMG-20231010-WA0044-670x1024.jpg",640,978,true],"1536x1536":["https:\/\/deportodos.com.ar\/2023\/wp-content\/uploads\/2023\/10\/IMG-20231010-WA0044.jpg",720,1100,false],"2048x2048":["https:\/\/deportodos.com.ar\/2023\/wp-content\/uploads\/2023\/10\/IMG-20231010-WA0044.jpg",720,1100,false],"covernews-featured":["https:\/\/deportodos.com.ar\/2023\/wp-content\/uploads\/2023\/10\/IMG-20231010-WA0044.jpg",720,1100,false],"covernews-medium":["https:\/\/deportodos.com.ar\/2023\/wp-content\/uploads\/2023\/10\/IMG-20231010-WA0044-540x340.jpg",540,340,true]},"author_info":{"display_name":"c2530142","author_link":"https:\/\/deportodos.com.ar\/2023\/author\/c2530142\/"},"category_info":"<a href=\"https:\/\/deportodos.com.ar\/2023\/category\/enduro\/\" rel=\"category tag\">Enduro<\/a>","tag_info":"Enduro","comment_count":"0","_links":{"self":[{"href":"https:\/\/deportodos.com.ar\/2023\/wp-json\/wp\/v2\/posts\/79","targetHints":{"allow":["GET"]}}],"collection":[{"href":"https:\/\/deportodos.com.ar\/2023\/wp-json\/wp\/v2\/posts"}],"about":[{"href":"https:\/\/deportodos.com.ar\/2023\/wp-json\/wp\/v2\/types\/post"}],"author":[{"embeddable":true,"href":"https:\/\/deportodos.com.ar\/2023\/wp-json\/wp\/v2\/users\/2"}],"replies":[{"embeddable":true,"href":"https:\/\/deportodos.com.ar\/2023\/wp-json\/wp\/v2\/comments?post=79"}],"version-history":[{"count":1,"href":"https:\/\/deportodos.com.ar\/2023\/wp-json\/wp\/v2\/posts\/79\/revisions"}],"predecessor-version":[{"id":81,"href":"https:\/\/deportodos.com.ar\/2023\/wp-json\/wp\/v2\/posts\/79\/revisions\/81"}],"wp:featuredmedia":[{"embeddable":true,"href":"https:\/\/deportodos.com.ar\/2023\/wp-json\/wp\/v2\/media\/80"}],"wp:attachment":[{"href":"https:\/\/deportodos.com.ar\/2023\/wp-json\/wp\/v2\/media?parent=79"}],"wp:term":[{"taxonomy":"category","embeddable":true,"href":"https:\/\/deportodos.com.ar\/2023\/wp-json\/wp\/v2\/categories?post=79"},{"taxonomy":"post_tag","embeddable":true,"href":"https:\/\/deportodos.com.ar\/2023\/wp-json\/wp\/v2\/tags?post=79"}],"curies":[{"name":"wp","href":"https:\/\/api.w.org\/{rel}","templated":true}]}}