{"id":792,"date":"2024-02-08T17:07:43","date_gmt":"2024-02-08T17:07:43","guid":{"rendered":"https:\/\/deportodos.com.ar\/2023\/?p=792"},"modified":"2024-02-08T17:07:44","modified_gmt":"2024-02-08T17:07:44","slug":"se-corre-este-domingo-el-triatlon-jeep-en-la-paz","status":"publish","type":"post","link":"https:\/\/deportodos.com.ar\/2023\/se-corre-este-domingo-el-triatlon-jeep-en-la-paz\/","title":{"rendered":"SE CORRE ESTE DOMINGO EL TRIATLON JEEP EN LA PAZ"},"content":{"rendered":"\n<p>Este domingo desde las 9hs se correr\u00e1 en La Paz la cuarta fecha del \u00abCircuito Provincial de Triatl\u00f3n Jeep\u00bb con epicentro en Playa \u00abEl Faro\u00bb de la localidad pace\u00f1a.<\/p>\n\n\n\n<p>Cuando a\u00fan perduran las repercusiones de lo que fue la disputa de las tres primeras fechas con una excelente convocatoria en cada una de ellas y un muy buen nivel organizativo, la capital nacional de triatl\u00f3n se prepara para recibir nuevamente al triatl\u00f3n que ya disput\u00f3 su tradicional cita del mes de enero y que se apronta ahora para recibir esta fecha, que constituye la primera prueba sin drafting del campeonato y que se correr\u00e1 sobre distancia sprint, es decir: 750 metros de nataci\u00f3n, 20 kil\u00f3metros de ciclismo y 5 de pedestrismo.<\/p>\n\n\n\n<p>El certamen se presenta muy parejo en su disputa de las principales posiciones, con tres ganadoras distintas en la rama femenina, imponi\u00e9ndose Judith Marsilli, Loana Coronel y Victoria Rivero respectivamente, mientras que en varones repiti\u00f3 en dos ocasiones el triunfo el concordiense Alejandro Ricagno y en la anterior fecha disputada en Victoria, fue el uruguayo Santiago Sierra Batt\u00f3 qui\u00e9n se qued\u00f3 con el primer lugar.<\/p>\n\n\n\n<p>Un certamen apasionante, un campeonato que genera mucha expectativa, no s\u00f3lo por la numerosa convocatoria y el buen nivel de participaci\u00f3n, sino tambi\u00e9n por el acostumbrado final que tiene como siempre, las remeras oficiales del circuito, los premios del primero al \u00faltimo puesto en todas las categor\u00edas, y los atractivos sorteos, muy esperados en cada final, coronando todo con un almuerzo de camarader\u00eda que este a\u00f1o se llevar\u00e1 a cabo en Playa Las Palmeras cuando se defina el circuito en nuestra ciudad el domingo 17 de marzo.<\/p>\n\n\n\n<p>La organizaci\u00f3n de esta fecha estar\u00e1 a cargo de la Asociaci\u00f3n Pace\u00f1a de Pruebas Combinadas y las inscripciones pueden realizarse hasta este viernes en la web:&nbsp;<a href=\"http:\/\/www.encarrera.com.ar\/triajeep\" rel=\"noreferrer noopener\" target=\"_blank\">www.encarrera.com.ar\/triajeep<\/a>, donde tambi\u00e9n se encuentra toda la informaci\u00f3n completa.<\/p>\n\n\n\n<p>El s\u00e1bado habr\u00e1 inscripci\u00f3n presencial en la Direcci\u00f3n de Turismo de La Paz de 20 a 21.30 hs. y tambi\u00e9n se repetir\u00e1 el dia domingo desde las 7.30 en Playa El Faro.<\/p>\n\n\n\n<p>PRENSA A.C.P.C.<\/p>\n","protected":false},"excerpt":{"rendered":"<p>Este domingo desde las 9hs se correr\u00e1 en La Paz la cuarta fecha del \u00abCircuito&#8230;<\/p>\n","protected":false},"author":2,"featured_media":793,"comment_status":"open","ping_status":"open","sticky":false,"template":"","format":"standard","meta":{"footnotes":""},"categories":[33],"tags":[],"class_list":["post-792","post","type-post","status-publish","format-standard","has-post-thumbnail","hentry","category-triatlon"],"featured_image_urls":{"full":["https:\/\/deportodos.com.ar\/2023\/wp-content\/uploads\/2024\/02\/FB_IMG_1707412042779.jpg",1080,722,false],"thumbnail":["https:\/\/deportodos.com.ar\/2023\/wp-content\/uploads\/2024\/02\/FB_IMG_1707412042779-150x150.jpg",150,150,true],"medium":["https:\/\/deportodos.com.ar\/2023\/wp-content\/uploads\/2024\/02\/FB_IMG_1707412042779-300x201.jpg",300,201,true],"medium_large":["https:\/\/deportodos.com.ar\/2023\/wp-content\/uploads\/2024\/02\/FB_IMG_1707412042779-768x513.jpg",640,428,true],"large":["https:\/\/deportodos.com.ar\/2023\/wp-content\/uploads\/2024\/02\/FB_IMG_1707412042779-1024x685.jpg",640,428,true],"1536x1536":["https:\/\/deportodos.com.ar\/2023\/wp-content\/uploads\/2024\/02\/FB_IMG_1707412042779.jpg",1080,722,false],"2048x2048":["https:\/\/deportodos.com.ar\/2023\/wp-content\/uploads\/2024\/02\/FB_IMG_1707412042779.jpg",1080,722,false],"covernews-featured":["https:\/\/deportodos.com.ar\/2023\/wp-content\/uploads\/2024\/02\/FB_IMG_1707412042779-1024x685.jpg",1024,685,true],"covernews-medium":["https:\/\/deportodos.com.ar\/2023\/wp-content\/uploads\/2024\/02\/FB_IMG_1707412042779-540x340.jpg",540,340,true]},"author_info":{"display_name":"c2530142","author_link":"https:\/\/deportodos.com.ar\/2023\/author\/c2530142\/"},"category_info":"<a href=\"https:\/\/deportodos.com.ar\/2023\/category\/triatlon\/\" rel=\"category tag\">Triatlon<\/a>","tag_info":"Triatlon","comment_count":"0","_links":{"self":[{"href":"https:\/\/deportodos.com.ar\/2023\/wp-json\/wp\/v2\/posts\/792","targetHints":{"allow":["GET"]}}],"collection":[{"href":"https:\/\/deportodos.com.ar\/2023\/wp-json\/wp\/v2\/posts"}],"about":[{"href":"https:\/\/deportodos.com.ar\/2023\/wp-json\/wp\/v2\/types\/post"}],"author":[{"embeddable":true,"href":"https:\/\/deportodos.com.ar\/2023\/wp-json\/wp\/v2\/users\/2"}],"replies":[{"embeddable":true,"href":"https:\/\/deportodos.com.ar\/2023\/wp-json\/wp\/v2\/comments?post=792"}],"version-history":[{"count":1,"href":"https:\/\/deportodos.com.ar\/2023\/wp-json\/wp\/v2\/posts\/792\/revisions"}],"predecessor-version":[{"id":794,"href":"https:\/\/deportodos.com.ar\/2023\/wp-json\/wp\/v2\/posts\/792\/revisions\/794"}],"wp:featuredmedia":[{"embeddable":true,"href":"https:\/\/deportodos.com.ar\/2023\/wp-json\/wp\/v2\/media\/793"}],"wp:attachment":[{"href":"https:\/\/deportodos.com.ar\/2023\/wp-json\/wp\/v2\/media?parent=792"}],"wp:term":[{"taxonomy":"category","embeddable":true,"href":"https:\/\/deportodos.com.ar\/2023\/wp-json\/wp\/v2\/categories?post=792"},{"taxonomy":"post_tag","embeddable":true,"href":"https:\/\/deportodos.com.ar\/2023\/wp-json\/wp\/v2\/tags?post=792"}],"curies":[{"name":"wp","href":"https:\/\/api.w.org\/{rel}","templated":true}]}}