{"id":795,"date":"2024-02-09T15:52:02","date_gmt":"2024-02-09T15:52:02","guid":{"rendered":"https:\/\/deportodos.com.ar\/2023\/?p=795"},"modified":"2024-02-09T15:52:05","modified_gmt":"2024-02-09T15:52:05","slug":"se-vuelven-a-ver-las-caras","status":"publish","type":"post","link":"https:\/\/deportodos.com.ar\/2023\/se-vuelven-a-ver-las-caras\/","title":{"rendered":"SE VUELVEN A VER LAS CARAS"},"content":{"rendered":"\n<p>Este fin de semana se pondr\u00e1 en marcha la segunda rueda de la ronda clasificatoria en la fase de grupos, correspondiente a la Copa Entre R\u00edos.<\/p>\n\n\n\n<p>Con la disputa de veintitr\u00e9s juegos a disputarse entre viernes, s\u00e1bado, domingo y lunes, se desarrollar\u00e1 de manera completa la cuarta jornada de la competencia.<\/p>\n\n\n\n<p>La fecha tendr\u00e1 su primer episodio durante la noche del viernes, con acci\u00f3n en la localidad de Oro Verde. El s\u00e1bado continuar\u00e1 desarroll\u00e1ndose con seis juegos m\u00e1s, para proseguir durante la jornada del domingo, cuando se disputar\u00e1n catorce duelos. Los \u00faltimos dos encuentros tendr\u00e1n sede en Crespo y Concepci\u00f3n del Uruguay durante la jornada del lunes.<\/p>\n\n\n\n<p>De esta manera, la Copa Entre R\u00edos \u201cArgentina Campe\u00f3n del Mundo\u201d, que cuenta con el apoyo del Banco de Entre R\u00edos y la Comisi\u00f3n Administradora del R\u00edo Uruguay, escribir\u00e1 un nuevo cap\u00edtulo en el que algunos de sus participantes podr\u00edan sellar su clasificaci\u00f3n a la pr\u00f3xima instancia.<\/p>\n\n\n\n<p>En s\u00edntesis, as\u00ed ha quedado programado el esquema de encuentros para el fin de semana:<\/p>\n\n\n\n<p><em>Zona 1<\/em><\/p>\n\n\n\n<p><strong>Sarmiento (Crespo) \u2013 Don Bosco (Paran\u00e1)<\/strong><\/p>\n\n\n\n<p>Lunes 12\/2 \u2013 18 hs. Cancha de Sarmiento<\/p>\n\n\n\n<p>\u00c1rbitro: Rodrigo Garcilano<\/p>\n\n\n\n<p><strong>Ministerio (Paran\u00e1) \u2013 Atl\u00e9tico Diamantino<\/strong><\/p>\n\n\n\n<p>S\u00e1bado 10\/2 \u2013 18 hs. Cancha de Ministerio<\/p>\n\n\n\n<p>\u00c1rbitro: Santiago Folmer<\/p>\n\n\n\n<hr class=\"wp-block-separator has-alpha-channel-opacity\"\/>\n\n\n\n<p><em>Zona 2<\/em><\/p>\n\n\n\n<p><strong>Hip\u00f3lito Yrigoyen (SE) \u2013 Caball\u00fa (LP)<\/strong><\/p>\n\n\n\n<p>Domingo 11\/2 \u2013 17 hs. Cancha de Camba Cu\u00e1<\/p>\n\n\n\n<p>\u00c1rbitro: Santiago Mainero<\/p>\n\n\n\n<p><strong>Malvinas (LP) \u2013 Santa Marta (SE)<\/strong><\/p>\n\n\n\n<p>Domingo 11\/2 \u2013 17.30 hs. Cancha de Patronato<\/p>\n\n\n\n<p>\u00c1rbitro: Maximiliano Clauss<\/p>\n\n\n\n<hr class=\"wp-block-separator has-alpha-channel-opacity\"\/>\n\n\n\n<p><em>Zona 3<\/em><\/p>\n\n\n\n<p><strong>Defensores del Oeste (BB) \u2013 Ramsar Jrs. (BB)<\/strong><\/p>\n\n\n\n<p>Domingo 11\/02 \u2013 20.30 hs. Cancha de Defensores del Oeste<\/p>\n\n\n\n<p>\u00c1rbitro: Hern\u00e1n Collazo<\/p>\n\n\n\n<p><strong>Pe\u00f1arol (Paran\u00e1) \u2013 Uni\u00f3n (Crespo)<\/strong><\/p>\n\n\n\n<p>Domingo 11\/2 \u2013 18 hs. Cancha de Pe\u00f1arol<\/p>\n\n\n\n<p>\u00c1rbitro: Brian Godoy<\/p>\n\n\n\n<hr class=\"wp-block-separator has-alpha-channel-opacity\"\/>\n\n\n\n<p><em>Zona 4<\/em><\/p>\n\n\n\n<p><strong>Atl\u00e9tico Oro Verde \u2013 Cultural (Crespo)<\/strong><\/p>\n\n\n\n<p>Viernes 9\/2 \u2013 21.30 hs. Cancha de Atl\u00e9tico Oro Verde<\/p>\n\n\n\n<p>\u00c1rbitro: Lautaro Casta\u00f1ola<\/p>\n\n\n\n<p><strong>Deportivo Tabossi \u2013 Patronato (Paran\u00e1)<\/strong><\/p>\n\n\n\n<p>S\u00e1bado 10\/2 \u2013 17.30 hs. Cancha de Deportivo Tabossi<\/p>\n\n\n\n<p>\u00c1rbitro: Gualberto Ayala<\/p>\n\n\n\n<hr class=\"wp-block-separator has-alpha-channel-opacity\"\/>\n\n\n\n<p><em>Zona 5<\/em><\/p>\n\n\n\n<p><strong>Libertad (Gualeguay) \u2013 Gualeguay Central<\/strong><\/p>\n\n\n\n<p>Domingo 11\/2 \u2013 18 hs. Cancha de Libertad<\/p>\n\n\n\n<p>\u00c1rbitro: Edgard Couchot<\/p>\n\n\n\n<p><strong>Hurac\u00e1n (Victoria) \u2013 Roma (Ram\u00edrez)<\/strong><\/p>\n\n\n\n<p>Domingo 11\/2 \u2013 17.20 hs. Cancha de Hurac\u00e1n<\/p>\n\n\n\n<p>\u00c1rbitro: Renzo Pitassi<\/p>\n\n\n\n<hr class=\"wp-block-separator has-alpha-channel-opacity\"\/>\n\n\n\n<p><em>Zona 6<\/em><\/p>\n\n\n\n<p><strong>Atl\u00e9tico Maci\u00e1 \u2013 Sarmiento (Gualeguaych\u00fa)<\/strong><\/p>\n\n\n\n<p>S\u00e1bado 10\/2 \u2013 20 hs. Cancha de Atl\u00e9tico Maci\u00e1<\/p>\n\n\n\n<p>\u00c1rbitro: Iv\u00e1n Pastrana<\/p>\n\n\n\n<p><strong>Pe\u00f1arol (BB) \u2013 Sociedad Sportiva (Gualeguay)<\/strong><\/p>\n\n\n\n<p>Domingo 11\/2 \u2013 18 hs. Cancha de Pe\u00f1arol<\/p>\n\n\n\n<p>\u00c1rbitro: Nicol\u00e1s Vergara<\/p>\n\n\n\n<hr class=\"wp-block-separator has-alpha-channel-opacity\"\/>\n\n\n\n<p><em>Zona 7<\/em><\/p>\n\n\n\n<p><strong>San Jos\u00e9 \u2013 Uni\u00f3n y Recreo (San Justo)<\/strong><\/p>\n\n\n\n<p>Domingo 11\/2 \u2013 20.30 hs. Cancha de San Jos\u00e9<\/p>\n\n\n\n<p>\u00c1rbitro: Diego Antonietti<\/p>\n\n\n\n<p><strong>Lan\u00fas (CdU) \u2013 Deportivo Urdinarrain<\/strong><\/p>\n\n\n\n<p>S\u00e1bado 10\/2 \u2013 20 hs. Cancha de Rivadavia<\/p>\n\n\n\n<p>\u00c1rbitro: Brian Izaguirre<\/p>\n\n\n\n<hr class=\"wp-block-separator has-alpha-channel-opacity\"\/>\n\n\n\n<p><em>Zona 8<\/em><\/p>\n\n\n\n<p><strong>Central Entrerriano (Gch\u00fa.) \u2013 Atl\u00e9tico Basavilbaso<\/strong><\/p>\n\n\n\n<p>Domingo 11\/2 \u2013 17.30 hs. Cancha de Central Entrerriano<\/p>\n\n\n\n<p>\u00c1rbitro: Jorge Moreno<\/p>\n\n\n\n<p><strong>Rivadavia (CdU) \u2013 Juventud Urdinarrain&nbsp;<\/strong><\/p>\n\n\n\n<p>Domingo 11\/2 \u2013 20.30 hs. Cancha de Rivadavia<\/p>\n\n\n\n<p>\u00c1rbitro: Dar\u00edo Continetti<\/p>\n\n\n\n<hr class=\"wp-block-separator has-alpha-channel-opacity\"\/>\n\n\n\n<p><em>Zona 9<\/em><\/p>\n\n\n\n<p><strong>Mart\u00edn Fierro (Maci\u00e1) \u2013 Atl\u00e9tico Colonia El\u00eda<\/strong><\/p>\n\n\n\n<p>Domingo 11\/2 \u2013 20.30 hs. Cancha de Mart\u00edn Fierro<\/p>\n\n\n\n<p>\u00c1rbitro: Edgardo Teles<\/p>\n\n\n\n<p><strong>Gimnasia (CdU) \u2013 Deportivo San Marcial<\/strong><\/p>\n\n\n\n<p>Lunes 12\/2 \u2013 20 hs. Cancha de Gimnasia<\/p>\n\n\n\n<p>\u00c1rbitro: Ariel Guibaud<\/p>\n\n\n\n<hr class=\"wp-block-separator has-alpha-channel-opacity\"\/>\n\n\n\n<p><em>Zona 10<\/em><\/p>\n\n\n\n<p><strong>Libertad (Cdia.) \u2013 San Jorge (VE)<\/strong><\/p>\n\n\n\n<p>Domingo 11\/2 \u2013 20.30 hs. Cancha de Libertad<\/p>\n\n\n\n<p>\u00c1rbitro: Diego Guy<\/p>\n\n\n\n<p><strong>Independiente (VdR) \u2013 Colegiales (Cdia.)<\/strong><\/p>\n\n\n\n<p>Domingo 11\/2 \u2013 20.30 hs. Cancha de Independiente<\/p>\n\n\n\n<p>\u00c1rbitro: Ariel Godoy<\/p>\n\n\n\n<hr class=\"wp-block-separator has-alpha-channel-opacity\"\/>\n\n\n\n<p><em>Zona 11<\/em><\/p>\n\n\n\n<p><strong>Juventud Unida (GC) \u2013 Santa Mar\u00eda de Oro (Cdia.)<\/strong><\/p>\n\n\n\n<p>Domingo 11\/02 \u2013 18 hs. Cancha de Juventud Unida<\/p>\n\n\n\n<p>\u00c1rbitro: Alan Bourlot<\/p>\n\n\n\n<p><strong>Real Concordia \u2013 Almafuerte (Federaci\u00f3n)<\/strong><\/p>\n\n\n\n<p>S\u00e1bado 10\/2 \u2013 17 hs. Cancha de Victoria<\/p>\n\n\n\n<p>\u00c1rbitro: Carlos B\u00e1ez<\/p>\n\n\n\n<hr class=\"wp-block-separator has-alpha-channel-opacity\"\/>\n\n\n\n<p><em>Zona 12<\/em><\/p>\n\n\n\n<p><strong>Talleres (Federal) \u2013 Victoria (Cdia.)<\/strong><\/p>\n\n\n\n<p>S\u00e1bado 10\/2 \u2013 18 hs. Cancha de Las Flores<\/p>\n\n\n\n<p>\u00c1rbitro: Juan Leguiza<\/p>\n\n\n\n<p>Libre: Juventud (Feliciano)<\/p>\n\n\n\n<blockquote class=\"wp-block-quote is-layout-flow wp-block-quote-is-layout-flow\">\n<blockquote class=\"wp-block-quote is-layout-flow wp-block-quote-is-layout-flow\">\n<blockquote class=\"wp-block-quote is-layout-flow wp-block-quote-is-layout-flow\">\n<blockquote class=\"wp-block-quote is-layout-flow wp-block-quote-is-layout-flow\">\n<p><\/p>\n<cite>www federacionentrerriadefutbol.org.ar<\/cite><\/blockquote>\n<\/blockquote>\n<\/blockquote>\n<\/blockquote>\n\n\n\n<p><\/p>\n","protected":false},"excerpt":{"rendered":"<p>Este fin de semana se pondr\u00e1 en marcha la segunda rueda de la ronda clasificatoria&#8230;<\/p>\n","protected":false},"author":2,"featured_media":797,"comment_status":"open","ping_status":"open","sticky":false,"template":"","format":"standard","meta":{"footnotes":""},"categories":[36],"tags":[],"class_list":["post-795","post","type-post","status-publish","format-standard","has-post-thumbnail","hentry","category-futbol"],"featured_image_urls":{"full":["https:\/\/deportodos.com.ar\/2023\/wp-content\/uploads\/2024\/02\/IMG-20240209-WA0013-1.jpg",1015,641,false],"thumbnail":["https:\/\/deportodos.com.ar\/2023\/wp-content\/uploads\/2024\/02\/IMG-20240209-WA0013-1-150x150.jpg",150,150,true],"medium":["https:\/\/deportodos.com.ar\/2023\/wp-content\/uploads\/2024\/02\/IMG-20240209-WA0013-1-300x189.jpg",300,189,true],"medium_large":["https:\/\/deportodos.com.ar\/2023\/wp-content\/uploads\/2024\/02\/IMG-20240209-WA0013-1-768x485.jpg",640,404,true],"large":["https:\/\/deportodos.com.ar\/2023\/wp-content\/uploads\/2024\/02\/IMG-20240209-WA0013-1.jpg",640,404,false],"1536x1536":["https:\/\/deportodos.com.ar\/2023\/wp-content\/uploads\/2024\/02\/IMG-20240209-WA0013-1.jpg",1015,641,false],"2048x2048":["https:\/\/deportodos.com.ar\/2023\/wp-content\/uploads\/2024\/02\/IMG-20240209-WA0013-1.jpg",1015,641,false],"covernews-featured":["https:\/\/deportodos.com.ar\/2023\/wp-content\/uploads\/2024\/02\/IMG-20240209-WA0013-1.jpg",1015,641,false],"covernews-medium":["https:\/\/deportodos.com.ar\/2023\/wp-content\/uploads\/2024\/02\/IMG-20240209-WA0013-1-540x340.jpg",540,340,true]},"author_info":{"display_name":"c2530142","author_link":"https:\/\/deportodos.com.ar\/2023\/author\/c2530142\/"},"category_info":"<a href=\"https:\/\/deportodos.com.ar\/2023\/category\/futbol\/\" rel=\"category tag\">Futbol<\/a>","tag_info":"Futbol","comment_count":"0","_links":{"self":[{"href":"https:\/\/deportodos.com.ar\/2023\/wp-json\/wp\/v2\/posts\/795","targetHints":{"allow":["GET"]}}],"collection":[{"href":"https:\/\/deportodos.com.ar\/2023\/wp-json\/wp\/v2\/posts"}],"about":[{"href":"https:\/\/deportodos.com.ar\/2023\/wp-json\/wp\/v2\/types\/post"}],"author":[{"embeddable":true,"href":"https:\/\/deportodos.com.ar\/2023\/wp-json\/wp\/v2\/users\/2"}],"replies":[{"embeddable":true,"href":"https:\/\/deportodos.com.ar\/2023\/wp-json\/wp\/v2\/comments?post=795"}],"version-history":[{"count":1,"href":"https:\/\/deportodos.com.ar\/2023\/wp-json\/wp\/v2\/posts\/795\/revisions"}],"predecessor-version":[{"id":798,"href":"https:\/\/deportodos.com.ar\/2023\/wp-json\/wp\/v2\/posts\/795\/revisions\/798"}],"wp:featuredmedia":[{"embeddable":true,"href":"https:\/\/deportodos.com.ar\/2023\/wp-json\/wp\/v2\/media\/797"}],"wp:attachment":[{"href":"https:\/\/deportodos.com.ar\/2023\/wp-json\/wp\/v2\/media?parent=795"}],"wp:term":[{"taxonomy":"category","embeddable":true,"href":"https:\/\/deportodos.com.ar\/2023\/wp-json\/wp\/v2\/categories?post=795"},{"taxonomy":"post_tag","embeddable":true,"href":"https:\/\/deportodos.com.ar\/2023\/wp-json\/wp\/v2\/tags?post=795"}],"curies":[{"name":"wp","href":"https:\/\/api.w.org\/{rel}","templated":true}]}}