{"id":811,"date":"2024-02-10T22:33:52","date_gmt":"2024-02-10T22:33:52","guid":{"rendered":"https:\/\/deportodos.com.ar\/2023\/?p=811"},"modified":"2024-02-10T22:33:53","modified_gmt":"2024-02-10T22:33:53","slug":"federacion-automovilistica-entrerriana","status":"publish","type":"post","link":"https:\/\/deportodos.com.ar\/2023\/federacion-automovilistica-entrerriana\/","title":{"rendered":"FEDERACION AUTOMOVILISTICA ENTRERRIANA"},"content":{"rendered":"\n<p>Como estaba previsto, se realiz\u00f3 en dependencias del aut\u00f3dromo de C. del Uruguay, la reuni\u00f3n convocada por esta Federaci\u00f3n a efectos de confeccionar el Calendario Oficial FAE 2024 de las categor\u00edas afiliadas.<br>Presidi\u00f3 la reuni\u00f3n el titular de FAE, Edgardo Stettler, acompa\u00f1ado por el vicepresidente de FAE, Gast\u00f3n Fornasari y el tesorero de la entidad, Oscar Elena.<br>En la oportunidad, se acord\u00f3 establecer el costo de la LICENCIA DEPORTIVA FAE en $ 2.500.- por carrera hasta el 30 de junio de 2024, para disponer, a partir del 1 de julio de 2024, un ajuste si as\u00ed se considera necesario por cuestiones inflacionarias que as\u00ed lo exijan.<br>A continuaci\u00f3n, se procedi\u00f3 a la confecci\u00f3n del CALENDARIO OFICIAL 2024 con la presencia de directivos que representaron a las categor\u00edas T.C. del Litoral, Citroen Competici\u00f3n, SP 1000 NG, F3 Entrerriana, Competici\u00f3n Especial E., T.C. 850, K\u00e1rting Entrerriano, K\u00e1rting Asfalto Gch\u00fa, Rally Entrerriano, F\u00f3rmula Renault Entrerriana, F5 Entrerriana, T.C. Pista Entrerriano y Turismo Std. Mejorado.<\/p>\n\n\n\n<p>ENTRERRIANA (FAE)<br>CALENDARIO OFICIAL 2024<\/p>\n\n\n\n<p>RALLY ENTRERRIANO<br>17 de marzo Estancia Grande<br>21 de abril A designar<br>26 de mayo A designar<br>30 de junio A designar<br>04 de agosto A designar<br>08 de setiembre A designar<br>13 de octubre A designar<br>24 de noviembre A designar (Coronaci\u00f3n)<\/p>\n\n\n\n<p>SP 1000 NG &#8211; F. Renault E. &#8211; Tur.Std. Mejorado<br>03 de marzo Paran\u00e1<br>14 de abril C. del Uruguay<br>19 de Mayo A designar<br>16 de junio A designar<br>21 de julio A designar<br>18 de agosto A designar<br>22 de agosto A designar<br>27 de octubre A designar<br>24 de noviembre A designar<\/p>\n\n\n\n<p>T.C. 850<br>03 de marzo Paran\u00e1<br>14 de abril C. del Uruguay<br>\u2014&#8212;&#8212;&#8211;<br>24 de noviembre A confirmar (Coronaci\u00f3n)<br>Resto de competencias a confirmar con otras categor\u00edas.<\/p>\n\n\n\n<p>TC DEL LITORAL &#8211; CITROEN COMPETICION<br>07 de abril<br>05 de mayo<br>09 de junio<br>14 de julio<br>18 de agosto<br>15 de setiembre<br>03 de noviembre<br>01 de diciembre (Coronaci\u00f3n)<br>En principio, todas las competencias en el aut\u00f3dromo de Gualeguaych\u00fa.<\/p>\n\n\n\n<p>F3 ENTRERRIANA<br>10 de marzo C. del Uruguay<br>14 de abril C. del Uruguay<br>12 de mayo A designar<br>16 de junio C. del Uruguay<br>11 de agosto A designar<br>22 de setiembre A designar<br>27 de octubre A designar<br>24 de noviembre A designar<\/p>\n\n\n\n<p>COMP. ESPECIAL E. &#8211; F5 ENTRERR.-T.C. PISTA E.<br>10 de marzo C. del Uruguay<br>07 de abril C. del Uruguay<br>12 de mayo A designar<br>16 de junio C. del Uruguay<br>07 de julio C. Del Uruguay<br>11 de agosto A designar<br>15 de setiembre C. del Uruguay<br>13 de octubre C del Uruguay<br>17 de noviembre C. del Uruguay (Coronacion)<\/p>\n\n\n\n<p>KARTING ENTRERRIANO<br>17 de marzo Gualeguay<br>21 de abril La Paz<br>26 de mayo A designar<br>23 de junio A designar<br>21 de julio A designar<br>25 de agosto A designar<br>22 de setiembre A designar<br>27 de octubre A designar<br>24 de noviembre A designar (Coronaci\u00f3n)<\/p>\n\n\n\n<p>KARTING ASFALTO GCH\u00da.<br>31 de marzo<br>28 de abril<br>02 de junio<br>30 de junio<br>28 de julio<br>08 de setiembre<br>06 de octubre<br>17 de noviembre<br>08 de diciembre<br>Todas las competencias en el kart\u00f3dromo de Gch\u00fa.<\/p>\n\n\n\n<p>IMPORTANTE:<br>Las categor\u00edas restantes, Karting Chajar\u00ed, Karting La Morena, Karting Aut. Cdia., ir\u00e1n confirmando su calendario respetando siempre la prioridad de las fechas asignadas en el Calendario Oficial.<\/p>\n","protected":false},"excerpt":{"rendered":"<p>Como estaba previsto, se realiz\u00f3 en dependencias del aut\u00f3dromo de C. del Uruguay, la reuni\u00f3n&#8230;<\/p>\n","protected":false},"author":2,"featured_media":812,"comment_status":"open","ping_status":"open","sticky":false,"template":"","format":"standard","meta":{"footnotes":""},"categories":[6],"tags":[],"class_list":["post-811","post","type-post","status-publish","format-standard","has-post-thumbnail","hentry","category-automovilismo"],"featured_image_urls":{"full":["https:\/\/deportodos.com.ar\/2023\/wp-content\/uploads\/2024\/02\/FB_IMG_1707603771060.jpg",320,317,false],"thumbnail":["https:\/\/deportodos.com.ar\/2023\/wp-content\/uploads\/2024\/02\/FB_IMG_1707603771060-150x150.jpg",150,150,true],"medium":["https:\/\/deportodos.com.ar\/2023\/wp-content\/uploads\/2024\/02\/FB_IMG_1707603771060-300x297.jpg",300,297,true],"medium_large":["https:\/\/deportodos.com.ar\/2023\/wp-content\/uploads\/2024\/02\/FB_IMG_1707603771060.jpg",320,317,false],"large":["https:\/\/deportodos.com.ar\/2023\/wp-content\/uploads\/2024\/02\/FB_IMG_1707603771060.jpg",320,317,false],"1536x1536":["https:\/\/deportodos.com.ar\/2023\/wp-content\/uploads\/2024\/02\/FB_IMG_1707603771060.jpg",320,317,false],"2048x2048":["https:\/\/deportodos.com.ar\/2023\/wp-content\/uploads\/2024\/02\/FB_IMG_1707603771060.jpg",320,317,false],"covernews-featured":["https:\/\/deportodos.com.ar\/2023\/wp-content\/uploads\/2024\/02\/FB_IMG_1707603771060.jpg",320,317,false],"covernews-medium":["https:\/\/deportodos.com.ar\/2023\/wp-content\/uploads\/2024\/02\/FB_IMG_1707603771060.jpg",320,317,false]},"author_info":{"display_name":"c2530142","author_link":"https:\/\/deportodos.com.ar\/2023\/author\/c2530142\/"},"category_info":"<a href=\"https:\/\/deportodos.com.ar\/2023\/category\/automovilismo\/\" rel=\"category tag\">Automovilismo<\/a>","tag_info":"Automovilismo","comment_count":"0","_links":{"self":[{"href":"https:\/\/deportodos.com.ar\/2023\/wp-json\/wp\/v2\/posts\/811","targetHints":{"allow":["GET"]}}],"collection":[{"href":"https:\/\/deportodos.com.ar\/2023\/wp-json\/wp\/v2\/posts"}],"about":[{"href":"https:\/\/deportodos.com.ar\/2023\/wp-json\/wp\/v2\/types\/post"}],"author":[{"embeddable":true,"href":"https:\/\/deportodos.com.ar\/2023\/wp-json\/wp\/v2\/users\/2"}],"replies":[{"embeddable":true,"href":"https:\/\/deportodos.com.ar\/2023\/wp-json\/wp\/v2\/comments?post=811"}],"version-history":[{"count":1,"href":"https:\/\/deportodos.com.ar\/2023\/wp-json\/wp\/v2\/posts\/811\/revisions"}],"predecessor-version":[{"id":813,"href":"https:\/\/deportodos.com.ar\/2023\/wp-json\/wp\/v2\/posts\/811\/revisions\/813"}],"wp:featuredmedia":[{"embeddable":true,"href":"https:\/\/deportodos.com.ar\/2023\/wp-json\/wp\/v2\/media\/812"}],"wp:attachment":[{"href":"https:\/\/deportodos.com.ar\/2023\/wp-json\/wp\/v2\/media?parent=811"}],"wp:term":[{"taxonomy":"category","embeddable":true,"href":"https:\/\/deportodos.com.ar\/2023\/wp-json\/wp\/v2\/categories?post=811"},{"taxonomy":"post_tag","embeddable":true,"href":"https:\/\/deportodos.com.ar\/2023\/wp-json\/wp\/v2\/tags?post=811"}],"curies":[{"name":"wp","href":"https:\/\/api.w.org\/{rel}","templated":true}]}}