{"id":817,"date":"2024-02-12T02:07:22","date_gmt":"2024-02-12T02:07:22","guid":{"rendered":"https:\/\/deportodos.com.ar\/2023\/?p=817"},"modified":"2024-02-12T02:07:32","modified_gmt":"2024-02-12T02:07:32","slug":"el-villaguayense-gruiffrey-repitio-el-exito-en-la-plata","status":"publish","type":"post","link":"https:\/\/deportodos.com.ar\/2023\/el-villaguayense-gruiffrey-repitio-el-exito-en-la-plata\/","title":{"rendered":"EL VILLAGUAYENSE GRUIFFREY REPITIO EL \u00c9XITO EN LA PLATA"},"content":{"rendered":"\n<p>Este domingo se llev\u00f3 a cabo la segunda carrera de la temporada del TC Pista Mouras. En el aut\u00f3dromo Roberto Mouras de La Plata, los pilotos de la categor\u00eda formativa de la Asociaci\u00f3n de Corredores del Turismo Carretera (ACTC) se midieron para determinar al segundo ganador del a\u00f1o.<\/p>\n\n\n\n<p>Pero no hubo nuevo ganador, ya que venci\u00f3 el mismo que lo hizo en la primera fecha: el villaguayense Juan Pablo Guiffrey. A bordo de su Torino, el entrerriano que parti\u00f3 desde el cuarto lugar aprovech\u00f3 una escaramuza entre el ramirense Manuel Borgert y Alan Cifre para saltar al primer lugar.<\/p>\n\n\n\n<p>De ah\u00ed en m\u00e1s jam\u00e1s solt\u00f3 el primer puesto y se qued\u00f3 con la victoria luego de 23 minutos, un segundo y 530 mil\u00e9simas de competencia. Detr\u00e1s quedaron el Dodge de Lucas Bohdanowicz y el Ford de Leandro Gonz\u00e1lez, que completaron el podio multimarcas.<\/p>\n\n\n\n<p>El duelo con Cifre le cost\u00f3 caro al ramirense Manuel Borgert, que acab\u00f3 llegando en el sexto lugar en un fin de semana en el que se impuso en la clasificaci\u00f3n y en una de las series. Esto adem\u00e1s lo penaliz\u00f3 en el campeonato, donde perdi\u00f3 algunas posiciones.<\/p>\n\n\n\n<p>El l\u00edder es Guiffrey, que suma 89,5 puntos luego de dos fechas. Lo siguen Cifre y Bohdanowicz con 78 y 77 puntos, respectivamente. Reci\u00e9n en el cuarto lugar aparece Borgert, que tiene 76,5 unidades.<\/p>\n\n\n\n<p>El campeonato continuar\u00e1 el fin de semana del 3 de marzo, nuevamente en el aut\u00f3dromo Roberto Mouras de La Plata.<\/p>\n\n\n\n<p><strong>Resultados &#8211; TC Pista Mouras &#8211; Fecha 2 (en La Plata)<\/strong><br><strong>1\u00b0) Juan Guiffrey (Torino): 23\u20191\u201d530\/1000.<\/strong><br>2\u00b0) Lucas Bohdanowicz (Dodge): a 316\/1000.<br>3\u00b0) Leandro Gonz\u00e1lez (Ford): a 18\u201d266\/1000.<br>4\u00b0) Alan Cifre (Ford): a 18\u201d872\/1000.<br>5\u00b0) Lucas Barbalarga (Ford): a 21\u201d417\/1000.<br><strong>6\u00b0) Manuel Borgert (Ford): a 26\u201d649\/1000.<\/strong><\/p>\n\n\n\n<p><strong>Campeonato &#8211; TC Pista Mouras<\/strong><br><strong>1\u00b0) Juan Guiffrey (Torino): 89,5 puntos.<\/strong><br>2\u00b0) Alan Cifre (Ford): 78.<br>3\u00b0) Lucas Bohdanowicz (Dodge): 77.<br><strong>4\u00b0) Manuel Borgert (Ford): 76,5.<\/strong><br>5\u00b0) Leandro Gonz\u00e1lez (Ford): 71,5.<\/p>\n\n\n\n<blockquote class=\"wp-block-quote is-layout-flow wp-block-quote-is-layout-flow\">\n<p><\/p>\n<cite>www.analisisdigital.com.ar<\/cite><\/blockquote>\n","protected":false},"excerpt":{"rendered":"<p>Este domingo se llev\u00f3 a cabo la segunda carrera de la temporada del TC Pista&#8230;<\/p>\n","protected":false},"author":2,"featured_media":818,"comment_status":"open","ping_status":"open","sticky":false,"template":"","format":"standard","meta":{"footnotes":""},"categories":[6],"tags":[],"class_list":["post-817","post","type-post","status-publish","format-standard","has-post-thumbnail","hentry","category-automovilismo"],"featured_image_urls":{"full":["https:\/\/deportodos.com.ar\/2023\/wp-content\/uploads\/2024\/02\/juan_guiffrey_0.jpg",450,300,false],"thumbnail":["https:\/\/deportodos.com.ar\/2023\/wp-content\/uploads\/2024\/02\/juan_guiffrey_0-150x150.jpg",150,150,true],"medium":["https:\/\/deportodos.com.ar\/2023\/wp-content\/uploads\/2024\/02\/juan_guiffrey_0-300x200.jpg",300,200,true],"medium_large":["https:\/\/deportodos.com.ar\/2023\/wp-content\/uploads\/2024\/02\/juan_guiffrey_0.jpg",450,300,false],"large":["https:\/\/deportodos.com.ar\/2023\/wp-content\/uploads\/2024\/02\/juan_guiffrey_0.jpg",450,300,false],"1536x1536":["https:\/\/deportodos.com.ar\/2023\/wp-content\/uploads\/2024\/02\/juan_guiffrey_0.jpg",450,300,false],"2048x2048":["https:\/\/deportodos.com.ar\/2023\/wp-content\/uploads\/2024\/02\/juan_guiffrey_0.jpg",450,300,false],"covernews-featured":["https:\/\/deportodos.com.ar\/2023\/wp-content\/uploads\/2024\/02\/juan_guiffrey_0.jpg",450,300,false],"covernews-medium":["https:\/\/deportodos.com.ar\/2023\/wp-content\/uploads\/2024\/02\/juan_guiffrey_0.jpg",450,300,false]},"author_info":{"display_name":"c2530142","author_link":"https:\/\/deportodos.com.ar\/2023\/author\/c2530142\/"},"category_info":"<a href=\"https:\/\/deportodos.com.ar\/2023\/category\/automovilismo\/\" rel=\"category tag\">Automovilismo<\/a>","tag_info":"Automovilismo","comment_count":"0","_links":{"self":[{"href":"https:\/\/deportodos.com.ar\/2023\/wp-json\/wp\/v2\/posts\/817","targetHints":{"allow":["GET"]}}],"collection":[{"href":"https:\/\/deportodos.com.ar\/2023\/wp-json\/wp\/v2\/posts"}],"about":[{"href":"https:\/\/deportodos.com.ar\/2023\/wp-json\/wp\/v2\/types\/post"}],"author":[{"embeddable":true,"href":"https:\/\/deportodos.com.ar\/2023\/wp-json\/wp\/v2\/users\/2"}],"replies":[{"embeddable":true,"href":"https:\/\/deportodos.com.ar\/2023\/wp-json\/wp\/v2\/comments?post=817"}],"version-history":[{"count":1,"href":"https:\/\/deportodos.com.ar\/2023\/wp-json\/wp\/v2\/posts\/817\/revisions"}],"predecessor-version":[{"id":819,"href":"https:\/\/deportodos.com.ar\/2023\/wp-json\/wp\/v2\/posts\/817\/revisions\/819"}],"wp:featuredmedia":[{"embeddable":true,"href":"https:\/\/deportodos.com.ar\/2023\/wp-json\/wp\/v2\/media\/818"}],"wp:attachment":[{"href":"https:\/\/deportodos.com.ar\/2023\/wp-json\/wp\/v2\/media?parent=817"}],"wp:term":[{"taxonomy":"category","embeddable":true,"href":"https:\/\/deportodos.com.ar\/2023\/wp-json\/wp\/v2\/categories?post=817"},{"taxonomy":"post_tag","embeddable":true,"href":"https:\/\/deportodos.com.ar\/2023\/wp-json\/wp\/v2\/tags?post=817"}],"curies":[{"name":"wp","href":"https:\/\/api.w.org\/{rel}","templated":true}]}}