{"id":847,"date":"2024-02-18T20:27:04","date_gmt":"2024-02-18T20:27:04","guid":{"rendered":"https:\/\/deportodos.com.ar\/2023\/?p=847"},"modified":"2024-02-18T20:29:14","modified_gmt":"2024-02-18T20:29:14","slug":"santa-maria-de-oro-grito-campeon-en-la-copa-entre-rios-femenina","status":"publish","type":"post","link":"https:\/\/deportodos.com.ar\/2023\/santa-maria-de-oro-grito-campeon-en-la-copa-entre-rios-femenina\/","title":{"rendered":"SANTA MAR\u00cdA DE ORO GRITO CAMPE\u00d3N EN LA COPA ENTRE R\u00cdOS FEMENINA"},"content":{"rendered":"\n<p><em><strong>En el estadio 25 de Agosto, Santa Mar\u00eda de Oro venci\u00f3 4 a 1 a Uni\u00f3n de Crespo en el juego revancha de la serie final y se qued\u00f3 con la Copa Entre R\u00edos de f\u00fatbol femenino por primera vez en su historia.<\/strong><\/em><\/p>\n\n\n\n<p>En el encuentro de ida, disputado hace dos semanas en la Capital del Citrus, las albiazules se hab\u00edan impuesto por un categ\u00f3rico 5 a 0. Por lo tanto, las Santas cerraron un inobjetable global de 9 a 1.<\/p>\n\n\n\n<p>En un juego donde las locales salieron decididas a descontar r\u00e1pidamente, encontraron la apertura del marcador cuando se jugaban 27 minutos a trav\u00e9s de Diana D\u00edaz. Sin embargo, una docena de minutos m\u00e1s tarde, Florencia Mesitrano igual\u00f3 las acciones poniendo el 1 a 1 con el que se fueron al descanso.<\/p>\n\n\n\n<p>En el complemento, las concordienses hicieron pie y se aprovecharon de los espacios generados por las locales. A los 27, F\u00e1tima Areguat\u00ed sentenci\u00f3 las ilusiones crespenses. M\u00e1s tarde, Mar\u00eda Escobar y Guadalupe Ortoswki sellaron el marcador, d\u00e1ndole el merecido t\u00edtulo a las albiazules.<\/p>\n\n\n\n<p>De esta manera, las dirigidas por Oscar Rodr\u00edguez rompieron con el \u201cmaleficio\u201d e hicieron honor al refr\u00e1n que reza \u201cla tercera es la vencida\u201d, ya que lograron quedarse con el t\u00edtulo provincial tras haber disputado dos finales con anterioridad.<\/p>\n\n\n\n<p>P\u00e1rrafo aparte tambi\u00e9n para la Liga Concordiense de F\u00fatbol que, en cuatro de las cinco finales, tuvo un representante liguista.<\/p>\n\n\n\n<p>Fuente y Fotos: Prensa FEF<\/p>\n","protected":false},"excerpt":{"rendered":"<p>En el estadio 25 de Agosto, Santa Mar\u00eda de Oro venci\u00f3 4 a 1 a&#8230;<\/p>\n","protected":false},"author":2,"featured_media":850,"comment_status":"open","ping_status":"open","sticky":false,"template":"","format":"standard","meta":{"footnotes":""},"categories":[36],"tags":[],"class_list":["post-847","post","type-post","status-publish","format-standard","has-post-thumbnail","hentry","category-futbol"],"featured_image_urls":{"full":["https:\/\/deportodos.com.ar\/2023\/wp-content\/uploads\/2024\/02\/FB_IMG_1708288126753.jpg",1080,1080,false],"thumbnail":["https:\/\/deportodos.com.ar\/2023\/wp-content\/uploads\/2024\/02\/FB_IMG_1708288126753-150x150.jpg",150,150,true],"medium":["https:\/\/deportodos.com.ar\/2023\/wp-content\/uploads\/2024\/02\/FB_IMG_1708288126753-300x300.jpg",300,300,true],"medium_large":["https:\/\/deportodos.com.ar\/2023\/wp-content\/uploads\/2024\/02\/FB_IMG_1708288126753-768x768.jpg",640,640,true],"large":["https:\/\/deportodos.com.ar\/2023\/wp-content\/uploads\/2024\/02\/FB_IMG_1708288126753-1024x1024.jpg",640,640,true],"1536x1536":["https:\/\/deportodos.com.ar\/2023\/wp-content\/uploads\/2024\/02\/FB_IMG_1708288126753.jpg",1080,1080,false],"2048x2048":["https:\/\/deportodos.com.ar\/2023\/wp-content\/uploads\/2024\/02\/FB_IMG_1708288126753.jpg",1080,1080,false],"covernews-featured":["https:\/\/deportodos.com.ar\/2023\/wp-content\/uploads\/2024\/02\/FB_IMG_1708288126753-1024x1024.jpg",1024,1024,true],"covernews-medium":["https:\/\/deportodos.com.ar\/2023\/wp-content\/uploads\/2024\/02\/FB_IMG_1708288126753-540x340.jpg",540,340,true]},"author_info":{"display_name":"c2530142","author_link":"https:\/\/deportodos.com.ar\/2023\/author\/c2530142\/"},"category_info":"<a href=\"https:\/\/deportodos.com.ar\/2023\/category\/futbol\/\" rel=\"category tag\">Futbol<\/a>","tag_info":"Futbol","comment_count":"0","_links":{"self":[{"href":"https:\/\/deportodos.com.ar\/2023\/wp-json\/wp\/v2\/posts\/847","targetHints":{"allow":["GET"]}}],"collection":[{"href":"https:\/\/deportodos.com.ar\/2023\/wp-json\/wp\/v2\/posts"}],"about":[{"href":"https:\/\/deportodos.com.ar\/2023\/wp-json\/wp\/v2\/types\/post"}],"author":[{"embeddable":true,"href":"https:\/\/deportodos.com.ar\/2023\/wp-json\/wp\/v2\/users\/2"}],"replies":[{"embeddable":true,"href":"https:\/\/deportodos.com.ar\/2023\/wp-json\/wp\/v2\/comments?post=847"}],"version-history":[{"count":1,"href":"https:\/\/deportodos.com.ar\/2023\/wp-json\/wp\/v2\/posts\/847\/revisions"}],"predecessor-version":[{"id":849,"href":"https:\/\/deportodos.com.ar\/2023\/wp-json\/wp\/v2\/posts\/847\/revisions\/849"}],"wp:featuredmedia":[{"embeddable":true,"href":"https:\/\/deportodos.com.ar\/2023\/wp-json\/wp\/v2\/media\/850"}],"wp:attachment":[{"href":"https:\/\/deportodos.com.ar\/2023\/wp-json\/wp\/v2\/media?parent=847"}],"wp:term":[{"taxonomy":"category","embeddable":true,"href":"https:\/\/deportodos.com.ar\/2023\/wp-json\/wp\/v2\/categories?post=847"},{"taxonomy":"post_tag","embeddable":true,"href":"https:\/\/deportodos.com.ar\/2023\/wp-json\/wp\/v2\/tags?post=847"}],"curies":[{"name":"wp","href":"https:\/\/api.w.org\/{rel}","templated":true}]}}