{"id":851,"date":"2024-02-19T00:33:27","date_gmt":"2024-02-19T00:33:27","guid":{"rendered":"https:\/\/deportodos.com.ar\/2023\/?p=851"},"modified":"2024-02-19T03:13:14","modified_gmt":"2024-02-19T03:13:14","slug":"coltrinari-festejo-por-1a-vez-en-la-clase-2","status":"publish","type":"post","link":"https:\/\/deportodos.com.ar\/2023\/coltrinari-festejo-por-1a-vez-en-la-clase-2\/","title":{"rendered":"ARRANC\u00d3 EL TURISMO NACIONAL, EN LA CLASE 2 UN ENTRERRIANO SE SUBI\u00d3 AL PODIO"},"content":{"rendered":"\n<p>El representante de Gualeguaych\u00fa, Marco Veronesi que tuvo un fin de semana complicado en lo particular, deportivamente pudo redondear una muy buena actuaci\u00f3n en el arranque del calendario<\/p>\n\n\n\n<p>La 1\u00aa fecha del campeonato 2024 de la\u00a0<strong>Clase 2\u00a0<\/strong>de\u00a0<strong>Turismo Nacional\u00a0<\/strong>culmin\u00f3 con la victoria de\u00a0<strong>Francisco Coltrinari\u00a0<\/strong>(Peugeot 208), quien se impuso en el aut\u00f3dromo \u201cMar y Valle\u201d de\u00a0<strong>Trelew\u00a0<\/strong>luego de\u00a0largar desde la 10\u00aa posici\u00f3n en una entretenida carrera<strong>.\u00a0<\/strong>\u00a0El piloto del\u00a0<strong>Saturni Racing\u00a0<\/strong>alcanz\u00f3 as\u00ed su\u00a0<strong>1\u00aa victoria en su 4\u00aa Final disputada en la categor\u00eda<\/strong>. El salte\u00f1o de 24 a\u00f1os fue escoltado por\u00a0<strong>Juan Pablo Pastori<\/strong>\u00a0(Toyota Etios) y\u00a0<strong>Marco Veronesi<\/strong>\u00a0(Toyota Yaris).\u00a0<\/p>\n\n\n\n<p>\u201c<em>Ven\u00edamos funcionando muy bien. Ojal\u00e1 sea la primera victoria de muchas.<\/em><strong><em>&nbsp;Fue una carrera impresionante, cuid\u00e9 en las primeras vueltas, despu\u00e9s me enloquec\u00ed un poco y me tranquilizaron por la radio<\/em><\/strong><em>. Al final, vi que ten\u00eda m\u00e1s ritmo que los de adelante. El auto era un misil. Estamos firmes para lo que resta del campeonato<\/em>\u201d, cont\u00f3 Coltrinari en&nbsp;<strong>AM590 Continental y Campeones Radio.<\/strong><\/p>\n\n\n\n<p>Coltrinari\u00a0<strong>hab\u00eda debutado el a\u00f1o pasado en Buenos Aires con una \u201cpole position<\/strong>\u201d y, como todos sus colegas, se qued\u00f3 con las ganas de correr porque la lluvia oblig\u00f3 a suspender la Final. En su segunda carrera en la Clase lleg\u00f3\u00a0<strong>2\u00ba en El Calafate<\/strong>\u00a0y r\u00e1pidamente tuvo revancha, tambi\u00e9n en la Patagonia, para convertirse en el\u00a0<strong>150\u00ba ganador en la historia de la divisi\u00f3n menor<\/strong>\u00a0del TN.<\/p>\n\n\n\n<p>Fue la&nbsp;<strong>4\u00aa victoria del Peugeot 208 en las \u00faltimas 6 Finales<\/strong>. Una fue de&nbsp;<strong>Thomas Pozner<\/strong>, con el mismo auto (la versi\u00f3n m\u00e1s nueva del modelo)&nbsp; que hoy maneja Coltrinari, y las otras dos, con&nbsp;<strong>Alejo Cravero&nbsp;<\/strong>(con la versi\u00f3n m\u00e1s antigua del 208). El cordob\u00e9s super\u00f3 al \u201cpoleman\u201d Veronesi en la 2\u00aa vuelta y parec\u00eda encaminarse a nuevo triunfo, pero una falla&nbsp;lo sac\u00f3 de la pelea y lo oblig\u00f3 a abandonar.<\/p>\n\n\n\n<p>A falta de giros para la bandera a cuadros, Veronesi recuper\u00f3 la punta pero el ganador 2022 en Trelew no pudo resistir el ataque de Coltrinari, quien aprovech\u00f3 al m\u00e1ximo la succi\u00f3n para dar cuenta del piloto de Gualeguaych\u00fa en el frenaje de la curva 1. El entrerriano tambi\u00e9n perdi\u00f3 el 2\u00ba lugar con&nbsp;<strong>Juan Pablo Pastori<\/strong>&nbsp;(Toyota Etios), quien sum\u00f3 su<strong>&nbsp;7\u00ba podio<\/strong>&nbsp;en la Clase 2; Veronesi, por su parte, lleg\u00f3 por&nbsp;<strong>5\u00aa vez en el \u201ctop 3\u201d<\/strong>&nbsp;de una Final.&nbsp;<\/p>\n\n\n\n<p><strong>Ramiro Cano<\/strong>&nbsp;(VW Gol Trend) consum\u00f3 su mejor fin de semana en la categor\u00eda con el 4\u00ba puesto, mientras que el campe\u00f3n&nbsp;<strong>Thiago Mart\u00ednez<\/strong>&nbsp;no pudo pelear por la victoria en su 1\u00aa carrera con el Toyota Etios pero sum\u00f3 buenos puntos al culminar en la 5\u00aa posici\u00f3n. Por su parte, el uruguayo&nbsp;<strong>Joaqu\u00edn Cafaro<\/strong>&nbsp;(Toyota Etios) termin\u00f3 11\u00ba y result\u00f3 el mejor de los 6 debutantes.<\/p>\n\n\n\n<p>La&nbsp;<strong>pr\u00f3xima fecha<\/strong>&nbsp;del Turismo Nacional se llevar\u00e1 a cabo del&nbsp;<strong>8 al 10 de marzo<\/strong>, en el aut\u00f3dromo de&nbsp;<strong>Paran\u00e1<\/strong>, provincia de Entre R\u00edos.&nbsp;<\/p>\n\n\n\n<h3 class=\"wp-block-heading\"><strong>TN CLASE 2 \u2013 FINAL \u2013 18 VUELTAS \u2013 TRELEW<\/strong><\/h3>\n\n\n\n<figure class=\"wp-block-table\"><table><tbody><tr><td><strong>POS.<\/strong><\/td><td><strong>PILOTO<\/strong><\/td><td><strong>AUTO<\/strong><\/td><td><strong>TPO.\/DIF.<\/strong><\/td><\/tr><tr><td>1\u00ba<\/td><td>COLTRINARI, FRANCISCO<\/td><td>208<\/td><td>26;42.526<\/td><\/tr><tr><td>2\u00ba<\/td><td>PASTORI, JUAN PABLO<\/td><td>ETIOS<\/td><td>0.936<\/td><\/tr><tr><td>3\u00ba<\/td><td>VERONESI, MARCO<\/td><td>YARIS<\/td><td>1.204<\/td><\/tr><tr><td>4\u00ba<\/td><td>CANO, RAMIRO<\/td><td>GOL<\/td><td>1.775<\/td><\/tr><tr><td>5\u00ba<\/td><td>MARTINEZ, THIAGO<\/td><td>ETIOS<\/td><td>3.713<\/td><\/tr><tr><td>6\u00ba<\/td><td>FERNANDEZ, MARCOS<\/td><td>MARCH<\/td><td>4.921<\/td><\/tr><tr><td>7\u00ba<\/td><td>ORTEGA, PABLO<\/td><td>GOL<\/td><td>5.660<\/td><\/tr><tr><td>8\u00ba<\/td><td>ROBLEDO, SANTIAGO<\/td><td>YARIS<\/td><td>5.958<\/td><\/tr><tr><td>9\u00ba<\/td><td>PEREZ , SEBASTIAN<\/td><td>ETIOS<\/td><td>6.160<\/td><\/tr><tr><td>10\u00ba<\/td><td>BEITIA, I\u00d1AKI<\/td><td>YARIS<\/td><td>6.161<\/td><\/tr><tr><td>11\u00ba<\/td><td>CAFARO, JOAQUIN<\/td><td>ETIOS<\/td><td>6.473<\/td><\/tr><tr><td>12\u00ba<\/td><td>GRIPPO, PEDRO<\/td><td>ETIOS<\/td><td>12.476<\/td><\/tr><tr><td>13\u00ba<\/td><td>BESTANI, MAXIMILIANO<\/td><td>GOL<\/td><td>13.402<\/td><\/tr><tr><td>14\u00ba<\/td><td>ANTOLIN, GONZALO<\/td><td>208<\/td><td>14.285<\/td><\/tr><tr><td>15\u00ba<\/td><td>VAIRA, CRISTIAN<\/td><td>MARCH<\/td><td>24.200<\/td><\/tr><tr><td>16\u00ba<\/td><td>RICCIOTTI, JOAQUIN<\/td><td>GOL<\/td><td>24.442<\/td><\/tr><tr><td>17\u00ba<\/td><td>TILLITU, GUILLERMO<\/td><td>SANDERO<\/td><td>24.593<\/td><\/tr><tr><td>18\u00ba<\/td><td>SCORDIA, GABRIEL<\/td><td>FIESTA<\/td><td>27.987<\/td><\/tr><tr><td>19\u00ba<\/td><td>ARAMBURU, TOMAS<\/td><td>FIESTA<\/td><td>32.826<\/td><\/tr><tr><td>20\u00ba<\/td><td>PETRACCHINI, LUCAS<\/td><td>ETIOS<\/td><td>33.379<\/td><\/tr><tr><td>21\u00ba<\/td><td>SALA, MARIANO<\/td><td>ETIOS<\/td><td>33.864<\/td><\/tr><tr><td>22\u00ba<\/td><td>GUEVARA, MARCELO<\/td><td>ETIOS<\/td><td>34.479<\/td><\/tr><tr><td>23\u00ba<\/td><td>DIANDA, MARCO<\/td><td>FIESTA<\/td><td>34.746<\/td><\/tr><tr><td>24\u00ba<\/td><td>FERNANDEZ, AARON<\/td><td>MARCH<\/td><td>38.460<\/td><\/tr><tr><td>25\u00ba<\/td><td>BATTINI , ELIAS<\/td><td>YARIS<\/td><td>42.071<\/td><\/tr><tr><td>26\u00ba<\/td><td>CALDERON, ANDRES<\/td><td>ETIOS<\/td><td>1;16.482<\/td><\/tr><tr><td>27\u00ba<\/td><td>CANTELI, LUCAS<\/td><td>FIESTA<\/td><td>1;57.396<\/td><\/tr><tr><td>28\u00ba<\/td><td>URQUIZA, EMILIANO<\/td><td>ETIOS<\/td><td>3;56.259<\/td><\/tr><tr><td>29\u00ba<\/td><td>CRAVERO, ALEJO<\/td><td>208<\/td><td>1 VTA<\/td><\/tr><tr><td>30\u00ba<\/td><td>MARTINEZ, ALEJANDRO<\/td><td>FIESTA<\/td><td>3 VTAS<\/td><\/tr><tr><td>31\u00ba<\/td><td>CASAIS, DIEGO<\/td><td>208<\/td><td>5 VTAS<\/td><\/tr><tr><td>32\u00ba<\/td><td>BALERINI, SANTINO<\/td><td>208<\/td><td>6 VTAS<\/td><\/tr><tr><td>33\u00ba<\/td><td>D\u2019 AMICO, ANDRES<\/td><td>YARIS<\/td><td>7 VTAS<\/td><\/tr><tr><td>34\u00ba<\/td><td>LEPPHAILLE, JULIAN<\/td><td>208<\/td><td>8 VTAS<\/td><\/tr><tr><td>35\u00ba<\/td><td>CHAS, MATIAS<\/td><td>MARCH<\/td><td>8 VTAS<\/td><\/tr><tr><td>36\u00ba<\/td><td>ELUCHANS, JUAN MARTIN<\/td><td>YARIS<\/td><td>9 VTAS<\/td><\/tr><tr><td>37\u00ba<\/td><td>PACE, BRUNO<\/td><td>ETIOS<\/td><td>10 VTAS<\/td><\/tr><tr><td>38\u00ba<\/td><td>DAMIANI, BAUTISTA<\/td><td>YARIS<\/td><td>10 VTAS<\/td><\/tr><tr><td>39\u00ba<\/td><td>COSTA SANCHEZ, DANIEL<\/td><td>ONIX<\/td><td>11 VTAS<\/td><\/tr><tr><td>40\u00ba<\/td><td>LUQUES, FEDERICO<\/td><td>MARCH<\/td><td>14 VTAS<\/td><\/tr><tr><td>41\u00ba<\/td><td>DAMIANI, JUAN MANUEL<\/td><td>YARIS<\/td><td>15 VTAS<\/td><\/tr><tr><td>42\u00ba<\/td><td>BLASIG, MARTIN<\/td><td>208<\/td><td>17 VTAS<\/td><\/tr><tr><td>43\u00ba<\/td><td>TORRISI, ALEJANDRO<\/td><td>MARCH<\/td><td>17 VTAS<\/td><\/tr><\/tbody><\/table><\/figure>\n","protected":false},"excerpt":{"rendered":"<p>El representante de Gualeguaych\u00fa, Marco Veronesi que tuvo un fin de semana complicado en lo&#8230;<\/p>\n","protected":false},"author":2,"featured_media":857,"comment_status":"open","ping_status":"open","sticky":false,"template":"","format":"standard","meta":{"footnotes":""},"categories":[6],"tags":[],"class_list":["post-851","post","type-post","status-publish","format-standard","has-post-thumbnail","hentry","category-automovilismo"],"featured_image_urls":{"full":["https:\/\/deportodos.com.ar\/2023\/wp-content\/uploads\/2024\/02\/podio_clase_2_3.jpg",450,300,false],"thumbnail":["https:\/\/deportodos.com.ar\/2023\/wp-content\/uploads\/2024\/02\/podio_clase_2_3-150x150.jpg",150,150,true],"medium":["https:\/\/deportodos.com.ar\/2023\/wp-content\/uploads\/2024\/02\/podio_clase_2_3-300x200.jpg",300,200,true],"medium_large":["https:\/\/deportodos.com.ar\/2023\/wp-content\/uploads\/2024\/02\/podio_clase_2_3.jpg",450,300,false],"large":["https:\/\/deportodos.com.ar\/2023\/wp-content\/uploads\/2024\/02\/podio_clase_2_3.jpg",450,300,false],"1536x1536":["https:\/\/deportodos.com.ar\/2023\/wp-content\/uploads\/2024\/02\/podio_clase_2_3.jpg",450,300,false],"2048x2048":["https:\/\/deportodos.com.ar\/2023\/wp-content\/uploads\/2024\/02\/podio_clase_2_3.jpg",450,300,false],"covernews-featured":["https:\/\/deportodos.com.ar\/2023\/wp-content\/uploads\/2024\/02\/podio_clase_2_3.jpg",450,300,false],"covernews-medium":["https:\/\/deportodos.com.ar\/2023\/wp-content\/uploads\/2024\/02\/podio_clase_2_3.jpg",450,300,false]},"author_info":{"display_name":"c2530142","author_link":"https:\/\/deportodos.com.ar\/2023\/author\/c2530142\/"},"category_info":"<a href=\"https:\/\/deportodos.com.ar\/2023\/category\/automovilismo\/\" rel=\"category tag\">Automovilismo<\/a>","tag_info":"Automovilismo","comment_count":"0","_links":{"self":[{"href":"https:\/\/deportodos.com.ar\/2023\/wp-json\/wp\/v2\/posts\/851","targetHints":{"allow":["GET"]}}],"collection":[{"href":"https:\/\/deportodos.com.ar\/2023\/wp-json\/wp\/v2\/posts"}],"about":[{"href":"https:\/\/deportodos.com.ar\/2023\/wp-json\/wp\/v2\/types\/post"}],"author":[{"embeddable":true,"href":"https:\/\/deportodos.com.ar\/2023\/wp-json\/wp\/v2\/users\/2"}],"replies":[{"embeddable":true,"href":"https:\/\/deportodos.com.ar\/2023\/wp-json\/wp\/v2\/comments?post=851"}],"version-history":[{"count":2,"href":"https:\/\/deportodos.com.ar\/2023\/wp-json\/wp\/v2\/posts\/851\/revisions"}],"predecessor-version":[{"id":855,"href":"https:\/\/deportodos.com.ar\/2023\/wp-json\/wp\/v2\/posts\/851\/revisions\/855"}],"wp:featuredmedia":[{"embeddable":true,"href":"https:\/\/deportodos.com.ar\/2023\/wp-json\/wp\/v2\/media\/857"}],"wp:attachment":[{"href":"https:\/\/deportodos.com.ar\/2023\/wp-json\/wp\/v2\/media?parent=851"}],"wp:term":[{"taxonomy":"category","embeddable":true,"href":"https:\/\/deportodos.com.ar\/2023\/wp-json\/wp\/v2\/categories?post=851"},{"taxonomy":"post_tag","embeddable":true,"href":"https:\/\/deportodos.com.ar\/2023\/wp-json\/wp\/v2\/tags?post=851"}],"curies":[{"name":"wp","href":"https:\/\/api.w.org\/{rel}","templated":true}]}}