{"id":873,"date":"2024-02-22T21:45:32","date_gmt":"2024-02-22T21:45:32","guid":{"rendered":"https:\/\/deportodos.com.ar\/2023\/?p=873"},"modified":"2024-02-22T21:45:33","modified_gmt":"2024-02-22T21:45:33","slug":"concluye-la-ronda-clasificatoria","status":"publish","type":"post","link":"https:\/\/deportodos.com.ar\/2023\/concluye-la-ronda-clasificatoria\/","title":{"rendered":"CONCLUYE LA RONDA CLASIFICATORIA"},"content":{"rendered":"\n<p>Este fin de semana se disputar\u00e1 la sexta jornada de la Copa Entre R\u00edos, fecha con la cual se dar\u00e1 cierre a la fase clasificatoria.<\/p>\n\n\n\n<p>Con el desarrollo de veintitr\u00e9s encuentros, se definir\u00e1n los diecinueve cupos restantes para completar el cuadro de dieciseisavos de final.<\/p>\n\n\n\n<p>A diferencia de lo ocurrido en fechas anteriores, en esta oportunidad la actividad estar\u00e1 mayormente concentrada en el d\u00eda s\u00e1bado, d\u00eda en el que se desarrollar\u00e1n quince juegos. El resto, se disputar\u00e1 entre viernes y domingo, con dos y seis encuentros respectivamente.<\/p>\n\n\n\n<p>Asimismo, desde el Departamento Arbitral ya han sido designados los responsables de impartir justicia en cada uno de los juegos de la fecha.<\/p>\n\n\n\n<p>La Copa Entre R\u00edos \u201cArgentina Campe\u00f3n del Mundo\u201d, que cuenta con el apoyo del Banco de Entre R\u00edos y la Comisi\u00f3n Administradora del R\u00edo Uruguay, tendr\u00e1 as\u00ed su cap\u00edtulo definitorio en cuanto a la conformaci\u00f3n del cuadro de 16vos. de final, con el cual proseguir\u00e1 la competencia.<\/p>\n\n\n\n<p>En definitiva, la fecha de cierre se disputar\u00e1 con el siguiente cronograma:<\/p>\n\n\n\n<p><em>Zona 1<\/em><\/p>\n\n\n\n<p><strong>Ministerio (Paran\u00e1) \u2013 Sarmiento (Crespo)<\/strong><\/p>\n\n\n\n<p>S\u00e1bado 24\/2 \u2013 17.30 hs. Cancha de Ministerio<\/p>\n\n\n\n<p>\u00c1rbitro: Emanuel Yedro<\/p>\n\n\n\n<p><strong>Atl\u00e9tico Diamantino \u2013 Don Bosco (Paran\u00e1)<\/strong><\/p>\n\n\n\n<p>S\u00e1bado 24\/2 \u2013 18 hs. Cancha de Atl\u00e9tico Diamantino<\/p>\n\n\n\n<p>\u00c1rbitro: Brian Godoy<\/p>\n\n\n\n<hr class=\"wp-block-separator has-alpha-channel-opacity\"\/>\n\n\n\n<p><em>Zona 2<\/em><\/p>\n\n\n\n<p><strong>Malvinas (LP) \u2013 Hip\u00f3lito Yrigoyen (SE)<\/strong><\/p>\n\n\n\n<p>S\u00e1bado 24\/2 \u2013 17.30 hs. Cancha de Patronato<\/p>\n\n\n\n<p>\u00c1rbitro: Alexis Caisso<\/p>\n\n\n\n<p><strong>Santa Marta (SE) \u2013 Caball\u00fa (LP)<\/strong><\/p>\n\n\n\n<p>S\u00e1bado 24\/2 \u2013 17 hs. Cancha de Camba Cu\u00e1<\/p>\n\n\n\n<p>\u00c1rbitro: Santiago Folmer<\/p>\n\n\n\n<hr class=\"wp-block-separator has-alpha-channel-opacity\"\/>\n\n\n\n<p><em>Zona 3<\/em><\/p>\n\n\n\n<p><strong>Pe\u00f1arol (Paran\u00e1) \u2013 Defensores del Oeste (BB)<\/strong><\/p>\n\n\n\n<p>S\u00e1bado 24\/2 \u2013 18 hs. Cancha de Pe\u00f1arol<\/p>\n\n\n\n<p>\u00c1rbitro: Maximiliano Clauss<\/p>\n\n\n\n<p><strong>Uni\u00f3n (Crespo) \u2013 Ramsar Jrs. (BB)<\/strong><\/p>\n\n\n\n<p>Domingo 25\/2 \u2013 20.30 hs. Cancha de Uni\u00f3n<\/p>\n\n\n\n<p>\u00c1rbitro: Guido C\u00f3rdoba<\/p>\n\n\n\n<hr class=\"wp-block-separator has-alpha-channel-opacity\"\/>\n\n\n\n<p><em>Zona 4<\/em><\/p>\n\n\n\n<p><strong>Deportivo Tabossi \u2013 Atl\u00e9tico Oro Verde<\/strong><\/p>\n\n\n\n<p>S\u00e1bado 24\/2 \u2013 17.30 hs. Cancha de Deportivo Tabossi<\/p>\n\n\n\n<p>\u00c1rbitro: Gonzalo Cabrol<\/p>\n\n\n\n<p><strong>Patronato (Paran\u00e1) \u2013 Cultural (Crespo)<\/strong><\/p>\n\n\n\n<p>S\u00e1bado 24\/2 \u2013 17.30 hs. Cancha Predio La Capillita<\/p>\n\n\n\n<p>\u00c1rbitro: Rodrigo Garcilano<\/p>\n\n\n\n<hr class=\"wp-block-separator has-alpha-channel-opacity\"\/>\n\n\n\n<p><em>Zona 5<\/em><\/p>\n\n\n\n<p><strong>Hurac\u00e1n (Victoria) \u2013 Libertad (Gualeguay)<\/strong><\/p>\n\n\n\n<p>Domingo 25\/2 \u2013 17.15 hs. Cancha de Hurac\u00e1n<\/p>\n\n\n\n<p>\u00c1rbitro: Alejandro Leiva<\/p>\n\n\n\n<p><strong>Roma (Ram\u00edrez) \u2013 Gualeguay Central<\/strong><\/p>\n\n\n\n<p>Domingo 25\/2 \u2013 19 hs. Cancha de Roma<\/p>\n\n\n\n<p>\u00c1rbitro: Maximiliano Dur\u00e1n<\/p>\n\n\n\n<hr class=\"wp-block-separator has-alpha-channel-opacity\"\/>\n\n\n\n<p><em>Zona 6<\/em><\/p>\n\n\n\n<p><strong>Pe\u00f1arol (BB) \u2013 Atl\u00e9tico Maci\u00e1<\/strong><\/p>\n\n\n\n<p>S\u00e1bado 24\/2 \u2013 17.30 hs. Cancha de Pe\u00f1arol<\/p>\n\n\n\n<p>\u00c1rbitro: Edgardo Teles<\/p>\n\n\n\n<p><strong>Sociedad Sportiva (Gualeguay) \u2013 Sarmiento (Gualeguaych\u00fa)<\/strong><\/p>\n\n\n\n<p>S\u00e1bado 24\/2 \u2013 18 hs. Cancha de Sociedad Sportiva<\/p>\n\n\n\n<p>\u00c1rbitro: Miguel Mendieta<\/p>\n\n\n\n<hr class=\"wp-block-separator has-alpha-channel-opacity\"\/>\n\n\n\n<p><em>Zona 7<\/em><\/p>\n\n\n\n<p><strong>Lan\u00fas (CdU) \u2013 San Jos\u00e9<\/strong><\/p>\n\n\n\n<p>S\u00e1bado 24\/2 \u2013 17 hs. Cancha de Rivadavia<\/p>\n\n\n\n<p>\u00c1rbitro: Diego Antonietti<\/p>\n\n\n\n<p><strong>Deportivo Urdinarrain \u2013 Uni\u00f3n y Recreo (San Justo)<\/strong><\/p>\n\n\n\n<p>S\u00e1bado 24\/2 \u2013 20.30 hs. Cancha de Deportivo Urdinarrain<\/p>\n\n\n\n<p>\u00c1rbitro: Lautaro Casta\u00f1ola<\/p>\n\n\n\n<hr class=\"wp-block-separator has-alpha-channel-opacity\"\/>\n\n\n\n<p><em>Zona 8<\/em><\/p>\n\n\n\n<p><strong>Rivadavia (CdU) \u2013 Central Entrerriano (Gch\u00fa.)<\/strong><\/p>\n\n\n\n<p>Viernes 23\/2 \u2013 20.30 hs. Cancha de Rivadavia<\/p>\n\n\n\n<p>\u00c1rbitro: Jorge Monroy<\/p>\n\n\n\n<p><strong>Juventud Urdinarrain \u2013 Atl\u00e9tico Basavilbaso<\/strong><\/p>\n\n\n\n<p>Viernes 23\/2 \u2013 21 hs. Cancha de Juventud Urdinarrain<\/p>\n\n\n\n<p>\u00c1rbitro: Emanuel Roma\u00f1ana<\/p>\n\n\n\n<hr class=\"wp-block-separator has-alpha-channel-opacity\"\/>\n\n\n\n<p><em>Zona 9<\/em><\/p>\n\n\n\n<p><strong>Gimnasia (CdU) \u2013 Mart\u00edn Fierro (Maci\u00e1)<\/strong><\/p>\n\n\n\n<p>Domingo 25\/2 \u2013 20 hs. Cancha de Gimnasia<\/p>\n\n\n\n<p>\u00c1rbitro: Lautaro Pralong<\/p>\n\n\n\n<p><strong>Deportivo San Marcial \u2013 Atl\u00e9tico Colonia El\u00eda<\/strong><\/p>\n\n\n\n<p>Domingo 25\/2 \u2013 17 hs. Cancha de San Marcial<\/p>\n\n\n\n<p>\u00c1rbitro: Hern\u00e1n Collazo<\/p>\n\n\n\n<hr class=\"wp-block-separator has-alpha-channel-opacity\"\/>\n\n\n\n<p><em>Zona 10<\/em><\/p>\n\n\n\n<p><strong>Independiente (VdR) \u2013 Libertad (Cdia.)<\/strong><\/p>\n\n\n\n<p>Domingo 25\/2 \u2013 20.30 hs. Cancha de Independiente<\/p>\n\n\n\n<p>\u00c1rbitro: Sebasti\u00e1n L\u00f3pez<\/p>\n\n\n\n<p><strong>Colegiales (Cdia.) \u2013 San Jorge (VE)<\/strong><\/p>\n\n\n\n<p>S\u00e1bado 24\/2 \u2013 20.30 hs. Cancha Municipal<\/p>\n\n\n\n<p>\u00c1rbitro: Dar\u00edo \u00c1valos<\/p>\n\n\n\n<hr class=\"wp-block-separator has-alpha-channel-opacity\"\/>\n\n\n\n<p><em>Zona 11<\/em><\/p>\n\n\n\n<p><strong>Real Concordia \u2013 Juventud Unida (GC)<\/strong><\/p>\n\n\n\n<p>S\u00e1bado 24\/2 \u2013 18 hs. Cancha de Libertad<\/p>\n\n\n\n<p>\u00c1rbitro: Miguel Sanguinetti<\/p>\n\n\n\n<p><strong>Almafuerte (Federaci\u00f3n) \u2013 Santa Mar\u00eda de Oro (Cdia.)<\/strong><\/p>\n\n\n\n<p>S\u00e1bado 24\/2 \u2013 18 hs. Cancha de Cosmos<\/p>\n\n\n\n<p>\u00c1rbitro: Jorge B\u00e1ez<\/p>\n\n\n\n<hr class=\"wp-block-separator has-alpha-channel-opacity\"\/>\n\n\n\n<p><em>Zona 12<\/em><\/p>\n\n\n\n<p><strong>Victoria (Cdia.) \u2013 Juventud (Feliciano)<\/strong><\/p>\n\n\n\n<p>S\u00e1bado 24\/2 \u2013 14 hs. Cancha de Victoria<\/p>\n\n\n\n<p>\u00c1rbitro: Mario Ben\u00edtez<\/p>\n\n\n\n<p>Libre: Talleres (Federal)<\/p>\n\n\n\n<p>Fotograf\u00eda: Rub\u00e9n Jaime<\/p>\n\n\n\n<p><a target=\"_blank\" href=\"https:\/\/federacionentrerrianadefutbol.org.ar\/concluye-la-ronda-clasificatoria\/?fbclid=IwAR30klWeBMWfoJUJYfPf0wUuuxaC15fCM0SZXaXPZyunf0DsV1YIhK1R3ow#\" rel=\"noreferrer noopener\"><\/a><a target=\"_blank\" href=\"https:\/\/api.whatsapp.com\/send?text=https%3A%2F%2Ffederacionentrerrianadefutbol.org.ar%2Fconcluye-la-ronda-clasificatoria%2F\" rel=\"noreferrer noopener\"><\/a><a target=\"_blank\" href=\"https:\/\/telegram.me\/share\/url?url=https%3A%2F%2Ffederacionentrerrianadefutbol.org.ar%2Fconcluye-la-ronda-clasificatoria%2F&amp;text=Concluye+la+ronda+clasificatoria\" rel=\"noreferrer noopener\"><\/a><a target=\"_blank\" href=\"https:\/\/federacionentrerrianadefutbol.org.ar\/concluye-la-ronda-clasificatoria\/?fbclid=IwAR30klWeBMWfoJUJYfPf0wUuuxaC15fCM0SZXaXPZyunf0DsV1YIhK1R3ow#\" rel=\"noreferrer noopener\"><\/a><\/p>\n\n\n\n<p><a href=\"https:\/\/federacionentrerrianadefutbol.org.ar\/boletin-del-htd\/\"><\/a><\/p>\n","protected":false},"excerpt":{"rendered":"<p>Este fin de semana se disputar\u00e1 la sexta jornada de la Copa Entre R\u00edos, fecha&#8230;<\/p>\n","protected":false},"author":2,"featured_media":874,"comment_status":"open","ping_status":"open","sticky":false,"template":"","format":"standard","meta":{"footnotes":""},"categories":[36],"tags":[],"class_list":["post-873","post","type-post","status-publish","format-standard","has-post-thumbnail","hentry","category-futbol"],"featured_image_urls":{"full":["https:\/\/deportodos.com.ar\/2023\/wp-content\/uploads\/2024\/02\/IMG-20240222-WA0034.jpg",1006,635,false],"thumbnail":["https:\/\/deportodos.com.ar\/2023\/wp-content\/uploads\/2024\/02\/IMG-20240222-WA0034-150x150.jpg",150,150,true],"medium":["https:\/\/deportodos.com.ar\/2023\/wp-content\/uploads\/2024\/02\/IMG-20240222-WA0034-300x189.jpg",300,189,true],"medium_large":["https:\/\/deportodos.com.ar\/2023\/wp-content\/uploads\/2024\/02\/IMG-20240222-WA0034-768x485.jpg",640,404,true],"large":["https:\/\/deportodos.com.ar\/2023\/wp-content\/uploads\/2024\/02\/IMG-20240222-WA0034.jpg",640,404,false],"1536x1536":["https:\/\/deportodos.com.ar\/2023\/wp-content\/uploads\/2024\/02\/IMG-20240222-WA0034.jpg",1006,635,false],"2048x2048":["https:\/\/deportodos.com.ar\/2023\/wp-content\/uploads\/2024\/02\/IMG-20240222-WA0034.jpg",1006,635,false],"covernews-featured":["https:\/\/deportodos.com.ar\/2023\/wp-content\/uploads\/2024\/02\/IMG-20240222-WA0034.jpg",1006,635,false],"covernews-medium":["https:\/\/deportodos.com.ar\/2023\/wp-content\/uploads\/2024\/02\/IMG-20240222-WA0034-540x340.jpg",540,340,true]},"author_info":{"display_name":"c2530142","author_link":"https:\/\/deportodos.com.ar\/2023\/author\/c2530142\/"},"category_info":"<a href=\"https:\/\/deportodos.com.ar\/2023\/category\/futbol\/\" rel=\"category tag\">Futbol<\/a>","tag_info":"Futbol","comment_count":"0","_links":{"self":[{"href":"https:\/\/deportodos.com.ar\/2023\/wp-json\/wp\/v2\/posts\/873","targetHints":{"allow":["GET"]}}],"collection":[{"href":"https:\/\/deportodos.com.ar\/2023\/wp-json\/wp\/v2\/posts"}],"about":[{"href":"https:\/\/deportodos.com.ar\/2023\/wp-json\/wp\/v2\/types\/post"}],"author":[{"embeddable":true,"href":"https:\/\/deportodos.com.ar\/2023\/wp-json\/wp\/v2\/users\/2"}],"replies":[{"embeddable":true,"href":"https:\/\/deportodos.com.ar\/2023\/wp-json\/wp\/v2\/comments?post=873"}],"version-history":[{"count":1,"href":"https:\/\/deportodos.com.ar\/2023\/wp-json\/wp\/v2\/posts\/873\/revisions"}],"predecessor-version":[{"id":875,"href":"https:\/\/deportodos.com.ar\/2023\/wp-json\/wp\/v2\/posts\/873\/revisions\/875"}],"wp:featuredmedia":[{"embeddable":true,"href":"https:\/\/deportodos.com.ar\/2023\/wp-json\/wp\/v2\/media\/874"}],"wp:attachment":[{"href":"https:\/\/deportodos.com.ar\/2023\/wp-json\/wp\/v2\/media?parent=873"}],"wp:term":[{"taxonomy":"category","embeddable":true,"href":"https:\/\/deportodos.com.ar\/2023\/wp-json\/wp\/v2\/categories?post=873"},{"taxonomy":"post_tag","embeddable":true,"href":"https:\/\/deportodos.com.ar\/2023\/wp-json\/wp\/v2\/tags?post=873"}],"curies":[{"name":"wp","href":"https:\/\/api.w.org\/{rel}","templated":true}]}}